{"id":727452,"date":"2026-08-23T20:54:21","date_gmt":"2026-08-23T20:54:21","guid":{"rendered":"https:\/\/www.europesays.com\/es\/727452\/"},"modified":"2026-08-23T20:54:21","modified_gmt":"2026-08-23T20:54:21","slug":"roban-parte-de-la-decoracion-de-pinpilinpauxa-en-la-primera-noche-de-aste-nagusia","status":"publish","type":"post","link":"https:\/\/www.europesays.com\/es\/727452\/","title":{"rendered":"Roban parte de la decoraci\u00f3n de Pinpilinpauxa en la primera noche de Aste Nagusia"},"content":{"rendered":"<p>\n        La cara m\u00e1s amarga de la primera noche de la <a href=\"https:\/\/www.deia.eus\/bizkaia\/aste-nagusia\/\" title=\"Aste Nagusia\" class=\"link copy\" rel=\"nofollow noopener\" target=\"_blank\">Aste Nagusia<\/a> se dej\u00f3 sentir de madrugada en <a href=\"https:\/\/www.deia.eus\/tags\/el-arenal\/\" title=\"El Arenal\" class=\"link copy\" rel=\"nofollow noopener\" target=\"_blank\">El Arenal<\/a>. La emblem\u00e1tica txosna de Pinpilinpauxa, que este a\u00f1o destaca por su espectacular ambientaci\u00f3n de discoteca ochentera con las figuras de &#8216;Pimpi People&#8217;, sufri\u00f3 diversos <strong>actos de vandalismo de baja intensidad y peque\u00f1os robos que da\u00f1aron algunas de las estructuras artesanales de su fachada. <\/strong>\n<\/p>\n<p class=\"article-body__text \">\n        La decoraci\u00f3n de las txosnas no es un elemento inerte o de mero adorno; es un organismo vivo que evoluciona y muta a lo largo de los nueve d\u00edas de fiesta. En el lateral de <a href=\"https:\/\/www.deia.eus\/tags\/pinpilinpauxa\/\" title=\"Pinpilinpauxa\" class=\"link copy\" rel=\"nofollow noopener\" target=\"_blank\">Pinpilinpauxa<\/a>, por ejemplo, los paneles se actualizan diariamente para anunciar las actuaciones musicales de la noche y junto a estos carteles est\u00e1 dibujada una la cola de acceso a la discoteca, dond<strong>e sus personajes contaban con elementos de adorno muy llamativos de bola de discoteca o ropa decorada con peque\u00f1os espejos. Y es contaban y no cuentan, porque desde anoche ya no los tienen. <\/strong>\n<\/p>\n<p class=\"article-body__text \">\n        Julia Toja, veterana colaboradora de la comparsa que ha dedicado incontables tardes desde principios del mes de julio a confeccionar, pintar y ensamblar a mano los personajes, pon\u00eda voz al sentir del colectivo tras encontrarse con los destrozos a primera hora de la ma\u00f1ana.<strong> \u00abDa rabia porque da mucho trabajo y ya la primera noche se lo llevan<\/strong>\u00ab, explicaba a este peri\u00f3dico. Los autores del hurto centraron sus esfuerzos en llevarse los detalles m\u00e1s vistosos y accesibles de las figuras tridimensionales: en concreto, <strong>robaron los pendientes de las figuras que simulaban llamativas bolas de discoteca, as\u00ed como los peque\u00f1os cristales brillantes que decoraban primorosamente la vestimenta de otro de los personajes dibujados en los paneles de la entrada.<\/strong>\n<\/p>\n<p>  La mariposa se salva gracias a la previsi\u00f3n<\/p>\n<p class=\"article-body__text \">\n        Afortunadamente, no todo el decorado corri\u00f3 la misma suerte. El gran s\u00edmbolo de la comparsa, su m\u00edtica mariposa, logr\u00f3 salvarse gracias a una brillante muestra de anticipaci\u00f3n por parte de los propios comparseros. Temiendo precisamente que ocurriera un percance de estas caracter\u00edsticas durante las aglomeraciones nocturnas<strong>, decidieron curarse en salud durante la semana de montaje y colocar las atractivas bolas de las antenas en el punto m\u00e1s alto <\/strong>posible de la estructura.\n<\/p>\n<p class=\"article-body__text \">\n        La propia Julia Toja recordaba, con su caracter\u00edstico humor, la frase que pronunciaron antes del chupinazo al elevar el adorno: <strong>\u00abPara robarlas necesitar\u00e1n escalera, eso ya ser\u00eda muy descarado\u00bb. El tiempo y el incivismo de la primera noche les han acabado dando la raz\u00f3n de forma casi prof\u00e9tica.<\/strong>\n<\/p>\n<p class=\"article-body__text \">\n        A pesar del mal trago de ver da\u00f1ado el minucioso trabajo de meses, se proponen ahora reparar los desperfectos de inmediato y continuar con las celebraciones con la mejor de las sonrisas. <strong>\u00abAhora lo arreglaremos y a seguir la fiesta\u00bb<\/strong>, zanjaba con determinaci\u00f3n y optimismo la comparsera.<\/p>\n","protected":false},"excerpt":{"rendered":"La cara m\u00e1s amarga de la primera noche de la Aste Nagusia se dej\u00f3 sentir de madrugada en&hellip;\n","protected":false},"author":2,"featured_media":727453,"comment_status":"","ping_status":"","sticky":false,"template":"","format":"standard","meta":{"footnotes":""},"categories":[91],"tags":[8372,146,147,25,24,863,23902,1078,7422,23],"class_list":["post-727452","post","type-post","status-publish","format-standard","has-post-thumbnail","category-entretenimiento","tag-decoracion","tag-entertainment","tag-entretenimiento","tag-es","tag-espana","tag-parte","tag-pinpilinpauxa","tag-primera","tag-roban","tag-spain"],"share_on_mastodon":{"url":"https:\/\/pubeurope.com\/@es\/117146816789392176","error":""},"_links":{"self":[{"href":"https:\/\/www.europesays.com\/es\/wp-json\/wp\/v2\/posts\/727452","targetHints":{"allow":["GET"]}}],"collection":[{"href":"https:\/\/www.europesays.com\/es\/wp-json\/wp\/v2\/posts"}],"about":[{"href":"https:\/\/www.europesays.com\/es\/wp-json\/wp\/v2\/types\/post"}],"author":[{"embeddable":true,"href":"https:\/\/www.europesays.com\/es\/wp-json\/wp\/v2\/users\/2"}],"replies":[{"embeddable":true,"href":"https:\/\/www.europesays.com\/es\/wp-json\/wp\/v2\/comments?post=727452"}],"version-history":[{"count":0,"href":"https:\/\/www.europesays.com\/es\/wp-json\/wp\/v2\/posts\/727452\/revisions"}],"wp:featuredmedia":[{"embeddable":true,"href":"https:\/\/www.europesays.com\/es\/wp-json\/wp\/v2\/media\/727453"}],"wp:attachment":[{"href":"https:\/\/www.europesays.com\/es\/wp-json\/wp\/v2\/media?parent=727452"}],"wp:term":[{"taxonomy":"category","embeddable":true,"href":"https:\/\/www.europesays.com\/es\/wp-json\/wp\/v2\/categories?post=727452"},{"taxonomy":"post_tag","embeddable":true,"href":"https:\/\/www.europesays.com\/es\/wp-json\/wp\/v2\/tags?post=727452"}],"curies":[{"name":"wp","href":"https:\/\/api.w.org\/{rel}","templated":true}]}}