{"id":727494,"date":"2026-08-23T21:30:09","date_gmt":"2026-08-23T21:30:09","guid":{"rendered":"https:\/\/www.europesays.com\/es\/727494\/"},"modified":"2026-08-23T21:30:09","modified_gmt":"2026-08-23T21:30:09","slug":"amine-noua-sigue-ganando-peso-con-francia","status":"publish","type":"post","link":"https:\/\/www.europesays.com\/es\/727494\/","title":{"rendered":"Amine Noua sigue ganando peso con Francia"},"content":{"rendered":"<p class=\"ft-text\"><a class=\"ft-link ft-link--decoration\" href=\"https:\/\/www.laopiniondemalaga.es\/unicaja\/2026\/08\/21\/amine-noua-brilla-francia-serbia-ibon-navarro-belgrado-unicaja-fichaje-133537686.html\" rel=\"nofollow noopener\" target=\"_blank\">Amine Noua contin\u00faa aprovechando sus oportunidades con la selecci\u00f3n francesa<\/a> y volvi\u00f3 a ofrecer una actuaci\u00f3n s\u00f3lida ante Serbia. <a class=\"ft-link ft-link--decoration\" href=\"https:\/\/www.laopiniondemalaga.es\/unicaja\/2026\/08\/23\/unicaja-pina-feria-malaga-133585137.html\" rel=\"nofollow noopener\" target=\"_blank\">El nuevo jugador del Unicaja <\/a>roz\u00f3 el doble-doble en el segundo amistoso entre ambos combinados, con <strong>9 puntos, 9 rebotes y 11 de valoraci\u00f3n<\/strong> en la victoria gala por 91-90.<\/p>\n<p class=\"ft-text\">El ala-p\u00edvot cajista volvi\u00f3 a tener un papel importante dentro de la rotaci\u00f3n de Francia. Disput\u00f3 <strong>29 minutos<\/strong>, siendo el jugador m\u00e1s utilizado por el seleccionador Fr\u00e9d\u00e9ric Fauthoux, y complet\u00f3 su actuaci\u00f3n con un 3\/4 en tiros de dos, 1\/4 en triples y 0\/2 desde el tiro libre.<\/p>\n<p class=\"ft-text\">El encuentro volvi\u00f3 a estar marcado por la igualdad y se decidi\u00f3 en los \u00faltimos segundos gracias a una canasta de <strong>Jalyn Hoard<\/strong>, jugador del Maccabi Tel Aviv. Noua aport\u00f3 especialmente en el rebote, con nueve capturas, y confirm\u00f3 las buenas sensaciones que ya hab\u00eda dejado en el primer duelo ante Serbia.<\/p>\n<p>De m\u00e1ximo anotador a jugador completo<\/p>\n<p class=\"ft-text\">El nuevo jugador del Unicaja ya hab\u00eda sido protagonista en el anterior amistoso disputado en Belgrado, donde termin\u00f3 con <strong>14 puntos<\/strong> y fue el m\u00e1ximo anotador de Francia. En esta ocasi\u00f3n redujo su producci\u00f3n ofensiva, pero compens\u00f3 con una notable aportaci\u00f3n en otras facetas del juego.<\/p>\n<p class=\"ft-text\">A su lado, <strong>Victor Wembanyama<\/strong> termin\u00f3 con 18 puntos y cinco rebotes, mientras que <strong>Nikola Jokic<\/strong> volvi\u00f3 a demostrar su dominio con 34 puntos, 13 rebotes, cinco asistencias y 34 de valoraci\u00f3n.<\/p>\n<p class=\"ft-text\">Para Noua, estos dos encuentros suponen<strong> una importante dosis de confianza<\/strong> antes de afrontar la competici\u00f3n oficial. El interior franc\u00e9s est\u00e1 teniendo minutos y responsabilidad en una selecci\u00f3n de primer nivel, una experiencia que puede ser especialmente positiva de cara a su llegada a M\u00e1laga.<\/p>\n<p>Un refuerzo que todav\u00eda espera al Unicaja<\/p>\n<p class=\"ft-text\">La presencia de Noua con Francia ha impedido que pueda integrarse desde el comienzo en la pretemporada del <strong>Unicaja<\/strong>. El jugador, de 29 a\u00f1os, apenas tuvo unas horas en M\u00e1laga antes de incorporarse a la concentraci\u00f3n francesa el pasado fin de semana.<\/p>\n<p class=\"ft-text\">El club malague\u00f1o ha apostado por \u00e9l para las dos pr\u00f3ximas temporadas despu\u00e9s de una buena campa\u00f1a en el <strong>Aris de Sal\u00f3nica<\/strong>. Antes, <strong>Noua dej\u00f3 una importante huella en Granada,<\/strong> donde lleg\u00f3 incluso a aparecer en las quinielas por el MVP de la ACB.<\/p>\n<p>El fuego real, cada vez m\u00e1s cerca<\/p>\n<p class=\"ft-text\">Francia afrontar\u00e1 ahora sus primeros compromisos oficiales. El pr\u00f3ximo jueves se estrenar\u00e1 ante <strong>Eslovenia<\/strong> y posteriormente viajar\u00e1 a Estocolmo para enfrentarse a Suecia, donde estar\u00e1 <strong>Melwin Pantzar<\/strong>, otro jugador vinculado al Unicaja.<\/p>\n<p class=\"ft-text\">Ser\u00e1 entonces cuando Noua tenga que confirmar las buenas sensaciones ofrecidas durante estos amistosos y comprobar cu\u00e1l ser\u00e1 su papel definitivo dentro de la rotaci\u00f3n francesa. Mientras tanto, en M\u00e1laga siguen con atenci\u00f3n sus actuaciones: <strong>el nuevo fichaje cajista est\u00e1 demostrando que llega al Unicaja con ritmo, <\/strong>confianza y capacidad para aportar en diferentes facetas del juego.<\/p>\n","protected":false},"excerpt":{"rendered":"Amine Noua contin\u00faa aprovechando sus oportunidades con la selecci\u00f3n francesa y volvi\u00f3 a ofrecer una actuaci\u00f3n s\u00f3lida ante&hellip;\n","protected":false},"author":2,"featured_media":727495,"comment_status":"","ping_status":"","sticky":false,"template":"","format":"standard","meta":{"footnotes":""},"categories":[269],"tags":[123725,299,298,168,25,24,317,41820,123726,1262,23,167,2246],"class_list":["post-727494","post","type-post","status-publish","format-standard","has-post-thumbnail","category-baloncesto","tag-amine","tag-baloncesto","tag-basketball","tag-deportes","tag-es","tag-espana","tag-francia","tag-ganando","tag-noua","tag-sigue","tag-spain","tag-sports","tag-unicaja"],"share_on_mastodon":{"url":"https:\/\/pubeurope.com\/@es\/117146958538666250","error":""},"_links":{"self":[{"href":"https:\/\/www.europesays.com\/es\/wp-json\/wp\/v2\/posts\/727494","targetHints":{"allow":["GET"]}}],"collection":[{"href":"https:\/\/www.europesays.com\/es\/wp-json\/wp\/v2\/posts"}],"about":[{"href":"https:\/\/www.europesays.com\/es\/wp-json\/wp\/v2\/types\/post"}],"author":[{"embeddable":true,"href":"https:\/\/www.europesays.com\/es\/wp-json\/wp\/v2\/users\/2"}],"replies":[{"embeddable":true,"href":"https:\/\/www.europesays.com\/es\/wp-json\/wp\/v2\/comments?post=727494"}],"version-history":[{"count":0,"href":"https:\/\/www.europesays.com\/es\/wp-json\/wp\/v2\/posts\/727494\/revisions"}],"wp:featuredmedia":[{"embeddable":true,"href":"https:\/\/www.europesays.com\/es\/wp-json\/wp\/v2\/media\/727495"}],"wp:attachment":[{"href":"https:\/\/www.europesays.com\/es\/wp-json\/wp\/v2\/media?parent=727494"}],"wp:term":[{"taxonomy":"category","embeddable":true,"href":"https:\/\/www.europesays.com\/es\/wp-json\/wp\/v2\/categories?post=727494"},{"taxonomy":"post_tag","embeddable":true,"href":"https:\/\/www.europesays.com\/es\/wp-json\/wp\/v2\/tags?post=727494"}],"curies":[{"name":"wp","href":"https:\/\/api.w.org\/{rel}","templated":true}]}}