{"id":727750,"date":"2026-08-24T01:23:20","date_gmt":"2026-08-24T01:23:20","guid":{"rendered":"https:\/\/www.europesays.com\/es\/727750\/"},"modified":"2026-08-24T01:23:20","modified_gmt":"2026-08-24T01:23:20","slug":"la-vuelta-se-falta-el-respeto-con-erola-jons","status":"publish","type":"post","link":"https:\/\/www.europesays.com\/es\/727750\/","title":{"rendered":"La Vuelta se falta el respeto con Erola Jons"},"content":{"rendered":"<p data-path-to-node=\"0\">Pocas veces la Vuelta a Espa\u00f1a ha conseguido encender los \u00e1nimos de todo el mundo\u00a0 de forma tan un\u00e1nime, en el mismo punto del mapa y exactamente por los mismos motivos.<\/p>\n<p data-path-to-node=\"0\">La salida desde M\u00f3naco, un marco que deb\u00eda ser un escaparate de prestigio y elegancia para la carrera, ha quedado tristemente empa\u00f1ada por una decisi\u00f3n de marketing que roza el esperpento.<\/p>\n<p data-path-to-node=\"0\"><strong> Resulta comprensible que el departamento de comunicaci\u00f3n se deje seducir por el brillo superficial de los millones de seguidores<\/strong> que ostentan ciertos creadores de contenido, pero es muy dif\u00edcil de digerir que nadie en la organizaci\u00f3n anticipara el desastre que supon\u00eda meter a una figura como Erola Jons en el coraz\u00f3n organizativo del evento.<\/p>\n<p><a class=\"wppaslink\" href=\"https:\/\/joanseguidor.com\/pas\/ccmm-valenciana\/44016\/0\" target=\"_blank\" rel=\"nofollow noopener\"><img decoding=\"async\" src=\"data:image\/svg+xml,%3Csvg%20xmlns=\" http:=\"\" alt=\"CCMM Valenciana\" border=\"0\" data-lazy-src=\"https:\/\/www.europesays.com\/es\/wp-content\/uploads\/2026\/08\/1787534594_346_anunci-generic-bla-1-1024x120-px-v3-02.jpg\"\/><\/a><\/p>\n<p data-path-to-node=\"1\">La imagen de esta creadora de contenido acosando sin ning\u00fan tipo de filtro ni educaci\u00f3n a Tadej Pogacar en el propio autob\u00fas de la carrera, cambi\u00e1ndose, justo tras el esfuerzo de la competici\u00f3n, cruza todas las l\u00edneas del respeto.<\/p>\n<p><a href=\" https:\/\/aralleida.cat\/es\/\" target=\"_blank\" rel=\"noopener\"><img loading=\"lazy\" decoding=\"async\" class=\"aligncenter wp-image-70055 size-full\" src=\"data:image\/svg+xml,%3Csvg%20xmlns=\" http:=\"\" alt=\"\" width=\"1600\" height=\"200\" data-lazy- data-lazy- data-lazy-src=\"https:\/\/www.europesays.com\/es\/wp-content\/uploads\/2026\/08\/1787534596_631_aralleida-baner-1600x200-llavorsi-es.jpg\"\/><\/a><\/p>\n<p><a href=\"https:\/\/tiendafinisher.com\/\" rel=\"nofollow noopener\" target=\"_blank\"><img loading=\"lazy\" decoding=\"async\" class=\"aligncenter wp-image-69986 size-full\" src=\"data:image\/svg+xml,%3Csvg%20xmlns=\" http:=\"\" alt=\"\" width=\"1024\" height=\"300\" data-lazy- data-lazy- data-lazy-src=\"https:\/\/www.europesays.com\/es\/wp-content\/uploads\/2026\/08\/1787534597_862_finisher-ekp-1024x300jpg-1.jpeg\"\/><\/a><\/p>\n<p data-path-to-node=\"1\"><strong>Ver c\u00f3mo se trata a los auxiliares, mec\u00e1nicos y profesionales de la carrera<\/strong> \u2014gente que trabaja a destajo en un ambiente de alt\u00edsima tensi\u00f3n\u2014 como si fueran comparsas de un v\u00eddeo de bromas callejeras genera un rechazo inmediato.<\/p>\n<p data-path-to-node=\"1\"><strong>No hay gracia ni frescura en invadir espacios de trabajo para buscar la provocaci\u00f3n barata<\/strong>; solo hay una falta absoluta de consideraci\u00f3n hacia quienes sostienen el espect\u00e1culo sobre sus espaldas.<\/p>\n<p data-path-to-node=\"2\">Lo m\u00e1s doloroso de este episodio es el da\u00f1o la propia Vuelta se hace a s\u00ed misma.<\/p>\n<p data-path-to-node=\"2\">La carrera cuenta con el mejor deportista del mundo en la l\u00ednea de salida luciendo de inicio los colores de la prueba en un escenario vistoso con una expectaci\u00f3n que excede lo deportivo.<\/p>\n<p data-path-to-node=\"2\">En lugar de aprovechar semejante contexto para divulgar las historias humanas del pelot\u00f3n, la log\u00edstica fascinante de una gran ronda, la gastronom\u00eda local o la cultura del ciclismo, <strong>la organizaci\u00f3n prefiri\u00f3 apostar por el ruido zafio y forzado<\/strong>.<\/p>\n<p data-path-to-node=\"2\">Es una muestra flagrante de c\u00f3mo la propia direcci\u00f3n resta seriedad a su producto estrella.<\/p>\n<p data-path-to-node=\"3\"><strong>Alguien en la c\u00fapula tendr\u00e1 que\u00a0 dar explicaciones<\/strong>, tanto a ls patrocinadores hist\u00f3ricos de la carrera como a los propios mecenas monegascos, porque los aficionados ya han dado su verecito.<\/p>\n<p data-path-to-node=\"3\">Permitir que alguien entorpezca el trabajo de los profesionales en zonas de acceso restringido solo degrada la imagen del evento.<\/p>\n<p data-path-to-node=\"3\"><strong><a href=\"https:\/\/www.grancanaria.com\/turismo\/es\/naturaleza\/deportes-de-montana\/ciclismo\/\" rel=\"nofollow noopener\" target=\"_blank\"><img loading=\"lazy\" decoding=\"async\" class=\"aligncenter size-full wp-image-68757\" src=\"data:image\/svg+xml,%3Csvg%20xmlns=\" http:=\"\" alt=\"\" width=\"300\" height=\"300\" data-lazy- data-lazy- data-lazy-src=\"https:\/\/www.europesays.com\/es\/wp-content\/uploads\/2026\/08\/1787534599_429_tgc-banner-joan-400x400-2.jpg\"\/><\/a><\/strong><\/p>\n<p data-path-to-node=\"3\">Si la promesa es aguantar este show durante las tres semanas de competici\u00f3n, el camino se va a hacer largo para todo aquel que exige el respeto que la carrera parece haber olvidado.<\/p>\n<p data-path-to-node=\"3\">Imagen: Toni Baixauli<\/p>\n<p data-path-to-node=\"3\"><strong><a href=\"https:\/\/www.dtswiss.com\/es\/ruedas\/ruedas-carretera\/aero\/arc-1100-dicut-db\" rel=\"nofollow noopener\" target=\"_blank\"><img loading=\"lazy\" decoding=\"async\" class=\"aligncenter wp-image-69569 size-full\" src=\"data:image\/svg+xml,%3Csvg%20xmlns=\" http:=\"\" alt=\"\" width=\"1024\" height=\"140\" data-lazy- data-lazy- data-lazy-src=\"https:\/\/www.europesays.com\/es\/wp-content\/uploads\/2026\/08\/1787534600_88_joanseguidor-1024x140px-es-erc1100-1.png\"\/><\/a><\/strong><\/p>\n","protected":false},"excerpt":{"rendered":"Pocas veces la Vuelta a Espa\u00f1a ha conseguido encender los \u00e1nimos de todo el mundo\u00a0 de forma tan&hellip;\n","protected":false},"author":2,"featured_media":727751,"comment_status":"","ping_status":"","sticky":false,"template":"","format":"standard","meta":{"footnotes":""},"categories":[273],"tags":[313,312,168,25,24,2548,23,167,10568],"class_list":["post-727750","post","type-post","status-publish","format-standard","has-post-thumbnail","category-ciclismo","tag-ciclismo","tag-cycling","tag-deportes","tag-es","tag-espana","tag-featured","tag-spain","tag-sports","tag-vueltaespana"],"share_on_mastodon":{"url":"https:\/\/pubeurope.com\/@es\/117147874461422022","error":""},"_links":{"self":[{"href":"https:\/\/www.europesays.com\/es\/wp-json\/wp\/v2\/posts\/727750","targetHints":{"allow":["GET"]}}],"collection":[{"href":"https:\/\/www.europesays.com\/es\/wp-json\/wp\/v2\/posts"}],"about":[{"href":"https:\/\/www.europesays.com\/es\/wp-json\/wp\/v2\/types\/post"}],"author":[{"embeddable":true,"href":"https:\/\/www.europesays.com\/es\/wp-json\/wp\/v2\/users\/2"}],"replies":[{"embeddable":true,"href":"https:\/\/www.europesays.com\/es\/wp-json\/wp\/v2\/comments?post=727750"}],"version-history":[{"count":0,"href":"https:\/\/www.europesays.com\/es\/wp-json\/wp\/v2\/posts\/727750\/revisions"}],"wp:featuredmedia":[{"embeddable":true,"href":"https:\/\/www.europesays.com\/es\/wp-json\/wp\/v2\/media\/727751"}],"wp:attachment":[{"href":"https:\/\/www.europesays.com\/es\/wp-json\/wp\/v2\/media?parent=727750"}],"wp:term":[{"taxonomy":"category","embeddable":true,"href":"https:\/\/www.europesays.com\/es\/wp-json\/wp\/v2\/categories?post=727750"},{"taxonomy":"post_tag","embeddable":true,"href":"https:\/\/www.europesays.com\/es\/wp-json\/wp\/v2\/tags?post=727750"}],"curies":[{"name":"wp","href":"https:\/\/api.w.org\/{rel}","templated":true}]}}