{"id":72778,"date":"2025-08-26T06:08:09","date_gmt":"2025-08-26T06:08:09","guid":{"rendered":"https:\/\/www.europesays.com\/es\/72778\/"},"modified":"2025-08-26T06:08:09","modified_gmt":"2025-08-26T06:08:09","slug":"gaudu-va-en-serio-en-la-vuelta-a-espana-ciclismo-deportes","status":"publish","type":"post","link":"https:\/\/www.europesays.com\/es\/72778\/","title":{"rendered":"Gaudu va en serio en la Vuelta a Espa\u00f1a | Ciclismo | Deportes"},"content":{"rendered":"<p class=\"\">Quiz\u00e1 el franc\u00e9s David Gaudu, de explosi\u00f3n tard\u00eda, no entraba en muchas quinielas porque su mejor puesto en una grande fue en el Tour 2022 (4\u00ba).<a href=\"https:\/\/elpais.com\/deportes\/2021-04-10\/roglic-antologico-se-lleva-la-itzulia-y-gaudu-gana-en-arrate.html\" target=\"_blank\" rel=\"noreferrer nofollow noopener\" title=\"https:\/\/elpais.com\/deportes\/2021-04-10\/roglic-antologico-se-lleva-la-itzulia-y-gaudu-gana-en-arrate.html\"> No le ayudaba un curr\u00edculo de grandes actuaciones, aunque puntuales<\/a>. Tampoco su idilio perdido con los micros de los medios de comunicaci\u00f3n, aunque cualquiera puede encontrarle en su canal de Twitch, donde discute sobre videojuegos o tiene conversaciones alrededor del deporte. Y si hay algo que repite es que se madura cuando se puede, que cada uno tiene sus tiempos. <a href=\"https:\/\/elpais.com\/deportes\/2020-10-31\/gaudu-le-gana-a-soler-el-duelo-de-la-generacion-perdida.html\" target=\"_blank\" rel=\"noreferrer nofollow noopener\" title=\"https:\/\/elpais.com\/deportes\/2020-10-31\/gaudu-le-gana-a-soler-el-duelo-de-la-generacion-perdida.html\">\u00c9l siempre defendi\u00f3 que su mejor versi\u00f3n ser\u00eda con 28 a\u00f1os<\/a>. Los que tiene ahora. Y, seg\u00fan explica en esta Vuelta, podr\u00eda tener raz\u00f3n.<\/p>\n<p class=\"\"><a href=\"https:\/\/elpais.com\/deportes\/ciclismo\/2025-08-24\/vingegaard-es-la-ley-en-la-vuelta-a-espana.html\" target=\"_blank\" rel=\"noreferrer nofollow noopener\" title=\"https:\/\/elpais.com\/deportes\/ciclismo\/2025-08-24\/vingegaard-es-la-ley-en-la-vuelta-a-espana.html\">Tercero en la etapa anterior<\/a>, Gaudu se laure\u00f3 en Ceres, capaz de ganar a un especialista como Pedersen, que se qued\u00f3 sin aire y con las ganas en las \u00faltimas pedaladas. Advertidos quedan los dem\u00e1s, un Ciccone que se ir\u00e1 de Italia sin triunfo que festejar, tambi\u00e9n un Vingegaard que, todav\u00eda l\u00edder, le aguant\u00f3 el pulso hasta las \u00faltimas pedaladas. <\/p>\n<p class=\"\">Despuntaba el sol de buena ma\u00f1ana y ya estaba todo preparado en San Maurizio Canavese, tierra de ciclismo con la figura de Giovanni Brunero, que fue el primero en vencer por tres ocasiones el Giro (1921, 1922 y 1926), quiz\u00e1 un antih\u00e9roe porque era parco en palabras, lejos de las estridencias de su rival Girardengo o de la belleza de Belloni, el \u00eddolo del p\u00fablico femenino. Pero para San Maurizio no hay otro igual, entregados ahora, sin embargo, a Ciccone, de nuevo envuelto en un ba\u00f1o de masas al salir del autob\u00fas. <\/p>\n<p>M\u00e1s informaci\u00f3n<\/p>\n<p class=\"\">Sucedi\u00f3, en cualquier caso, que el inicio de la etapa fue accidentado, pues Ra\u00fal Garc\u00eda Pierna pinch\u00f3 en las primeras rodadas y el coche gu\u00eda no se apart\u00f3 hasta que cogi\u00f3 al grupo, igualdad de condiciones para todos. Por entonces, ya hab\u00eda varios que se mord\u00edan las u\u00f1as, ansiosos por entrar en la fuga. Quinn (EF), Verre (Ark\u00e9a), Van Boven (Intermarch\u00e9) y Gamper (Jayco) abrieron brecha, hasta donde lleguen las piernas, hasta donde quiera el pelot\u00f3n. Ese que comandaba Vingegaard con su maillot rojo, el primero tras 27 amarillos en el Tour, doble ganador de la carrera (2022 y 2023).<\/p>\n<p class=\"\">Cumpli\u00f3 Verre con su parte de retener el maillot de lunares, aceler\u00f3n en el puerto intercalado de la etapa que solo Quinn aguant\u00f3. Dos contra el mundo \u2014que se qued\u00f3 solo en Quinn tras la monta\u00f1a\u2014, guerra perdida a falta de 19 kil\u00f3metros. <a href=\"https:\/\/elpais.com\/deportes\/ciclismo\/2025-08-23\/la-vuelta-a-espana-una-historia-con-acento-italiano.html\" target=\"_blank\" rel=\"noreferrer nofollow noopener\" title=\"https:\/\/elpais.com\/deportes\/ciclismo\/2025-08-23\/la-vuelta-a-espana-una-historia-con-acento-italiano.html\">As\u00ed, entrados en los Alpes Grayos, la carretera se estrech\u00f3<\/a>, acompa\u00f1ada de pueblecitos desperdigados con casas de piedra y repletas de aficionados que, apostados en los balcones, agitaban las banderas de Italia y hasta alguna Ikurri\u00f1a. El resto aguardaba en el bar de turno, animados de buena ma\u00f1ana porque festejaban el paso de la caravana de la Vuelta, gritos de aprobaci\u00f3n tras el sonar de los cl\u00e1xones.<\/p>\n<p class=\"\">Y fue justo ah\u00ed, en esos \u00faltimos kil\u00f3metros, donde se libr\u00f3 la batalla. La carretera, de curvas, limitaba con un peque\u00f1o muro de piedra y muchos \u00e1rboles que hac\u00edan de frontera con la v\u00eda del tren, tambi\u00e9n con el r\u00edo Stura di Lanzo. Paisaje bello que ali\u00f1aron los corredores, algunos ya descolgados del pelot\u00f3n, otros en plena faena. Pocos como el Visma, <a href=\"https:\/\/elpais.com\/deportes\/ciclismo\/2025-08-22\/sin-el-gran-pogacar-roglic-o-evenepoel-la-vuelta-esta-hecha-a-la-medida-de-vingegaard.html\" target=\"_blank\" rel=\"noreferrer nofollow noopener\" title=\"https:\/\/elpais.com\/deportes\/ciclismo\/2025-08-22\/sin-el-gran-pogacar-roglic-o-evenepoel-la-vuelta-esta-hecha-a-la-medida-de-vingegaard.html\">que cogi\u00f3 posiciones para que Vingegaard controlara a todos<\/a>, adem\u00e1s de para evitar posibles ca\u00eddas y disputar el sprint. Funcion\u00f3. <\/p>\n<p class=\"\">Porque Ciccone y Aular se quedaron sin gas; porque el resto se qued\u00f3 atr\u00e1s, sin opci\u00f3n alguna; y porque por delante solo qued\u00f3 Pedersen, que empuj\u00f3 y empuj\u00f3 sin premio, adem\u00e1s de un Gaudu al que no pudo echarle el lazo. Y, aunque sigue a su sombra en la general, Vingegaard ya sabe que el franc\u00e9s va en serio.<\/p>\n<p>\n        Etapas    <\/p>\n<ul class=\"stages\">\n<li>\n                                    <a href=\"https:\/\/elpais.com\/deportes\/ciclismo\/2025-08-23\/las-grandes-vueltas-empiezan-despues-del-triunfo-de-philipsen.html\" rel=\"nofollow noopener\" target=\"_blank\"><br \/>\n                                    <\/a><\/p>\n<tr>\n<td>\n                                1\n                            <\/td>\n<td>\n                                                            <img decoding=\"async\" title=\"TITLE_SPORT_EVENT_TYPE_MIXED\" loading=\"lazy\" class=\"s-inb icon\" src=\"https:\/\/as01.epimg.net\/img\/live-events\/iconset\/ciclismo\/half-hilly-stage.svg\" width=\"20\" height=\"20\"\/><\/p>\n<\/td>\n<td>\n<p>Torino &#8211; Novara<\/p>\n<p>                                                                        <img decoding=\"async\" title=\"B\u00e9lgica\" loading=\"lazy\" class=\"in-team-logo\" src=\"https:\/\/static.prisa.com\/aside\/resizer\/resize\/img\/common\/countries\/bel.svg\" width=\"18\" height=\"12\" img=\"\"\/><\/p>\n<p>                                            Jasper Philipsen<br \/>\n                                            ADC<\/p>\n<\/td>\n<td>\n<p class=\"km\">186 Km<\/p>\n<p class=\"date\">S\u00e1b. 23-Agosto<\/p>\n<\/td>\n<\/tr>\n<\/li>\n<li>\n                                    <a href=\"https:\/\/elpais.com\/deportes\/resultados\/ciclismo\/vuelta_espana\/2025\/directo\/regular-a-2-681b4e13073c650\/\" rel=\"nofollow noopener\" target=\"_blank\"><br \/>\n                                    <\/a><\/p>\n<tr>\n<td>\n                                2\n                            <\/td>\n<td>\n                                                            <img decoding=\"async\" title=\"TITLE_SPORT_EVENT_TYPE_MOUNTAIN\" loading=\"lazy\" class=\"s-inb icon\" src=\"https:\/\/as01.epimg.net\/img\/live-events\/iconset\/ciclismo\/hilly-stage.svg\" width=\"20\" height=\"20\"\/><\/p>\n<\/td>\n<td>\n<p>Alba &#8211; Puerto Limone<\/p>\n<p>                                                                        <img decoding=\"async\" title=\"Dinamarca\" loading=\"lazy\" class=\"in-team-logo\" src=\"https:\/\/static.prisa.com\/aside\/resizer\/resize\/img\/common\/countries\/den.svg\" width=\"18\" height=\"12\" img=\"\"\/><\/p>\n<p>                                            Jonas Vingegaard<br \/>\n                                            TVL<\/p>\n<\/td>\n<td>\n<p class=\"km\">159 Km<\/p>\n<p class=\"date\">Dom. 24-Agosto<\/p>\n<\/td>\n<\/tr>\n<\/li>\n<li>\n                                    <a href=\"https:\/\/elpais.com\/deportes\/resultados\/ciclismo\/vuelta_espana\/2025\/directo\/regular-a-3-681b4e13073c739\/\" rel=\"nofollow noopener\" target=\"_blank\"><br \/>\n                                    <\/a><\/p>\n<tr>\n<td>\n                                3\n                            <\/td>\n<td>\n                                                            <img decoding=\"async\" title=\"TITLE_SPORT_EVENT_TYPE_MOUNTAIN\" loading=\"lazy\" class=\"s-inb icon\" src=\"https:\/\/as01.epimg.net\/img\/live-events\/iconset\/ciclismo\/hilly-stage.svg\" width=\"20\" height=\"20\"\/><\/p>\n<\/td>\n<td>\n<p>San Maurizio Canavese &#8211; Ceres<\/p>\n<p>                                                                        <img decoding=\"async\" title=\"Francia\" loading=\"lazy\" class=\"in-team-logo\" src=\"https:\/\/static.prisa.com\/aside\/resizer\/resize\/img\/common\/countries\/fra.svg\" width=\"18\" height=\"12\" img=\"\"\/><\/p>\n<p>                                            David Gaudu<br \/>\n                                            CGF<\/p>\n<\/td>\n<td>\n<p class=\"km\">134 Km<\/p>\n<p class=\"date\">Lun. 25-Agosto<\/p>\n<\/td>\n<\/tr>\n<\/li>\n<li>\n<tr>\n<td>\n                                4\n                            <\/td>\n<td>\n                                                            <img decoding=\"async\" title=\"TITLE_SPORT_EVENT_TYPE_MOUNTAIN\" loading=\"lazy\" class=\"s-inb icon\" src=\"https:\/\/as01.epimg.net\/img\/live-events\/iconset\/ciclismo\/hilly-stage.svg\" width=\"20\" height=\"20\"\/><\/p>\n<\/td>\n<td>\n<p>Susa &#8211; Voiron<\/p>\n<\/td>\n<td>\n<p class=\"km\">206 Km<\/p>\n<p class=\"date\">Mar. 26-Agosto<\/p>\n<\/td>\n<\/tr>\n<\/li>\n<li>\n<tr>\n<td>\n                                5\n                            <\/td>\n<td>\n                                                            <img decoding=\"async\" title=\"TITLE_SPORT_EVENT_TYPE_TEAM_TIME_TRIAL\" loading=\"lazy\" class=\"s-inb icon\" src=\"https:\/\/as01.epimg.net\/img\/live-events\/iconset\/ciclismo\/crono-stage.svg\" width=\"20\" height=\"20\"\/><\/p>\n<\/td>\n<td>\n<p>Figueres &#8211; Figueres<\/p>\n<\/td>\n<td>\n<p class=\"km\">24 Km<\/p>\n<p class=\"date\">Mi\u00e9. 27-Agosto<\/p>\n<\/td>\n<\/tr>\n<\/li>\n<\/ul>\n","protected":false},"excerpt":{"rendered":"Quiz\u00e1 el franc\u00e9s David Gaudu, de explosi\u00f3n tard\u00eda, no entraba en muchas quinielas porque su mejor puesto en&hellip;\n","protected":false},"author":2,"featured_media":72779,"comment_status":"","ping_status":"","sticky":false,"template":"","format":"standard","meta":{"footnotes":""},"categories":[273],"tags":[2839,313,2838,1540,312,168,25,24,28448,13492,8660,23,167,325,7603],"class_list":{"0":"post-72778","1":"post","2":"type-post","3":"status-publish","4":"format-standard","5":"has-post-thumbnail","7":"category-ciclismo","8":"tag-carreras-ciclistas","9":"tag-ciclismo","10":"tag-ciclistas","11":"tag-competiciones","12":"tag-cycling","13":"tag-deportes","14":"tag-es","15":"tag-espana","16":"tag-gaudu","17":"tag-giulio-ciccone","18":"tag-movistar-team","19":"tag-spain","20":"tag-sports","21":"tag-vingegaard","22":"tag-vuelta-espana"},"share_on_mastodon":{"url":"","error":""},"_links":{"self":[{"href":"https:\/\/www.europesays.com\/es\/wp-json\/wp\/v2\/posts\/72778","targetHints":{"allow":["GET"]}}],"collection":[{"href":"https:\/\/www.europesays.com\/es\/wp-json\/wp\/v2\/posts"}],"about":[{"href":"https:\/\/www.europesays.com\/es\/wp-json\/wp\/v2\/types\/post"}],"author":[{"embeddable":true,"href":"https:\/\/www.europesays.com\/es\/wp-json\/wp\/v2\/users\/2"}],"replies":[{"embeddable":true,"href":"https:\/\/www.europesays.com\/es\/wp-json\/wp\/v2\/comments?post=72778"}],"version-history":[{"count":0,"href":"https:\/\/www.europesays.com\/es\/wp-json\/wp\/v2\/posts\/72778\/revisions"}],"wp:featuredmedia":[{"embeddable":true,"href":"https:\/\/www.europesays.com\/es\/wp-json\/wp\/v2\/media\/72779"}],"wp:attachment":[{"href":"https:\/\/www.europesays.com\/es\/wp-json\/wp\/v2\/media?parent=72778"}],"wp:term":[{"taxonomy":"category","embeddable":true,"href":"https:\/\/www.europesays.com\/es\/wp-json\/wp\/v2\/categories?post=72778"},{"taxonomy":"post_tag","embeddable":true,"href":"https:\/\/www.europesays.com\/es\/wp-json\/wp\/v2\/tags?post=72778"}],"curies":[{"name":"wp","href":"https:\/\/api.w.org\/{rel}","templated":true}]}}