{"id":72788,"date":"2025-08-26T06:13:14","date_gmt":"2025-08-26T06:13:14","guid":{"rendered":"https:\/\/www.europesays.com\/es\/72788\/"},"modified":"2025-08-26T06:13:14","modified_gmt":"2025-08-26T06:13:14","slug":"guadix-estrena-un-centro-de-arte-contemporaneo-en-el-palacio-del-primer-gobernador-de-la-ciudad","status":"publish","type":"post","link":"https:\/\/www.europesays.com\/es\/72788\/","title":{"rendered":"Guadix estrena un centro de arte contempor\u00e1neo en el palacio del primer gobernador de la ciudad"},"content":{"rendered":"<p><a class=\"v-mdl-ath__fig-a\" href=\"https:\/\/www.ideal.es\/autor\/jorge-pastor-400.html\" title=\"Jorge Pastor\" rel=\"nofollow noopener\" target=\"_blank\"><br \/>\n<img decoding=\"async\" class=\"v-mdl-ath__img\" src=\"https:\/\/www.europesays.com\/es\/wp-content\/uploads\/2025\/08\/autor-400-foto-4.jpeg\" alt=\"Jorge Pastor\"\/><br \/>\n<\/a><\/p>\n<p class=\"v-mdl-ath__p v-mdl-ath__p--6\">\nLunes, 25 de agosto 2025, 23:31<\/p>\n<p class=\"v-p\">Guadix, uno de los pueblos m\u00e1s bellos de Andaluc\u00eda, tiene una visita por m\u00faltiples motivos. Por su paisaje marciano, porque hay tres mil casas cueva horadadas en los cerros de arcilla, por su catedral renacentista y por su vast\u00edsimo patrimonio. Y ah\u00ed, en una casa del barrio de Santa Ana, con evidencias de que ya estuvo ocupada en el siglo XII, Mari \u00c1ngeles L\u00e1zaro acaba de inaugurar un centro de arte contempor\u00e1neo que acoger\u00e1 exposiciones, conciertos, teatro y cine, y tambi\u00e9n un espacio para la interpretaci\u00f3n de su obra, presente en toda Espa\u00f1a. <\/p>\n<p class=\"v-p\">Este nuevo equipamiento cultural, que ha supuesto hasta ahora una inversi\u00f3n de 600.000 euros, ha iniciado su singladura con una interesante propuesta en la que la artista no solo muestra algunas de sus creaciones de aluminio, sino que tambi\u00e9n hace part\u00edcipe al p\u00fablico. L\u00e1zaro imparte unos peque\u00f1os talleres para que los propios espectadores hagan sus piezas con este material. <\/p>\n<p><img decoding=\"async\" loading=\"lazy\" src=\"https:\/\/www.europesays.com\/es\/wp-content\/uploads\/2025\/08\/centro_arte_fenoy (3)-kIhD-U2302733021096vUD-650x455@Ideal.jpg\" class=\"v-a-img\" width=\"650\" height=\"455\" alt=\"L\u00e1zaro explicando la exposici\u00f3n a algunos visitantes del Guil Cultural Contempor\u00e1neo.\" data-voc-vtm-id=\"in-text-traffic\"\/><\/p>\n<p>L\u00e1zaro explicando la exposici\u00f3n a algunos visitantes del Guil Cultural Contempor\u00e1neo.<\/p>\n<p>JOS\u00c9 FENOY<\/p>\n<p><img loading=\"lazy\" decoding=\"async\" src=\"https:\/\/www.europesays.com\/es\/wp-content\/uploads\/2025\/08\/centro_arte_fenoy (3)-kIhD-U23027330210968YH-1920x1344@Ideal.jpg\" class=\"v-mdl__img-z\" width=\"1920\" height=\"1344\" alt=\"\"\/><\/p>\n<p class=\"v-p\">Guil Cultural Contempor\u00e1neo, que as\u00ed se llama la &#8216;criatura&#8217;, es relevante por el continente y por el contenido.Por el continente porque estamos hablando del caser\u00f3n donde vivi\u00f3 Hern\u00e1n Valle de Palacios, primer gobernador de Guadix y secretario personal del rey Al Zagal, hermano de Muley Hacen que huy\u00f3 a Guadix tras ser derrocado por su sobrino Boabdil. \u00abEs el \u00fanico palacio morisco que se ha salvado\u00bb, indica Mari \u00c1ngeles L\u00e1zaro, quien insiste en que uno de sus grandes empe\u00f1os es demostrar que la recuperaci\u00f3n de este tipo de construcciones puede ser un motor de desarrollo m\u00e1s all\u00e1 de los r\u00e9ditos del turismo y de otro tipo de actividades.<\/p>\n<p><img decoding=\"async\" loading=\"lazy\" src=\"https:\/\/www.europesays.com\/es\/wp-content\/uploads\/2025\/08\/centro_arte_fenoy (1)-kIhD-U2302733021096wOB-650x455@Ideal.jpg\" class=\"v-a-img\" width=\"650\" height=\"455\" alt=\"Espacio que se dedicar\u00e1 a centro de interpretaci\u00f3n de la escultura.\" data-voc-vtm-id=\"in-text-traffic\"\/><\/p>\n<p>Espacio que se dedicar\u00e1 a centro de interpretaci\u00f3n de la escultura.<\/p>\n<p>JOS\u00c9 FENOY<\/p>\n<p><img loading=\"lazy\" decoding=\"async\" src=\"https:\/\/www.europesays.com\/es\/wp-content\/uploads\/2025\/08\/centro_arte_fenoy (1)-kIhD-U2302733021096PkC-1920x1344@Ideal.jpg\" class=\"v-mdl__img-z\" width=\"1920\" height=\"1344\" alt=\"\"\/><\/p>\n<p class=\"v-p\">De ah\u00ed que este proyecto, que se inici\u00f3 realmente hace m\u00e1s de dos d\u00e9cadas a ra\u00edz de una serie de desprendimientos, contemple como prioridad la rehabilitaci\u00f3n de elementos de inter\u00e9s arqueol\u00f3gico que ahora han quedado integrados en el nuevo inmueble. Sin lugar a dudas, otro atractivo m\u00e1s de este Guil Cultural Contempor\u00e1neo. Podemos ver zapatas, arcos, artesonados, puertas y un pozo anteriores incluso al siglo XV, cuando habit\u00f3 este lugar Hern\u00e1n Valle de Palacios. \u00abEstamos intentando intervenir en las policrom\u00edas de un techo del siglo XII que quedaron pr\u00e1cticamente destruidas debido a un incendio, pero de las que siguen existiendo sus huellas\u00bb, explica L\u00e1zaro Guil. Tambi\u00e9n se ha conservado toda la estructura, incluida la torre que contaba con un singular tejado a dos aguas.<\/p>\n<p class=\"v-p\">El Guil Cultural Contempor\u00e1neo, que se halla en placeta de Pachecos, en pleno casco hist\u00f3rico de Guadix, se distribuye fundamentalmente en dos grandes zonas que abarcan un total de unos seiscientos metros cuadrados. La planta baja es la que acoger\u00e1 todo tipo de acontecimientos.Recientemente, por ejemplo, ha tenido lugar una actuaci\u00f3n de guitarra a cargo de Juan Carlos de Guadix y el cantante &#8216;guadiforniano&#8217;Damon Robinson. Asistieron m\u00e1s de un centenar de personas. \u00abPor la disposici\u00f3n del patio, que evoca a los antiguos corrales de comedias, es ideal para representaciones teatrales de peque\u00f1o formato\u00bb, asegura.<\/p>\n<p>Un centro vivo<\/p>\n<p class=\"v-p\">Y es que la intenci\u00f3n es que Guil Cultural Contempor\u00e1neo tenga vida, que est\u00e9 abierto a los colectivos y a los creadores. Para ello se ofrece como &#8216;amigo&#8217; para asociaciones que tengan mucho que aportar en el mundo del arte y la cultura, en sus diferentes manifestaciones.<\/p>\n<p class=\"v-p\">En el piso superior se localizar\u00e1n una serie de dependencias en las que la propia Mari \u00c1ngeles L\u00e1zaro mostrar\u00e1 su forma de trabajar, con especial atenci\u00f3n a los procedimientos y las t\u00e9cnicas que se emplean en la escultura.Los visitantes podr\u00e1n conocer, a trav\u00e9s de un cuidado montaje audiovisual, c\u00f3mo fue el proceso de reconstrucci\u00f3n de la Piedad, realizado por L\u00e1zaro Guil, que se puede ver en la Catedral de Guadix. Se trata de una talla realizada en m\u00e1rmol de Carrara, reproducida de la original de Miguel \u00c1ngel mediante un sistema de puntos y que qued\u00f3 destruida durante la Guerra Civil. Es una imagen \u00fanica en Espa\u00f1a.<\/p>\n<p>\nEl proyecto ha incluido la recuperaci\u00f3n e integraci\u00f3n de elementos datados incluso en el siglo XII\n<\/p>\n<p class=\"v-p\">Los interesados tambi\u00e9n se podr\u00e1n aproximar a lo &#8216;abstracto&#8217; a trav\u00e9s de la escultura El Vuelo, que ocupa un lugar central en Guil Cultural Contempor\u00e1neo y que muta en seis figuras conforme se eleva el punto de visi\u00f3n.<\/p>\n<p>El centro ya ha abierto sus puertas.<\/p>\n<p>JOS\u00c9 FENOY<\/p>\n<p><img decoding=\"async\" loading=\"lazy\" src=\"https:\/\/www.europesays.com\/es\/wp-content\/uploads\/2025\/08\/centro_arte_fenoy (6)-kIhD--1200x841@Ideal.jpg\" class=\"v-mdl__img-z\" width=\"1200\" height=\"841\" alt=\"Imagen principal - El centro ya ha abierto sus puertas. \"\/><\/p>\n<p><img decoding=\"async\" loading=\"lazy\" src=\"https:\/\/www.europesays.com\/es\/wp-content\/uploads\/2025\/08\/centro_arte_fenoy (4)-kIhD--1200x851@Ideal.jpg\" class=\"v-mdl__img-z\" width=\"1200\" height=\"851\" alt=\"Imagen secundaria 1 - El centro ya ha abierto sus puertas. \"\/><\/p>\n<p><img decoding=\"async\" loading=\"lazy\" src=\"https:\/\/www.europesays.com\/es\/wp-content\/uploads\/2025\/08\/centro_arte_fenoy (7)-kIhD--711x841@Ideal.jpg\" class=\"v-mdl__img-z\" width=\"711\" height=\"841\" alt=\"Imagen secundaria 2 - El centro ya ha abierto sus puertas. \"\/><\/p>\n<p class=\"v-p\">Mari \u00c1ngeles L\u00e1zaro Guil, autora del monumento a las v\u00edctimas de la huelga de la construcci\u00f3n de 1970, instalado en la Caleta de Granada, naci\u00f3 en Almer\u00eda en 1959, aunque a los cuatro a\u00f1os la familia traslad\u00f3 su residencia a Granada. Frecuentaba desde peque\u00f1a el taller de Paco L\u00f3pez Burgos, un amigo de su padre que tuvo una influencia definitiva en ella. Despu\u00e9s entr\u00f3 en la Escuela de Artes y Oficios de Granada y posteriormente complet\u00f3 su formaci\u00f3n en la Facultad de Bellas Artes.<\/p>\n<p class=\"v-p\">El discurso de la Capitalidad Cultural de Granada en 2031 aboga por la descentralizaci\u00f3n, por la apertura hacia la provincia. El Guil Cultural Contempor\u00e1neo tiene mucho que aportar, sin lugar a dudas. Tan solo a media hora de Granada.<\/p>\n<p>Comenta<\/p>\n<p>Reporta un error<\/p>\n<p class=\"v-crt__t\"> L\u00edmite de sesiones alcanzadas<\/p>\n<p class=\"v-crt__p\">El acceso al contenido Premium est\u00e1 abierto por cortes\u00eda del establecimiento donde te encuentras, pero ahora mismo hay demasiados usuarios conectados a las vez.<\/p>\n<p class=\"v-crt__p\">Por favor, int\u00e9ntalo pasados unos minutos.<\/p>\n<p>\nVolver a intentar\n<\/p>\n<p class=\"v-crt__t\">Sesi\u00f3n cerrada<\/p>\n<p class=\"v-crt__p\">Al iniciar sesi\u00f3n desde un dispositivo distinto, por seguridad, se cerr\u00f3 la \u00faltima sesi\u00f3n en este.<\/p>\n<p class=\"v-crt__p\">Para continuar disfrutando de su suscripci\u00f3n digital, inicie sesi\u00f3n en este dispositivo.<\/p>\n<p>\nEste contenido es exclusivo para suscriptores\n<\/p>\n<p class=\"text\">\u00bfTienes una suscripci\u00f3n? <a href=\"https:\/\/secure.ideal.es\/identidad\/inicio#vca=suscribete&amp;vso=ideal&amp;vmc=on&amp;vli=cdn-ce-link-login\" class=\"login\" data-voc-vtm-id=\"comienzoSuscripcionON\" data-voc-vtm-info=\"cdn-ce-link-login\" rel=\"nofollow noopener\" target=\"_blank\">Inicia sesi\u00f3n<\/a><\/p>\n","protected":false},"excerpt":{"rendered":"Lunes, 25 de agosto 2025, 23:31 Guadix, uno de los pueblos m\u00e1s bellos de Andaluc\u00eda, tiene una visita&hellip;\n","protected":false},"author":2,"featured_media":72789,"comment_status":"","ping_status":"","sticky":false,"template":"","format":"standard","meta":{"footnotes":""},"categories":[173],"tags":[229,233,231,230,245,777,28653,232,234,146,147,25,24,1719,28654,24621,6481,977,23],"class_list":{"0":"post-72788","1":"post","2":"type-post","3":"status-publish","4":"format-standard","5":"has-post-thumbnail","7":"category-arte-y-diseno","8":"tag-arte","9":"tag-arte-y-diseno","10":"tag-arts","11":"tag-arts-and-design","12":"tag-centro","13":"tag-ciudad","14":"tag-contemporaneo","15":"tag-design","16":"tag-diseno","17":"tag-entertainment","18":"tag-entretenimiento","19":"tag-es","20":"tag-espana","21":"tag-estrena","22":"tag-gobernador","23":"tag-guadix","24":"tag-palacio","25":"tag-primer","26":"tag-spain"},"share_on_mastodon":{"url":"","error":""},"_links":{"self":[{"href":"https:\/\/www.europesays.com\/es\/wp-json\/wp\/v2\/posts\/72788","targetHints":{"allow":["GET"]}}],"collection":[{"href":"https:\/\/www.europesays.com\/es\/wp-json\/wp\/v2\/posts"}],"about":[{"href":"https:\/\/www.europesays.com\/es\/wp-json\/wp\/v2\/types\/post"}],"author":[{"embeddable":true,"href":"https:\/\/www.europesays.com\/es\/wp-json\/wp\/v2\/users\/2"}],"replies":[{"embeddable":true,"href":"https:\/\/www.europesays.com\/es\/wp-json\/wp\/v2\/comments?post=72788"}],"version-history":[{"count":0,"href":"https:\/\/www.europesays.com\/es\/wp-json\/wp\/v2\/posts\/72788\/revisions"}],"wp:featuredmedia":[{"embeddable":true,"href":"https:\/\/www.europesays.com\/es\/wp-json\/wp\/v2\/media\/72789"}],"wp:attachment":[{"href":"https:\/\/www.europesays.com\/es\/wp-json\/wp\/v2\/media?parent=72788"}],"wp:term":[{"taxonomy":"category","embeddable":true,"href":"https:\/\/www.europesays.com\/es\/wp-json\/wp\/v2\/categories?post=72788"},{"taxonomy":"post_tag","embeddable":true,"href":"https:\/\/www.europesays.com\/es\/wp-json\/wp\/v2\/tags?post=72788"}],"curies":[{"name":"wp","href":"https:\/\/api.w.org\/{rel}","templated":true}]}}