{"id":727930,"date":"2026-08-24T04:21:12","date_gmt":"2026-08-24T04:21:12","guid":{"rendered":"https:\/\/www.europesays.com\/es\/727930\/"},"modified":"2026-08-24T04:21:12","modified_gmt":"2026-08-24T04:21:12","slug":"telefonica-tech-aflora-unas-perdidas-de-420-millones-por-el-deterioro-de-sus-filiales-exteriores-empresas","status":"publish","type":"post","link":"https:\/\/www.europesays.com\/es\/727930\/","title":{"rendered":"Telef\u00f3nica Tech aflora unas p\u00e9rdidas de 420 millones por el deterioro de sus filiales exteriores | Empresas"},"content":{"rendered":"<p class=\"\"><a href=\"https:\/\/cincodias.elpais.com\/cincodias\/2022\/05\/06\/extras\/1651845088_893677.html\" rel=\"nofollow noopener\" target=\"_blank\">Telef\u00f3nica Tech, la filial de negocios digitales e innovaci\u00f3n B2B (business to business) de Telef\u00f3nica,<\/a> ha aflorado unas p\u00e9rdidas de 420 millones de euros al cierre de 2025, seg\u00fan las cuentas individuales abreviadas correspondientes al ejercicio 2025 depositadas en el Registro Mercantil a las que ha tenido acceso EL PA\u00cdS\/Cinco D\u00edas.<b> <\/b>Se trata de la primera ocasi\u00f3n en la que se conocen con este nivel de desglose las cuentas anuales completas de Telef\u00f3nica Cybersecurity &amp; Cloud Tech, la principal sociedad operativa y matriz de la divisi\u00f3n tecnol\u00f3gica del grupo. Hasta este momento, la corporaci\u00f3n \u00fanicamente publicaba magnitudes agregadas de ingresos y ebitda (resultado bruto de explotaci\u00f3n) de Tech en sus presentaciones trimestrales de resultados, pero manten\u00eda en la privacidad mercantil los estados financieros detallados de esta filial estrat\u00e9gica.<\/p>\n<p class=\"\">Pese a lo abultados de los n\u00fameros rojos de 2025, un an\u00e1lisis detallado de los estados financieros demuestra que no obedecen a un colapso del negocio operativo, que se ha mostrado s\u00f3lido, sino a un severo saneamiento contable derivado de provisiones y deterioros de valor en participaciones de filiales internacionales, con especial peso en el Reino Unido.<\/p>\n<p class=\"\">De hecho, el resultado negativo de la sociedad se explica casi en su totalidad por ajustes extraordinarios sobre el valor en libros de sus inversiones. Durante el ejercicio 2025, la compa\u00f1\u00eda registr\u00f3 un deterioro en el valor de participaciones en empresas del grupo que ascendi\u00f3 a 356,1 millones de euros. A este importe se le suma una p\u00e9rdida adicional de 29,4 millones de euros derivada de la reclasificaci\u00f3n como \u201cactivos mantenidos para la venta\u201d de sus filiales en Latinoam\u00e9rica (Chile, Colombia y M\u00e9xico).<\/p>\n<p class=\"\"><a href=\"https:\/\/cincodias.elpais.com\/companias\/2026-05-28\/telefonica-y-google-cloud-se-alian-para-lanzar-una-oferta-de-nube-soberana-en-espana.html\" rel=\"nofollow noopener\" target=\"_blank\">Telef\u00f3nica Cybersecurity &amp; Cloud Tech, S.L.U<\/a>. concentra la actividad operativa, las infraestructuras cloud, la ciberseguridad y las compras internacionales del grupo. Esta filial gener\u00f3 unos ingresos de 1.067,4 millones de euros en 2025 y absorbi\u00f3 la totalidad de las p\u00e9rdidas netas de 420 millones de euros vinculadas al saneamiento de activos.<\/p>\n<p class=\"\"><a href=\"https:\/\/cincodias.elpais.com\/companias\/2025-03-06\/murtra-elige-a-emilio-gayo-como-nuevo-numero-dos-de-telefonica.html\" rel=\"nofollow noopener\" target=\"_blank\">Sof\u00eda Collado dirige Telef\u00f3nica Tech desde abril de 2025,<\/a> cuando fue nombrada CEO por el nuevo presidente de Telef\u00f3nica, Marc Murtra, tras su salida de Indra, donde era directora global de Recursos Humanos; ambos hab\u00edan trabajado previamente en Indra, compa\u00f1\u00eda que Murtra presidi\u00f3 antes de llegar a Telef\u00f3nica.<\/p>\n<p>Deterioro de activos <\/p>\n<p class=\"\">El principal impacto financiero proviene de Telef\u00f3nica Tech UK &amp; Ireland. La direcci\u00f3n aplic\u00f3 una correcci\u00f3n valorativa de 282,56 millones de euros sobre esta filial, que se suma al deterioro de 228,33 millones imputado en 2024. La minusval\u00eda acumulada en Reino Unido supera los 510 millones de euros en dos ejercicios. Adicionalmente, la sociedad operativa dot\u00f3 una provisi\u00f3n de 42,41 millones de euros sobre los pr\u00e9stamos concedidos a su filial brit\u00e1nica para financiar su operativa diaria.<\/p>\n<p class=\"\">El proceso de saneamiento afect\u00f3 tambi\u00e9n al grupo Be-terna, activo especializado en servicios de datos en Europa Central, con una reducci\u00f3n de valor de 65,95 millones de euros. En Sudam\u00e9rica, Telef\u00f3nica Cybersecurity &amp; Cloud Tech registr\u00f3 un ajuste de 7,62 millones de euros en su filial de Brasil. Respecto al resto de la regi\u00f3n, la compa\u00f1\u00eda formaliz\u00f3 acuerdos para la venta de sus filiales en Chile, Colombia, M\u00e9xico y Per\u00fa. Las operaciones internacionales suman 385,5 millones de euros en ajustes de valoraci\u00f3n, representando el 92% de las p\u00e9rdidas totales del periodo.<\/p>\n<p class=\"\">El resultado de explotaci\u00f3n se situ\u00f3 en un saldo negativo de 458,95 millones de euros tras el impacto de los extraordinarios. La partida financiera aport\u00f3 23,71 millones de euros positivos, apoyada por la entrada de 25,4 millones de euros en dividendos procedentes de filiales operativas.<\/p>\n<p class=\"\">La actividad comercial reflej\u00f3 un volumen de ingresos concentrado en la propia corporaci\u00f3n. De los 1.067,4 millones de euros facturados por Telef\u00f3nica Cybersecurity &amp; Cloud Tech, un total de 1.061,22 millones correspondi\u00f3 a servicios prestados a otras sociedades del Grupo Telef\u00f3nica. Las provisiones aplicadas responden a un reajuste contable en balance sin implicar salida directa de tesorer\u00eda.<\/p>\n<p class=\"\">Y es que hay que distinguir entre la estructura holding y su filial operativa. La primera, Telef\u00f3nica Tech, S.L.U, act\u00faa exclusivamente como tenedora de acciones del negocio digital. Al no registrar venta directa de servicios a terceros, la cifra de negocios de esta matriz se situ\u00f3 en 3,69 millones de euros por repercusi\u00f3n de costes de gesti\u00f3n, cerrando el ejercicio con un resultado negativo individual de 43,69 millones debido a costes corporativos y financiaci\u00f3n.<\/p>\n<p>Reestructuraci\u00f3n <\/p>\n<p class=\"\">El proceso de reestructuraci\u00f3n corporativa ha incluido el traspaso directo del negocio de soluciones avanzadas a Telef\u00f3nica Cybersecurity &amp; Cloud Tech con el objetivo de unificar la facturaci\u00f3n t\u00e9cnica del grupo. Esta filial operativa asumi\u00f3 la gesti\u00f3n integral de los contratos de licencias de software y plataformas multicloud que anteriormente gestionaba la matriz holding de forma fragmentada. La reorganizaci\u00f3n busca reducir costes administrativos duplicados y consolidar las relaciones con proveedores globales de tecnolog\u00eda como Microsoft, Amazon Web Services y Google Cloud bajo un \u00fanico balance contable.<\/p>\n<p class=\"\">A nivel de balance global, el patrimonio neto de la filial operativa se vio minorado por el montante integral de las dotaciones del ejercicio, situ\u00e1ndose en cifras ajustadas a su capacidad actual de generaci\u00f3n de caja. La direcci\u00f3n descart\u00f3 la necesidad de inyecciones de capital inmediatas o de ampliaciones de cr\u00e9dito por parte de la matriz corporativa para cubrir el resultado negativo, al tratarse de apuntes contables sin efecto directo en la liquidez disponible. La compa\u00f1\u00eda mantiene intacta su capacidad de financiaci\u00f3n operativa mediante las l\u00edneas de cr\u00e9dito sindicadas que gestiona la tesorer\u00eda centralizada del Grupo Telef\u00f3nica.<\/p>\n<p class=\"\">De cara al ejercicio en curso, la estrategia comercial de la sociedad operativa prev\u00e9 un viraje hacia servicios de mayor margen en ciberseguridad gestionada e inteligencia artificial aplicada para clientes corporativos. Tras la salida del per\u00edmetro latinoamericano y la correcci\u00f3n de activos en el mercado anglosaj\u00f3n, la divisi\u00f3n focalizar\u00e1 sus inversiones de capital en la expansi\u00f3n del negocio en Espa\u00f1a y Alemania, mercados donde el volumen de contrataci\u00f3n con administraciones p\u00fablicas y grandes empresas industriales registr\u00f3 un crecimiento sostenido durante el \u00faltimo trimestre.<\/p>\n","protected":false},"excerpt":{"rendered":"Telef\u00f3nica Tech, la filial de negocios digitales e innovaci\u00f3n B2B (business to business) de Telef\u00f3nica, ha aflorado unas&hellip;\n","protected":false},"author":2,"featured_media":727931,"comment_status":"","ping_status":"","sticky":false,"template":"","format":"standard","meta":{"footnotes":""},"categories":[80],"tags":[82,58065,54116,95,94,2308,25,24,8335,10070,23,120,8337,1826],"class_list":["post-727930","post","type-post","status-publish","format-standard","has-post-thumbnail","category-economia","tag-business","tag-computacion-en-nube","tag-cuenta-resultados","tag-economia","tag-economy","tag-empresas","tag-es","tag-espana","tag-marc-murtra","tag-microsoft","tag-spain","tag-tecnologia","tag-telefonia-internet","tag-telefonica"],"share_on_mastodon":{"url":"https:\/\/pubeurope.com\/@es\/117148574548485109","error":""},"_links":{"self":[{"href":"https:\/\/www.europesays.com\/es\/wp-json\/wp\/v2\/posts\/727930","targetHints":{"allow":["GET"]}}],"collection":[{"href":"https:\/\/www.europesays.com\/es\/wp-json\/wp\/v2\/posts"}],"about":[{"href":"https:\/\/www.europesays.com\/es\/wp-json\/wp\/v2\/types\/post"}],"author":[{"embeddable":true,"href":"https:\/\/www.europesays.com\/es\/wp-json\/wp\/v2\/users\/2"}],"replies":[{"embeddable":true,"href":"https:\/\/www.europesays.com\/es\/wp-json\/wp\/v2\/comments?post=727930"}],"version-history":[{"count":0,"href":"https:\/\/www.europesays.com\/es\/wp-json\/wp\/v2\/posts\/727930\/revisions"}],"wp:featuredmedia":[{"embeddable":true,"href":"https:\/\/www.europesays.com\/es\/wp-json\/wp\/v2\/media\/727931"}],"wp:attachment":[{"href":"https:\/\/www.europesays.com\/es\/wp-json\/wp\/v2\/media?parent=727930"}],"wp:term":[{"taxonomy":"category","embeddable":true,"href":"https:\/\/www.europesays.com\/es\/wp-json\/wp\/v2\/categories?post=727930"},{"taxonomy":"post_tag","embeddable":true,"href":"https:\/\/www.europesays.com\/es\/wp-json\/wp\/v2\/tags?post=727930"}],"curies":[{"name":"wp","href":"https:\/\/api.w.org\/{rel}","templated":true}]}}