{"id":727952,"date":"2026-08-24T04:43:17","date_gmt":"2026-08-24T04:43:17","guid":{"rendered":"https:\/\/www.europesays.com\/es\/727952\/"},"modified":"2026-08-24T04:43:17","modified_gmt":"2026-08-24T04:43:17","slug":"las-10-mejores-ofertas-de-hoy-24-de-agosto-en-amazon-hasta-un-47-en-salomon-oral-b-adidas-y-mas","status":"publish","type":"post","link":"https:\/\/www.europesays.com\/es\/727952\/","title":{"rendered":"Las 10 mejores ofertas de hoy (24 de agosto) en Amazon: hasta un 47% en Salomon, Oral-B, adidas y m\u00e1s"},"content":{"rendered":"<p><b>Salomon<\/b> aparece dos veces en el listado de hoy, y <b>adidas<\/b> otras dos. No es un descuido de la selecci\u00f3n: son cuatro productos que comparten logo y no se hacen sombra, porque el nombre de la marca nunca ha sido la decisi\u00f3n. Unas zapatillas son para andar por el monte y las otras para correrlo, una chaqueta abriga en septiembre y una camiseta se repone sin pensar. Los recortes de hoy van desde un 10% hasta casi la mitad del precio, y media compra consiste en saber cu\u00e1l te toca.<\/p>\n<p>Salomon X-Adventure Recon Gore-Tex: las de andar, no las de correr<\/p>\n<p><img decoding=\"async\" src=\"https:\/\/www.europesays.com\/es\/wp-content\/uploads\/2026\/08\/8382129749fe49dd.jpg\" itemprop=\"image\" width=\"100%\" alt=\"\"\/><\/p>\n<p>De las dos Salomon del listado, <b>estas son las de andar<\/b>. Llevan membrana Gore-Tex y suela All Terrain Contagrip, la que sujeta cuando el sendero pasa de tierra seca a piedra mojada sin avisar. La pala combina piel de nobuk con malla, as\u00ed que el pie no viaja dentro de una sauna, y la puntera reforzada cubre justo la zona que primero se destroza en una bajada. Quien las lleva al monte las describe como \u00abexcepcionales para la monta\u00f1a\u00bb, aunque tallan grandes y conviene bajar un n\u00famero. El 42% de recorte las deja en 74,87\u20ac.<\/p>\n<p>Ariel Todo en 1 PODS: 76 lavados que se disuelven en fr\u00edo<\/p>\n<p><img decoding=\"async\" src=\"https:\/\/www.europesays.com\/es\/wp-content\/uploads\/2026\/08\/1927d301a17bd6e7.jpg\" itemprop=\"image\" width=\"100%\" alt=\"\"\/><\/p>\n<p>El n\u00famero que manda en esta oferta es <b>76 lavados<\/b>: los lavados que trae la caja, repartidos en cuatro paquetes de 19 c\u00e1psulas. Se disuelven en agua fr\u00eda, as\u00ed que el programa corto y templado que usa casi todo el mundo entre semana no acaba con media c\u00e1psula sin deshacer en el tambor. La edici\u00f3n Costa Mediterr\u00e1nea es la de brisa marina y jazm\u00edn con toque de Lenor, y ah\u00ed va el aviso: el perfume es intenso, y a quien le moleste el olor fuerte en la ropa reci\u00e9n sacada le va a molestar este. Sale a 20,99\u20ac con un 24% descontado.<\/p>\n<p>adidas Essentials French Terry: el recorte m\u00e1s grande del d\u00eda<\/p>\n<p><img decoding=\"async\" src=\"https:\/\/www.europesays.com\/es\/wp-content\/uploads\/2026\/08\/235517fb63657aec.jpg\" itemprop=\"image\" width=\"100%\" alt=\"\"\/><\/p>\n<p>El 47% cae sobre <b>la prenda m\u00e1s vers\u00e1til de las diez<\/b>: 34,74\u20ac por una chaqueta con capucha de rizo franc\u00e9s, sin el forro afelpado que llevan las sudaderas de invierno. Esa es la diferencia pr\u00e1ctica a finales de agosto, cuando lo que hace falta es algo que sirva a las ocho de la ma\u00f1ana y se pueda atar a la cintura a las doce. Cierra de arriba abajo con cremallera y lleva capucha con cord\u00f3n, con los pu\u00f1os y el bajo acanalados para que la prenda se quede en su sitio. Entre 32 colores y tallas de la XXS a la 5XL, deja fuera a muy poca gente.<\/p>\n<p>Charmline, barbacoa de carb\u00f3n plegable: 8,3 cent\u00edmetros cerrada<\/p>\n<p><img decoding=\"async\" src=\"https:\/\/www.europesays.com\/es\/wp-content\/uploads\/2026\/08\/9da90a512bd3788f.jpg\" itemprop=\"image\" width=\"100%\" alt=\"\"\/><\/p>\n<p><b>Plegada mide 8,3 cent\u00edmetros de grosor<\/b> y viaja de pie en el maletero, dentro de su bolsa de tela, junto a la rueda de repuesto. Abierta son 47&#215;34 cent\u00edmetros, tama\u00f1o para 3 a 5 personas, y llega montada de f\u00e1brica: se despliega y a encender. Se queda en 44,49\u20ac con un 35% menos, y el mejor argumento no est\u00e1 en la ficha t\u00e9cnica sino en una compradora: \u00abmuy contenta, la he utilizado en una semana 7 veces: carne, verduras, pescado, incluso una paella\u00bb. Tambi\u00e9n est\u00e1 en formatos de 35&#215;23 y 39&#215;27 cent\u00edmetros, en negro o verde.<\/p>\n<p>Salomon XA Pro 3D Gore-Tex: la segunda Salomon, y la que corre<\/p>\n<p><img decoding=\"async\" src=\"https:\/\/www.europesays.com\/es\/wp-content\/uploads\/2026\/08\/bb6fa4c673324976.jpg\" itemprop=\"image\" width=\"100%\" alt=\"\"\/><\/p>\n<p>Estas son <b>las otras<\/b>, y cuestan casi el doble que las de senderismo por un motivo que no es la marca: no est\u00e1n hechas para caminar, sino para correr por terreno roto. Las XA Pro 3D son el modelo veterano de la casa, con a\u00f1os de versiones encima y una legi\u00f3n de valoraciones acumuladas, y su gracia sigue estando en el ajuste, que sujeta el pie cuando el apoyo se va de lado en una ra\u00edz. El peso declarado es de 498 gramos, con Gore-Tex tambi\u00e9n aqu\u00ed, y el 24% de rebaja las sit\u00faa en 130,05\u20ac. Si tu plan de domingo es andar, con las de arriba vas servido; si es correr, estas.<\/p>\n<p>adidas Essentials Linear: la camiseta de reponer<\/p>\n<p><img decoding=\"async\" src=\"https:\/\/www.europesays.com\/es\/wp-content\/uploads\/2026\/08\/ef1a0022ca4fab15.jpg\" itemprop=\"image\" width=\"100%\" alt=\"\"\/><\/p>\n<p>Con la segunda adidas toca ser claro: <b>el 10% de rebaja no es el motivo para comprarla<\/b>. Lo es el precio a secas: 13,99\u20ac por una camiseta de corte regular y hombros ligeramente ca\u00eddos, con el gr\u00e1fico lineal de la marca en el pecho. Es la prenda que se compra de dos en dos cuando la del a\u00f1o pasado ya est\u00e1 transparente por la espalda, no la que se espera a que baje de precio.<\/p>\n<p>BOSS Bottled Beyond: frasco recargable y fondo de cuero<\/p>\n<p><img decoding=\"async\" src=\"https:\/\/www.europesays.com\/es\/wp-content\/uploads\/2026\/08\/a01a136fd366ccd2.jpg\" itemprop=\"image\" width=\"100%\" alt=\"\"\/><\/p>\n<p>La salida es <b>jengibre fresco<\/b> y el fondo, <b>cuero<\/b>: una amaderada de las que siguen ah\u00ed a media tarde, no de las que se evaporan camino de la oficina. El detalle que lo separa del resto de la familia Bottled est\u00e1 en el envase, de cristal lacado negro con ribete de doble piel y tap\u00f3n gris plomo, y recargable, de modo que la siguiente compra puede ser solo el l\u00edquido y no otro frasco a la balda. Un 15% lo deja en 67,83\u20ac.<\/p>\n<p>Oral-B Sensitive Clean: diez cabezales, con una excepci\u00f3n importante<\/p>\n<p><img decoding=\"async\" src=\"https:\/\/www.europesays.com\/es\/wp-content\/uploads\/2026\/08\/67d608b10f42ddc5.jpg\" itemprop=\"image\" width=\"100%\" alt=\"\"\/><\/p>\n<p>Antes de nada, <b>la comprobaci\u00f3n que evita una devoluci\u00f3n<\/b>: estos recambios entran en los cepillos recargables de Oral-B, pero no en los iO ni en los Pulsonic. Si tu mango es uno de esos dos, este pack no te sirve. Para todos los dem\u00e1s, son 24,95\u20ac tras un 43% descontado por diez cabezales de filamentos ultrasuaves en forma de X, pensados para enc\u00edas que se resienten con el cepillado fuerte. Cambi\u00e1ndolos cada tres meses, como se recomienda, la caja cubre dos a\u00f1os y medio.<\/p>\n<p>Rain-X Cerami-X: el tratamiento cer\u00e1mico que se pulveriza<\/p>\n<p><img decoding=\"async\" src=\"https:\/\/www.europesays.com\/es\/wp-content\/uploads\/2026\/08\/9c7e259aa52512e4.jpg\" itemprop=\"image\" width=\"100%\" alt=\"\"\/><\/p>\n<p>Se aplica pulverizado sobre carrocer\u00eda, molduras y cromados, y ah\u00ed termina la complicaci\u00f3n: no hay pulidora que manejar ni t\u00e9cnica que aprender. Los <b>pol\u00edmeros HydroShield<\/b> y la <b>tecnolog\u00eda Si-O<\/b> forman la capa que repele agua y suciedad, y seg\u00fan Rain-X aguanta hasta tres meses, con filtro UV para la pintura. Por 10,71\u20ac, un 43% por debajo, los 750 mililitros dan para bastantes pasadas. Conviene situarlo en su sitio: es mantenimiento entre lavados, no el resultado de un pulido en condiciones.<\/p>\n<p>Amazon Basics, mochila cl\u00e1sica: la compra sin ceremonia de septiembre<\/p>\n<p><img decoding=\"async\" src=\"https:\/\/www.europesays.com\/es\/wp-content\/uploads\/2026\/08\/e3bd5aaebad201b3.jpg\" itemprop=\"image\" width=\"100%\" alt=\"\"\/><\/p>\n<p>El listado se cierra con <b>la menos vistosa de las diez<\/b> y probablemente la m\u00e1s inminente: dentro de dos semanas toca llevar cosas a un sitio todos los d\u00edas. El port\u00e1til va en un hueco acolchado, la botella en los laterales y los cables en el bolsillo de delante, con tirantes acolchados que se ajustan para que el peso no acabe colgando de los hombros. Es gris, pesa poco y no pretende inventar nada, y por eso lleva a\u00f1os siendo la respuesta por defecto. Se queda en 15,33\u20ac con un 15% de rebaja.<\/p>\n<p>Los art\u00edculos publicados en la secci\u00f3n \u00abDe compras\u00bb est\u00e1n pensados para ayudarte a descubrir productos que pueden interesarte. Algunos de los enlaces incluidos son de afiliados, lo que significa que si realizas una compra a trav\u00e9s de ellos La Raz\u00f3n podr\u00eda recibir una peque\u00f1a comisi\u00f3n sin que esto influya en nuestras recomendaciones ni en el precio que pagas.<\/p>\n","protected":false},"excerpt":{"rendered":"Salomon aparece dos veces en el listado de hoy, y adidas otras dos. No es un descuido de&hellip;\n","protected":false},"author":2,"featured_media":727953,"comment_status":"","ping_status":"","sticky":false,"template":"","format":"standard","meta":{"footnotes":""},"categories":[81],"tags":[1655,912,119,123,124,25,24,117,121,122,23,118,120],"class_list":["post-727952","post","type-post","status-publish","format-standard","has-post-thumbnail","category-ciencia-y-tecnologia","tag-afiliacion","tag-amazon","tag-ciencia","tag-ciencia-y-tecnologia","tag-cienciaytecnologia","tag-es","tag-espana","tag-science","tag-science-and-technology","tag-scienceandtechnology","tag-spain","tag-technology","tag-tecnologia"],"share_on_mastodon":{"url":"https:\/\/pubeurope.com\/@es\/117148662810174749","error":""},"_links":{"self":[{"href":"https:\/\/www.europesays.com\/es\/wp-json\/wp\/v2\/posts\/727952","targetHints":{"allow":["GET"]}}],"collection":[{"href":"https:\/\/www.europesays.com\/es\/wp-json\/wp\/v2\/posts"}],"about":[{"href":"https:\/\/www.europesays.com\/es\/wp-json\/wp\/v2\/types\/post"}],"author":[{"embeddable":true,"href":"https:\/\/www.europesays.com\/es\/wp-json\/wp\/v2\/users\/2"}],"replies":[{"embeddable":true,"href":"https:\/\/www.europesays.com\/es\/wp-json\/wp\/v2\/comments?post=727952"}],"version-history":[{"count":0,"href":"https:\/\/www.europesays.com\/es\/wp-json\/wp\/v2\/posts\/727952\/revisions"}],"wp:featuredmedia":[{"embeddable":true,"href":"https:\/\/www.europesays.com\/es\/wp-json\/wp\/v2\/media\/727953"}],"wp:attachment":[{"href":"https:\/\/www.europesays.com\/es\/wp-json\/wp\/v2\/media?parent=727952"}],"wp:term":[{"taxonomy":"category","embeddable":true,"href":"https:\/\/www.europesays.com\/es\/wp-json\/wp\/v2\/categories?post=727952"},{"taxonomy":"post_tag","embeddable":true,"href":"https:\/\/www.europesays.com\/es\/wp-json\/wp\/v2\/tags?post=727952"}],"curies":[{"name":"wp","href":"https:\/\/api.w.org\/{rel}","templated":true}]}}