{"id":727958,"date":"2026-08-24T04:46:19","date_gmt":"2026-08-24T04:46:19","guid":{"rendered":"https:\/\/www.europesays.com\/es\/727958\/"},"modified":"2026-08-24T04:46:19","modified_gmt":"2026-08-24T04:46:19","slug":"radiografia-del-voto-en-ceuta-a-nueve-meses-de-las-elecciones","status":"publish","type":"post","link":"https:\/\/www.europesays.com\/es\/727958\/","title":{"rendered":"Radiograf\u00eda del voto en Ceuta a nueve meses de las elecciones"},"content":{"rendered":"<p class=\"wp-block-paragraph\">La <a href=\"https:\/\/www.elindependiente.com\/espana\/2026\/08\/18\/mas-2-500-potenciales-solicitantes-de-asilo-en-ceuta\/\" data-type=\"post\" data-id=\"4696241\" target=\"_blank\" rel=\"noreferrer noopener nofollow\">crisis migratoria de Ceuta<\/a>, que supera ya las <strong>tres semanas sin apenas novedades <\/strong>m\u00e1s all\u00e1 del traslado de una buena parte de los migrantes que quedan en el territorio a espacios seguros limitados, adquiri\u00f3 esta semana una importante derivada electoralista. Despu\u00e9s de una tensi\u00f3n contenida, Gobierno y oposici\u00f3n abrieron ampliamente <strong>un enfrentamiento <\/strong>a lo largo de esta \u00faltima semana por las diferencias sobre el retorno de los aproximadamente 8.000-10.000 migrantes que a\u00fan quedan en la ciudad aut\u00f3noma \u2013y tras un<strong> giro de criterio de varios ministros<\/strong>\u2013, y por el relato sobre el nivel de implicaci\u00f3n de las administraciones para la prevenci\u00f3n, la gesti\u00f3n y la resoluci\u00f3n de la crisis.<\/p>\n<p class=\"wp-block-paragraph\">A pesar de que esta contienda es una importante <strong>antesala de unas generales clave<\/strong>, y pese a que todos los actores pol\u00edticos afirman alejarse del inter\u00e9s electoralista y estar centrados en el inter\u00e9s de los ceut\u00edes, <strong>en Ceuta se juega una importante batalla pol\u00edtica<\/strong> que puede ser esencial de cara a las pr\u00f3ximas municipales, especialmente cuando el <strong>dominio de los populares desde 2003<\/strong> es claro. El presidente auton\u00f3mico, <a href=\"https:\/\/www.elindependiente.com\/espana\/2026\/08\/17\/vivas-acudira-poder-judicial-pasividad-gobierno-tras-crisis-ceuta\/\" data-type=\"post\" data-id=\"4696313\" target=\"_blank\" rel=\"noreferrer noopener nofollow\">Juan Jes\u00fas Vivas<\/a>, acumula seis legislaturas a sus espaldas. <\/p>\n<p>PUBLICIDAD<\/p>\n<p class=\"wp-block-paragraph\">La situaci\u00f3n es m\u00e1s compleja. El PSOE nacional intenta situar el debate en el eje entre el respeto a la ley y la defensa de los derechos humanos, frente a las posiciones de PP y Vox, a las que acusa de endurecer el discurso migratorio incluso de mantener actitudes racistas. Pero las fisuras dentro del propio n\u00facleo socialista ceut\u00ed hacen que un n\u00facleo de cr\u00edticos acuse al Gobierno de <strong>Pedro S\u00e1nchez <\/strong>de seguir un inter\u00e9s electoral y no el ciudadano en el municipio. Hay una competencia por promover una reformulaci\u00f3n de las siglas de cara a esos comicios.<\/p>\n<p>            <a class=\"articulo-relacionado__media\" href=\"https:\/\/www.elindependiente.com\/espana\/2026\/08\/21\/ferraz-contra-criticos-ceuta-cuestionan-relato-migratorio-sanchez\/\" title=\"Ferraz se lanza contra los cr\u00edticos de Ceuta que cuestionan el relato migratorio de S\u00e1nchez\" rel=\"nofollow noopener\" target=\"_blank\"><\/p>\n<p>                <img loading=\"lazy\" decoding=\"async\" src=\"data:image\/svg+xml,%3Csvg%20xmlns=\" http:=\"\" width=\"390\" height=\"220\" alt=\"Ferraz se lanza contra los cr\u00edticos de Ceuta que cuestionan el relato migratorio de S\u00e1nchez\" data-lazy-src=\"https:\/\/www.europesays.com\/es\/wp-content\/uploads\/2026\/08\/sanchez-ferraz-psoe-e1787252674803-390x220.jpg\"\/><\/p>\n<p>\t\t\t            <\/a><\/p>\n<p class=\"wp-block-paragraph\">\u00bfQui\u00e9n sale a priori m\u00e1s favorecido de la crisis migratoria en t\u00e9rminos pol\u00edticos? No hay encuestas locales recientes, pero <a href=\"https:\/\/www.elindependiente.com\/espana\/2026\/08\/17\/encuestas-electorales-psoe-sanchez-crisis-migratoria-ceuta\/\" data-type=\"post\" data-id=\"4696220\" target=\"_blank\" rel=\"noreferrer noopener nofollow\">s\u00ed nacionales en el que se aprecia un sostenimiento o reforzamiento ligero de PP y Vox<\/a>, mientras que la crisis migratoria desgasta al PSOE un par de esca\u00f1os. En el debate ceut\u00ed, hay una buena parte de corrientes pol\u00edticas y por ende de representantes p\u00fablicos, que coinciden en la ausencia de implicaci\u00f3n del Gobierno central en la resoluci\u00f3n de esta crisis y la dotaci\u00f3n de medios. Son PP, Vox, parte del PSOE, y partidos locales progresistas como el Movimiento por la Dignidad y la Ciudadan\u00eda (MDyC). La c\u00fapula del PSOE ceut\u00ed, dirigida por el tambi\u00e9n delegado del Gobierno de la ciudad, Miguel \u00c1ngel P\u00e9rez Triano, y el partido Ceuta Ya! coinciden en arremeter contra Vivas por no verlo implicado desde el principio.<\/p>\n<p class=\"wp-block-paragraph\">Hay que a\u00f1adir que en esa competencia interna del propio PSOE, <strong>los cr\u00edticos alertan del peligro electoral <\/strong>\u2013aunque priorizando la situaci\u00f3n de Ceuta\u2013 que supone no dar respuesta a los problemas de los ciudadanos. Prev\u00e9n que la actitud del partido bajo tutela de Ferraz puede fomentar la desaparici\u00f3n de las siglas en la regi\u00f3n, incluso.<\/p>\n<p class=\"wp-block-paragraph\">Aunque no contemplan esta crisis, <strong>s\u00ed hay encuestas de finales de 2025<\/strong>, como la de SyM Consulting de noviembre, que se dan despu\u00e9s de un notable crecimiento de la presi\u00f3n en la frontera; de un aumento del 33% de las entradas irregulares por la frontera en comparaci\u00f3n con el a\u00f1o anterior. Esta elevaba en un esca\u00f1o y un par de puntos porcentuales el voto de PP y Vox respecto a los comicios de 2023. Los episodios menores desde entonces hasta finales de 2024 ya advert\u00edan al cierre de ese a\u00f1o de un crecimiento de Vox. Tanto al cierre del 2024 como en 2025, en esas encuestas, se refleja que la presi\u00f3n migratoria deja al PSOE ceut\u00ed sal\u00eda damnificado. De 6 a 5 esca\u00f1os en 2024, y de 6 a 4 representantes y cuatro puntos menos de voto en noviembre. <\/p>\n<blockquote class=\"wp-block-quote is-layout-flow wp-block-quote-is-layout-flow\">\n<p class=\"wp-block-paragraph\">Los sondeos de finales del a\u00f1o pasado ya alertaban de un desgaste del PSOE y un ligero crecimiento de PP y Vox<\/p>\n<\/blockquote>\n<p class=\"wp-block-paragraph\">La tendencia en paralelo a momentos complicados en materia migratoria deja entrever beneficio electoral para las derechas. Los partidos localistas mantienen la misma representaci\u00f3n que en 2023. Ocurre a nivel nacional, y se ha dado en periodos previos, como la crisis canaria comentada, o con el anuncio de la regularizaci\u00f3n extraordinaria de migrantes pactada por el Gobierno a principios de a\u00f1o. Como viene haciendo Vox, el PP est\u00e1 priorizando el discurso migratorio como gran tema de debate electoral.<\/p>\n<p>            <a class=\"articulo-relacionado__media\" href=\"https:\/\/www.elindependiente.com\/espana\/2026\/08\/20\/feijoo-delantera-abascal-debate-inmigracion-crisis-ceuta\/\" title=\"Feij\u00f3o toma la delantera a Abascal en el debate sobre inmigraci\u00f3n por la crisis de Ceuta\" rel=\"nofollow noopener\" target=\"_blank\"><\/p>\n<p>                <img loading=\"lazy\" decoding=\"async\" src=\"data:image\/svg+xml,%3Csvg%20xmlns=\" http:=\"\" width=\"390\" height=\"220\" alt=\"Feij\u00f3o toma la delantera a Abascal en el debate sobre inmigraci\u00f3n por la crisis de Ceuta\" data-lazy-src=\"https:\/\/www.europesays.com\/es\/wp-content\/uploads\/2026\/08\/feijoo-vivas-ceuta-e1787170470981-390x220.jpg\"\/><\/p>\n<p>\t\t\t            <\/a><\/p>\n<p>Un viraje a la derecha de d\u00e9cadas<\/p>\n<p class=\"wp-block-paragraph\">Despu\u00e9s de una victoria inicial de independientes en las primeras elecciones ceut\u00edes, el PSOE domin\u00f3 los dos procesos de los ochenta, aunque siempre con gobiernos en minor\u00eda. Una carambola en el socio minoritario, el Partido Nacionalista Ceut\u00ed, llev\u00f3 a una coalici\u00f3n conservadora a mediados de la d\u00e9cada al poder y frustr\u00f3 los planes de Francisco Fraiz. \u00c9l, junto a sectores socialistas fund\u00f3 un nuevo partido, <strong>Progreso y Futuro para Ceuta (PFC)<\/strong> con el que gan\u00f3 las elecciones casi por absoluta y requiriendo de sus excompa\u00f1eros y Ceuta Unida, liberal-conservadora. A principios de los noventa pese a la victoria del PP, el PFC revalid\u00f3 el gobierno con la misma alianza. Hasta la fecha, el voto progresista destaca sobre el conservador. Aunque sobre todo <strong>tienen protagonismo los partidos independientes o localistas<\/strong> \u2013con el 40-50% del voto\u2013 sobre el bipartidismo que predomina a nivel estatal.<\/p>\n<p class=\"wp-block-paragraph\">Ese apoyo a localistas se repite en las elecciones de 1999, pero hay un importante viraje a la derecha: las candidaturas de esta tendencia suman casi el 70% del voto. Gana la candidatura del <strong>Grupo Independiente Liberal<\/strong> (GIL), partido creado por <a href=\"https:\/\/www.elindependiente.com\/tendencias\/cultura\/2019\/04\/04\/pionero-la-serie-hbo-jesus-gil\/\" data-type=\"post\" data-id=\"466530\" target=\"_blank\" rel=\"noreferrer noopener nofollow\">Jes\u00fas Gil<\/a> para concurrir en Marbella y que se extiende por otras provincias malague\u00f1as y la ciudad aut\u00f3noma, aunque una coalici\u00f3n entre populares, socialistas y otros independientes y localistas impide que gobierne y dan al PP su primer mandato. Ese impulso de las tendencias conservadoras se mantiene y consolida una sucesi\u00f3n de mayor\u00edas absolutas del PP a partir de 2003 con Vivas ya al frente.<\/p>\n<p>Cuatro absolutas y dos gobiernos en solitario de Vivas<\/p>\n<p class=\"wp-block-paragraph\">En esas elecciones los populares logran m\u00e1s del 63% del voto y 19 esca\u00f1os de los 25 que reparte la Asamblea (13 para la mayor\u00eda absoluta). El resultado del conservador Partido Democr\u00e1tico y Social  de Ceuta (PDSC) repite esas <strong>cotas de voto en el bloque pr\u00f3ximas a los 70 puntos<\/strong>. Por la izquierda, el PSOE ceut\u00ed viene tiempo siendo perjudicado por los partidos locales. Desde los casi 32 puntos alcanzados en 1987, atraviesa un proceso de p\u00e9rdidas que les lleva a los 12 puntos de media en los noventa y a empezar el siglo en poco m\u00e1s del 8%. Adem\u00e1s del impulso del PP como alternativa bipartidista, los socialistas padecen a un competidor reci\u00e9n fundado en 2002, la Uni\u00f3n Dem\u00f3crata Ceut\u00ed (UDCE), por encima del 10%, y el Partido Socialista del Pueblo de Ceuta, rozando el 5%.<\/p>\n<p class=\"wp-block-paragraph\">En 2007 la derecha mantiene su fuerza y la Asamblea torna a un tripartito. El PP de Vivas mantiene sus esca\u00f1os, gana un 2% del voto y la UDCE se consolida ganando seis puntos extra de voto en coalici\u00f3n con IU, convirti\u00e9ndose en partido de la oposici\u00f3n. Tras la crisis econ\u00f3mica, en 2011, Vivas conserva las cifras de votos, el 65%, pero pierde un esca\u00f1o que no repercute en su absoluta. S\u00ed se recupera ligeramente el PSOE superando el 11% con la UDCE en el 14%, segundo y ahora integrado dentro de la coalici\u00f3n Caballas.<\/p>\n<p class=\"wp-block-paragraph\">Al mismo tiempo que el bipartidismo se rompe a nivel nacional, <strong>Ceuta sufre un nuevo cambio en su sistema de partidos<\/strong> en 2015. Vivas se hunde hasta el 45% del voto y queda en los 13 esca\u00f1os necesarios para conservar el poder de forma aut\u00f3noma. Y aunque el centroderecha se mantiene ligeramente con la irrupci\u00f3n de Ciudadanos con un esca\u00f1o, la izquierda empieza a recuperar peso. El PSOE vuelve a la segunda plaza con un 14%, con algo m\u00e1s del 13% Caballas en tercer lugar, y entra con cuatro esca\u00f1os una escisi\u00f3n de la formaci\u00f3n, af\u00edn a Podemos y los movimientos sociales de izquierdas, MDyC, superando el 11%. El balance, sin contar a otros partidos m\u00e1s peque\u00f1os, es de un 51% para PP y Cs y de 38,5% para el centroizquierda.<\/p>\n<p>Entrada de Vox a la Asamblea<\/p>\n<p class=\"wp-block-paragraph\">El panorama <strong>vuelve a configurarse en 2019<\/strong>, con un viraje a la derecha de la sociedad ceut\u00ed. Vox irrumpe por primera vez con 6 representantes y el 22,3% de los votos, arrebata a Vivas (31%) buena parte de sus votos, mientras que otra pasa de nuevo al PSOE, que mantiene la segunda plaza con el 25,6%. El localismo, por primera vez en mucho tiempo, pasa a un plano secundario, con MDyC y Caballas en torno al 6% cada uno y con 2 y 1 representantes. Vivas, en todo caso, busca acuerdos en solitario con los socialistas para continuar al frente, algo que se repite tras las elecciones de 2023. Vivas gana algunos votos a costa de Vox, que pierde un esca\u00f1o, y MDyC duplica sufragios a costa del PSOE, aunque la situaci\u00f3n no cambia. Por entonces, su l\u00edder, F\u00e1tima Hamed se hab\u00eda vinculado a Sumar y a Yolanda D\u00edaz.<\/p>\n<p class=\"wp-block-paragraph\">Como en 2023, las \u00faltimas encuestas apuntan al fortalecimiento de PP y Vox, pero a\u00f1aden una novedad in\u00e9dita. Mientras las derechas ganar\u00edan votos en 2027, el PSOE volver\u00eda a cifras de 2015 sin que esas p\u00e9rdidas electorales beneficien a los movimientos de izquierda musulmana o en favor de la diversidad cultural como ven\u00eda sucediendo hasta la fecha. Volver\u00eda el MDyC a sacar dos diputados y uno Ceuta Ya!, la refundaci\u00f3n de Caballas.<\/p>\n<p>La inmigraci\u00f3n como acelerador del voto a la derecha<\/p>\n<p class=\"wp-block-paragraph\">Desde finales de los noventa y principios de siglo, el voto a la derecha ha predominado, por lo que no se puede decir que la principal consecuencia del crecimiento conservador sea la inmigraci\u00f3n. Pero s\u00ed hay indicios de que la presi\u00f3n migratoria y fronteriza puede actuar como acelerador de ese crecimiento. En 2015, la izquierda avanza y Vox como en el resto de Espa\u00f1a es irrelevante. Pero la marca crece r\u00e1pidamente entre 2018 \u2013incluso gana en las generales\u2013 y 2023, en los peores momentos para la ciudad aut\u00f3noma. <\/p>\n<p class=\"wp-block-paragraph\">En julio y agosto de <strong>2018 se produjeron dos de los grandes saltos <\/strong>hasta la fecha, muy violentos. El primero conllev\u00f3 la entrada irregular de 602 migrantes subsaharianos en primera instancia. Resultaron heridos 132 y 22 agentes, de los cuales cuatro fueron hospitalizados. En agosto unos 300 migrantes intentaron entrar y la mitad lo consiguieron. Siete guardias civiles fueron heridos y uno hospitalizado. Junto al goteo de entradas, la cifra de entradas alcanz\u00f3 las 1.400, casi tres veces m\u00e1s de las plazas de acogida general disponibles en su CETI.<\/p>\n<p class=\"wp-block-paragraph\">En <strong>2021<\/strong> se superaron esas cifras notablemente. Entre el 17 y 18 de mayo <strong>entraron 8.000 personas bordeando el espig\u00f3n del Tarajal por mar<\/strong>, fruto de la relajaci\u00f3n de los controles de Marruecos poco despu\u00e9s de que <a href=\"https:\/\/www.elindependiente.com\/espana\/2021\/09\/02\/ghali-salio-de-espana-sin-presentar-documentacion\/\" data-type=\"post\" data-id=\"1800515\" target=\"_blank\" rel=\"noreferrer noopener nofollow\">Espa\u00f1a acogiese al l\u00edder del Frente Polisario, Brahim Ghali<\/a>, para recibir tratamiento sanitario. Hubo devoluciones en caliente calificadas de ilegales por el Supremo en 2024, y el asunto se sald\u00f3 con la inhabilitaci\u00f3n de la vicepresidenta ceut\u00ed y la delegada del Gobierno en Ceuta por prevaricaci\u00f3n, en 2025.<\/p>\n<blockquote class=\"wp-block-quote is-layout-flow wp-block-quote-is-layout-flow\">\n<p class=\"wp-block-paragraph\">Entre el 16 y 18% de los ciudadanos ceut\u00edes vienen mostrando preocupaci\u00f3n por la inmigraci\u00f3n desde 2022<\/p>\n<\/blockquote>\n<p class=\"wp-block-paragraph\">Ahora hay diferencias que pueden agravar la reacci\u00f3n hacia un voto cr\u00edtico con los partidos del Gobierno, y es la beligerancia entre Gobierno central y ceut\u00ed, ruptura dentro del propio PSOE y sensaci\u00f3n de abandono generalizada en las calles. \u00bfC\u00f3mo de importante es la inmigraci\u00f3n para los ceut\u00edes? Seg\u00fan los microdatos del \u00faltimo <strong>CIS<\/strong> disponible, el de junio, un 16,7% de los ceut\u00edes considera la inmigraci\u00f3n como un problema, mientras que uno de cada diez se refieren a los pol\u00edticos y la calidad de los servicios p\u00fablicos. El paro, la econom\u00eda, la corrupci\u00f3n y la vivienda son las principales preocupaciones. Hay precedentes como la encuesta de <strong>NC Report <\/strong>de 2022 que recoge El Faro de Ceuta y que elevaba al 18,2% esa preocupaci\u00f3n, poco despu\u00e9s de esa gran crisis, solo por detr\u00e1s de las preocupaciones econ\u00f3micas y el desempleo.<\/p>\n<p class=\"wp-block-paragraph\">Seg\u00fan un sondeo de <strong>Sigma Dos <\/strong>del 8 de agosto publicado en El Mundo, la mayor\u00eda de los ceut\u00edes exigen mano dura con la inmigraci\u00f3n y las entradas irregulares en la ciudad. <strong>El 82% apoya militarizar la frontera con Marruecos, y lo piden el 72% de los votantes del PSOE<\/strong>. Seg\u00fan un estudio de Di\u00e1loga Consultores realizada para Ceuta Actualidad, un 36,4% de los votantes ceut\u00edes se consideran de centro, un 5 en una escala de 0 a 10, y se aprecia una evoluci\u00f3n menor pero al alza hacia la derecha que hacia la izquierda. Se retrata, por lo tanto, a un votante medio de centroderecha (5,85) que coincide con esa tendencia de voto comentada. Uno de cada diez se declara de extrema derecha. De media, los parados y estudiantes apoyan al PSOE y m\u00e1s a MDyC, y los jubilados y trabajadores a PP y Vox por encima del 20%. El voto a la derecha es m\u00e1s masculino que femenino tanto para PP como para Vox.<\/p>\n<p class=\"wp-block-paragraph\">Ceuta llega as\u00ed a nueve meses de las elecciones con un mapa pol\u00edtico muy distinto al de hace dos d\u00e9cadas: la derecha ya no necesita disputar la hegemon\u00eda electoral, sino decidir hasta d\u00f3nde puede ampliarla; y el PSOE afronta el reto de evitar que la crisis migratoria acelere una p\u00e9rdida de espacio que arrastra desde hace a\u00f1os.<\/p>\n<p>            <a class=\"articulo-relacionado__media\" href=\"https:\/\/www.elindependiente.com\/espana\/2026\/08\/21\/sanchez-coloca-a-angel-victor-torres-como-ministro-coordinador-para-tratar-de-aplacar-las-criticas-por-la-gestion-de-la-crisis-en-ceuta\/\" title=\"S\u00e1nchez coloca a \u00c1ngel V\u00edctor Torres como ministro coordinador para tratar de aplacar las cr\u00edticas por la gesti\u00f3n de la crisis en Ceuta\" rel=\"nofollow noopener\" target=\"_blank\"><\/p>\n<p>                <img loading=\"lazy\" decoding=\"async\" src=\"data:image\/svg+xml,%3Csvg%20xmlns=\" http:=\"\" width=\"390\" height=\"220\" alt=\"S\u00e1nchez coloca a \u00c1ngel V\u00edctor Torres como ministro coordinador para tratar de aplacar las cr\u00edticas por la gesti\u00f3n de la crisis en Ceuta\" data-lazy-src=\"https:\/\/www.europesays.com\/es\/wp-content\/uploads\/2026\/08\/europapress-7162778-ministro-politica-territorial-memoria-democratica-angel-victor-torres-390x220.jp.jpeg\"\/><\/p>\n<p>\t\t\t            <\/a><\/p>\n","protected":false},"excerpt":{"rendered":"La crisis migratoria de Ceuta, que supera ya las tres semanas sin apenas novedades m\u00e1s all\u00e1 del traslado&hellip;\n","protected":false},"author":2,"featured_media":727959,"comment_status":"","ping_status":"","sticky":false,"template":"","format":"standard","meta":{"footnotes":""},"categories":[8],"tags":[17,18,25,24,13,14,248,11,19,20,9,10,15,16,6066,2959,23,12,21,22,624],"class_list":["post-727958","post","type-post","status-publish","format-standard","has-post-thumbnail","category-espana","tag-breaking-news","tag-breakingnews","tag-es","tag-espana","tag-featured-news","tag-featurednews","tag-gobierno-de-espana","tag-headlines","tag-latest-news","tag-latestnews","tag-news","tag-noticias","tag-noticias-destacadas","tag-noticiasdestacadas","tag-partido-popular-pp","tag-pedro-sanchez","tag-spain","tag-titulares","tag-ultimas-noticias","tag-ultimasnoticias","tag-vox"],"share_on_mastodon":{"url":"https:\/\/pubeurope.com\/@es\/117148672835470126","error":""},"_links":{"self":[{"href":"https:\/\/www.europesays.com\/es\/wp-json\/wp\/v2\/posts\/727958","targetHints":{"allow":["GET"]}}],"collection":[{"href":"https:\/\/www.europesays.com\/es\/wp-json\/wp\/v2\/posts"}],"about":[{"href":"https:\/\/www.europesays.com\/es\/wp-json\/wp\/v2\/types\/post"}],"author":[{"embeddable":true,"href":"https:\/\/www.europesays.com\/es\/wp-json\/wp\/v2\/users\/2"}],"replies":[{"embeddable":true,"href":"https:\/\/www.europesays.com\/es\/wp-json\/wp\/v2\/comments?post=727958"}],"version-history":[{"count":0,"href":"https:\/\/www.europesays.com\/es\/wp-json\/wp\/v2\/posts\/727958\/revisions"}],"wp:featuredmedia":[{"embeddable":true,"href":"https:\/\/www.europesays.com\/es\/wp-json\/wp\/v2\/media\/727959"}],"wp:attachment":[{"href":"https:\/\/www.europesays.com\/es\/wp-json\/wp\/v2\/media?parent=727958"}],"wp:term":[{"taxonomy":"category","embeddable":true,"href":"https:\/\/www.europesays.com\/es\/wp-json\/wp\/v2\/categories?post=727958"},{"taxonomy":"post_tag","embeddable":true,"href":"https:\/\/www.europesays.com\/es\/wp-json\/wp\/v2\/tags?post=727958"}],"curies":[{"name":"wp","href":"https:\/\/api.w.org\/{rel}","templated":true}]}}