{"id":727970,"date":"2026-08-24T05:05:15","date_gmt":"2026-08-24T05:05:15","guid":{"rendered":"https:\/\/www.europesays.com\/es\/727970\/"},"modified":"2026-08-24T05:05:15","modified_gmt":"2026-08-24T05:05:15","slug":"las-mejores-peliculas-y-series-de-estreno-24","status":"publish","type":"post","link":"https:\/\/www.europesays.com\/es\/727970\/","title":{"rendered":"Las mejores pel\u00edculas y series de estreno (24"},"content":{"rendered":"<p class=\"c-paragraph\">Aprovecha las \u00faltimas semanas del verano, consolega, que la vuelta al cole se acerca. Agosto se despide en nada, pero a\u00fan nos deja una \u00faltima semana con bastantes estrenos por disfrutar.<\/p>\n<p class=\"c-paragraph\">Y habr\u00e1 bastante cine espa\u00f1ol para ver en salas, adem\u00e1s del regreso de <a href=\"https:\/\/www.hobbyconsolas.com\/hobbycine\/todas-las-peliculas-ciencia-ficcion-ridley-scott-este-siglo-un-director-mas-irregular-que-le-gustaria_6973262_0.html\" rel=\"nofollow noopener\" target=\"_blank\">Ridley Scott<\/a> a la ciencia ficci\u00f3n tras casi una d\u00e9cada.<\/p>\n<p class=\"c-paragraph\">Entre los estrenos semanales, tenemos nuevos episodios de <a href=\"https:\/\/www.hobbyconsolas.com\/hobbycine\/critica-linternas-universo-dc-hbo-max-convierten-linterna-verde-protagonista-una-serie-policial_7024012_0.html\" rel=\"nofollow noopener\" target=\"_blank\">Linternas <\/a>y <a href=\"https:\/\/www.hobbyconsolas.com\/hobbycine\/critica-stuart-no-consigue-salvar-universo-caotico-spin-off-the-big-bang-theory-aun-tiene-que-afinar-hbo-max_7018629_0.html\" rel=\"nofollow noopener\" target=\"_blank\">Stuart no consigue salvar el universo<\/a> en <b>HBO Max<\/b>, <a href=\"https:\/\/www.hobbyconsolas.com\/hobbycine\/critica-lioness-temporada-3-taylor-sheridan-se-desata-entrega-mas-trepidante-su-thriller-espias-skyshowtime_7026513_0.html\" rel=\"nofollow noopener\" target=\"_blank\">Lioness <\/a>en <b>SkyShowtime <\/b>o <a href=\"https:\/\/www.hobbyconsolas.com\/hobbycine\/critica-ted-lasso-4-serie-apple-tv-se-renueva-con-exito-gracias-eclosion-futbol-femenino_7022676_0.html\" rel=\"nofollow noopener\" target=\"_blank\">Ted Lasso<\/a> y <a href=\"https:\/\/www.hobbyconsolas.com\/hobbycine\/critica-silo-temporada-3-joya-ciencia-ficcion-apple-tv-afronta-corazon-historia-con-exito_7008531_0.html\" rel=\"nofollow noopener\" target=\"_blank\">Silo <\/a>en <b>Apple TV.<\/b><\/p>\n<p class=\"c-paragraph\">Hoy en HobbyCine, te traemos un repaso a algunas de las <b>mejores pel\u00edculas y series de estreno que llegan a Espa\u00f1a durante la semana comprendida entre el 24 y el 30 de agosto de 2026<\/b>.<\/p>\n<p>Tadeo Jones y la l\u00e1mpara maravillosa (viernes 28 de agosto)<\/p>\n<p class=\"c-paragraph\">Empezamos con una raci\u00f3n de cine espa\u00f1ol con el regreso de la saga de animaci\u00f3n m\u00e1s pol\u00edfica dentro de nuestras fronteras: <a href=\"https:\/\/www.hobbyconsolas.com\/hobbycine\/exclusiva-tadeo-jones-lampara-maravillosa-anticipa-un-drama-familiar-una-escena-nueva-pelicula_7026764_0.html\" title=\"(Exclusiva) Tadeo Jones y la l\u00e1mpara maravillosa anticipa un drama familiar en una escena de la nueva pel\u00edcula\" rel=\"nofollow noopener\" target=\"_blank\">Tadeo Jones y la l\u00e1mpara maravillosa<\/a>.<\/p>\n<p class=\"c-paragraph\">Ahora <b>Tadeo <\/b>y <b>Sara <\/b>son pap\u00e1s de la peque\u00f1a <b>Olimpia <\/b>(Oli). Sin embargo, la llegada del beb\u00e9 no tiene nada contento a <b>Momia<\/b>.<\/p>\n<p>Movistar Plus por 9,99\u20ac con f\u00fatbol, series y cine<\/p>\n<p><img decoding=\"async\" loading=\"lazy\" alt=\"Movistar Plus+\" width=\"640\" height=\"533\" src=\"https:\/\/www.europesays.com\/es\/wp-content\/uploads\/2026\/08\/1787547915_978_690349e592402.jpeg\"\/><\/p>\n<p class=\"c-passport__description\">Seas de la operadora que seas, puedes ver series, pel\u00edculas y f\u00fatbol en Movistar Plus por 9,99\u20ac al mes y sin permanencia.<\/p>\n<p class=\"c-paragraph\">Los celos llevar\u00e1n a Momia a desatar el caos cuando se hace con un objeto m\u00e1gico, la L\u00e1mpara de las mil y una noches, y le pide regresar al pasado, cuando todos le quer\u00edan. Pero el artefacto igual lo toma de un modo demasiado literal.<\/p>\n<p class=\"c-paragraph\">Ahora, Sara y Tadeo deber\u00e1n conseguir traer a todos de vuelta al presente y evitar que Momia afecte el curso de la historia por no poder asimilar la llegada de Oli.<\/p>\n<p>El ser querido\u00a0(viernes 28 de agosto)<\/p>\n<p class=\"c-paragraph\">Seguimos con cine espa\u00f1ol, pues este viernes regresa a la cartelera <a href=\"https:\/\/www.hobbyconsolas.com\/hobbycine\/todas-peliculas-series-rodrigo-sorogoyen-ordenadas-peor-mejor-1415357_6879037_0.html\" rel=\"nofollow noopener\" target=\"_blank\">Rodrigo Sorogoyen<\/a> con su nueva pel\u00edcula: <a href=\"https:\/\/www.hobbyconsolas.com\/hobbycine\/alguien-espera-una-pelicula-espanola-para-este-verano-situacion-cine-patrio-los-proximos-meses_7012972_0.html\" title=\"\u00bfAlguien espera una pel\u00edcula espa\u00f1ola para este verano? La situaci\u00f3n del cine patrio los pr\u00f3ximos meses\" rel=\"nofollow noopener\" target=\"_blank\">El ser querido<\/a>.<\/p>\n<p class=\"c-paragraph\"><b>Javier Bardem y Victoria Luengo<\/b> protagonizan esta historia sobre un director de cine con un turbulento pasado y su hija, una actriz cuya carrera se ha estancado.<\/p>\n<p class=\"c-paragraph\">Cuando ambos, distanciados desde hace tiempo, empiezan a trabajar en el mismo largometraje, la rutina hace que ambos se acerquen, pero tambi\u00e9n reabrir\u00e1 heridas que no han cicatrizado.<\/p>\n<p class=\"c-paragraph\">Adem\u00e1s de Bardem y Luengo, El ser querido est\u00e1 protagonizada por\u00a0<b>Ra\u00fal Ar\u00e9valo, Marina Fo\u00efs, Mourad Ouani, Ra\u00fal Prieto, Melina Matthews, Nuria Prims, Pablo G\u00f3mez-Pando, Malena Villa y Didier Maes<\/b>.<\/p>\n<p>La constelaci\u00f3n del perro\u00a0(viernes 28 de agosto)<\/p>\n<p class=\"c-paragraph\">Otro director que regresa a la gran pantalla es <b>Ridley Scott<\/b>, que deja atr\u00e1s sus pel\u00edculas (y licencias) hist\u00f3ricas para mirar al futuro con <a href=\"https:\/\/www.hobbyconsolas.com\/hobbycine\/constelacion-perro-apocaliptica-pelicula-ridley-scott-lanza-su-trailer-final_7014667_0.html\" title=\"La constelaci\u00f3n del perro, la apocal\u00edptica pel\u00edcula de Ridley Scott, lanza su tr\u00e1iler final\" rel=\"nofollow noopener\" target=\"_blank\">La constelaci\u00f3n del perro<\/a>.<\/p>\n<p class=\"c-paragraph\">La adaptaci\u00f3n de la novela dist\u00f3pica de\u00a0<b>Peter Heller<\/b> nos lleva a un mundo asolado por una pandemia que llev\u00f3 a la humanidad al borde de la extinci\u00f3n.<\/p>\n<p class=\"c-paragraph\">En ese hostil panorama viven algunos supervivientes que tratan de construir una comunidad, incluyendo un exmarine y un antiguo piloto que lo ha perdido todo. Sin embargo, una amenaza podr\u00eda destruir todo por lo que se han visto obligados a luchar.<\/p>\n<p class=\"c-paragraph\">Scott contar\u00e1 en el elenco con\u00a0<b>Jacob Elordi, Josh Brolin, Margaret Qualley, Guy Pearce, Benedict Wong, Allison Janney, Alara-Star Khan y Sebastian Rokison-Woodall<\/b>.<\/p>\n<p>Los Simpson: Yellow Mirror\u00a0(mi\u00e9rcoles 26 de agosto)<\/p>\n<p class=\"c-paragraph\"><a href=\"https:\/\/www.hobbyconsolas.com\/reportajes\/disney-plus-espana-planes-precio-compartir-cuenta-catalogo-1163416\" rel=\"nofollow noopener\" target=\"_blank\">Disney+<\/a> aprovecha la recta final del verano para estrenar su nuevo episodio especial de <b>Los Simpson: Yellow Mirror<\/b>.<\/p>\n<p class=\"c-paragraph\">Se trata de una parodia de <a href=\"https:\/\/www.hobbyconsolas.com\/reviews\/critica-black-mirror-temporada-7-cuando-distopia-vuelve-humana-eso-da-miedo-1454827\" rel=\"nofollow noopener\" target=\"_blank\">Black Mirror<\/a> en la que la tecnolog\u00eda causar\u00e1 estragos en la familia amarilla. Homer descubrir\u00e1 una desoladora verdad sobre lo que puede ser la realidad a trav\u00e9s de una l\u00e1mpara defectuosa.<\/p>\n<p class=\"c-paragraph\">Mientras tanto, a Maggie le han regalado una tableta nueva, pero esta empieza a controlar a la peque\u00f1a de la familia.<\/p>\n<p>Materia oscura temporada 2\u00a0(viernes 28 de agosto)<\/p>\n<p class=\"c-paragraph\">La ciencia ficci\u00f3n no se ha ido de <a href=\"https:\/\/www.hobbyconsolas.com\/reportajes\/apple-tv-precio-como-ver-dispositivos-compatibles-mejores-series-peliculas-1172078\" rel=\"nofollow noopener\" target=\"_blank\">Apple TV<\/a>, pero ahora tendr\u00e1s m\u00e1s con el regreso de <a href=\"https:\/\/www.hobbyconsolas.com\/noticias\/ser-bestseller-triunfar-streaming-apple-tv-estrenara-materia-oscura-1382822\" rel=\"nofollow noopener\" target=\"_blank\">Materia oscura<\/a>, la serie protagonizada por\u00a0<b>Joel Edgerton y Jennifer Connelly<\/b>.<\/p>\n<p class=\"c-paragraph\">Si ya te cansa tanto universo alternativo de superh\u00e9roes, la serie te propone un concepto similar, pero gracias al invento del f\u00edsico\u00a0Jason Dessen, que permite visitar realidades alternativas a la de uno mismo.<\/p>\n<p class=\"c-paragraph\">Agosto cierra con una semana interesante tanto en cine como en series, pero pronto tocar\u00e1 empezar a prepararse para la precampa\u00f1a de Halloween.<\/p>\n","protected":false},"excerpt":{"rendered":"Aprovecha las \u00faltimas semanas del verano, consolega, que la vuelta al cole se acerca. Agosto se despide en&hellip;\n","protected":false},"author":2,"featured_media":727971,"comment_status":"","ping_status":"","sticky":false,"template":"","format":"standard","meta":{"footnotes":""},"categories":[169],"tags":[177,146,147,25,24,1055,176,4207,804,175,753,805,23],"class_list":["post-727970","post","type-post","status-publish","format-standard","has-post-thumbnail","category-cine","tag-cine","tag-entertainment","tag-entretenimiento","tag-es","tag-espana","tag-estreno","tag-film","tag-las","tag-mejores","tag-movies","tag-peliculas","tag-series","tag-spain"],"share_on_mastodon":{"url":"https:\/\/pubeurope.com\/@es\/117148748739334037","error":""},"_links":{"self":[{"href":"https:\/\/www.europesays.com\/es\/wp-json\/wp\/v2\/posts\/727970","targetHints":{"allow":["GET"]}}],"collection":[{"href":"https:\/\/www.europesays.com\/es\/wp-json\/wp\/v2\/posts"}],"about":[{"href":"https:\/\/www.europesays.com\/es\/wp-json\/wp\/v2\/types\/post"}],"author":[{"embeddable":true,"href":"https:\/\/www.europesays.com\/es\/wp-json\/wp\/v2\/users\/2"}],"replies":[{"embeddable":true,"href":"https:\/\/www.europesays.com\/es\/wp-json\/wp\/v2\/comments?post=727970"}],"version-history":[{"count":0,"href":"https:\/\/www.europesays.com\/es\/wp-json\/wp\/v2\/posts\/727970\/revisions"}],"wp:featuredmedia":[{"embeddable":true,"href":"https:\/\/www.europesays.com\/es\/wp-json\/wp\/v2\/media\/727971"}],"wp:attachment":[{"href":"https:\/\/www.europesays.com\/es\/wp-json\/wp\/v2\/media?parent=727970"}],"wp:term":[{"taxonomy":"category","embeddable":true,"href":"https:\/\/www.europesays.com\/es\/wp-json\/wp\/v2\/categories?post=727970"},{"taxonomy":"post_tag","embeddable":true,"href":"https:\/\/www.europesays.com\/es\/wp-json\/wp\/v2\/tags?post=727970"}],"curies":[{"name":"wp","href":"https:\/\/api.w.org\/{rel}","templated":true}]}}