{"id":728060,"date":"2026-08-24T06:21:28","date_gmt":"2026-08-24T06:21:28","guid":{"rendered":"https:\/\/www.europesays.com\/es\/728060\/"},"modified":"2026-08-24T06:21:28","modified_gmt":"2026-08-24T06:21:28","slug":"lo-inexplicable-de-morante-tremenda-cogida-y-la-inesperada-genialidad-del-panuelo-videos","status":"publish","type":"post","link":"https:\/\/www.europesays.com\/es\/728060\/","title":{"rendered":"Lo inexplicable de Morante: tremenda cogida y la inesperada genialidad del pa\u00f1uelo (v\u00eddeos)"},"content":{"rendered":"<p class=\"isSelectedEnd\">Hay temporadas que se cuentan por tardes. La de <a title=\"Morante \" href=\"https:\/\/www.larazon.es\/tags\/morante\" target=\"_blank\" rel=\"nofollow noopener\">Morante <\/a>se cuenta por l\u00edmites.<\/p>\n<p class=\"isSelectedEnd\">Cada vez que se pone delante de un toro parece llevar la exposici\u00f3n un poco m\u00e1s lejos, como si la profundidad de su toreo no pudiera existir sin ese riesgo de profundizar en las ra\u00edces de las tauromaquias e ir un paso m\u00e1s all\u00e1. <a title=\"En M\u00e1laga volvi\u00f3 a ocurrir.\" href=\"https:\/\/www.larazon.es\/cultura\/toros\/roca-rey-tres-orejas-david-miranda-dos-salen-hombros-ultima-malaga_202608226a8a186971b42a0b5dff655e.html\" target=\"_blank\" rel=\"nofollow noopener\">En M\u00e1laga volvi\u00f3 a ocurrir.<\/a> Y esta vez el precio fue una cogida tremenda, brutal, de esas que hacen que el aire de una plaza se detenga durante unos segundos.<\/p>\n<p class=\"isSelectedEnd\">El toro lo lanz\u00f3 contra la arena con violencia. Morante qued\u00f3 a merced de la embestida, <b>golpeado, zarandeado, convertido durante un instante en un cuerpo sin defensa<\/b>. Una de esas escenas que recuerdan que debajo de la seda, del misterio y de la belleza est\u00e1 siempre el hombre frente al animal.<\/p>\n<p class=\"isSelectedEnd\">Y Morante se levant\u00f3.<\/p>\n<p class=\"isSelectedEnd\">Volvi\u00f3 al toro.<\/p>\n<p class=\"isSelectedEnd\">Pero la genialidad sucedi\u00f3 despu\u00e9s. En mitad de la faena, con el rostro cubierto de arena y empapado de sudor, Morante se llev\u00f3 la mano a la chaquetilla. Sac\u00f3 un pa\u00f1uelo.<\/p>\n<p class=\"isSelectedEnd\">Delante del toro.<\/p>\n<p class=\"isSelectedEnd\">Se sec\u00f3 la cara con una tranquilidad desconcertante. Primero el sudor, despu\u00e9s la arena. y con desd\u00e9n. Con torer\u00eda. Con el misterio de otros tiempos volvi\u00f3 a guard\u00e1rselo qui\u00e9n sabe d\u00f3nde sabe dentro de esa chaquetilla.<\/p>\n<p class=\"isSelectedEnd\">S\u00f3lo Morante.<\/p>\n<p class=\"isSelectedEnd\">Hay gestos que duran un segundo y explican una \u00e9poca entera. Aquel pa\u00f1uelo fue uno de ellos. Porque en Morante hasta la manera de limpiarse el rostro pertenece a su tauromaquia. No es s\u00f3lo lo que hace con la muleta. <b>Es c\u00f3mo habita la plaza, c\u00f3mo se relaciona con el toro, c\u00f3mo convierte lo cotidiano en una peque\u00f1a pieza de arte.<\/b><\/p>\n<p class=\"isSelectedEnd\">Quiz\u00e1 ah\u00ed est\u00e9 una de las razones de esta locura.<\/p>\n<p class=\"isSelectedEnd\">La afici\u00f3n ha entendido que con Morante nunca basta con saber qu\u00e9 cartel hay. Hay que estar.<b> Porque puede suceder algo que no vuelva a suceder. Una ver\u00f3nica, un natura<\/b>l, un silencio, una cogida, un gesto. Cualquier cosa. Por eso los llenos, por eso la expectaci\u00f3n, por eso esa sensaci\u00f3n casi febril que acompa\u00f1a cada una de sus tardes.<\/p>\n<p class=\"isSelectedEnd\">M\u00e1laga volvi\u00f3 a ponerse del rev\u00e9s.<\/p>\n<p class=\"isSelectedEnd\">Despu\u00e9s, ante los micr\u00f3fonos de Canal Sur, Morante encontr\u00f3 una manera sencilla de explicar lo que hab\u00eda ocurrido: <strong>\u00abLa satisfacci\u00f3n de haberme entregado al toro y que no me haya hecho nada\u00bb<\/strong>.<\/p>\n<p class=\"isSelectedEnd\">Qu\u00e9 manera tan suya de contarlo.<\/p>\n<p class=\"isSelectedEnd\">Despu\u00e9s de una cogida tremenda, no habla de heroicidad. Habla de satisfacci\u00f3n. De haberse entregado. De haber salido indemne.<\/p>\n<p class=\"isSelectedEnd\">Como si el milagro no fuera haber sobrevivido a la cogida, sino haber podido entregarse al toro.<\/p>\n<p class=\"isSelectedEnd\">Y quiz\u00e1 eso sea Morante esta temporada: un torero que ha decidido no guardar nada. Ni distancia, ni cuerpo, ni alma.<\/p>\n<p class=\"isSelectedEnd\">Por eso cada tarde parece caminar sobre una frontera.<\/p>\n<p class=\"isSelectedEnd\">Y por eso, cuando aparece, la afici\u00f3n corre.<\/p>\n<p class=\"isSelectedEnd\">Porque quiere verlo antes de que desaparezca.<\/p>\n<p class=\"isSelectedEnd\">Porque sabe que delante de Morante siempre puede ocurrir algo que s\u00f3lo ocurra una vez.<\/p>\n<p class=\"isSelectedEnd\">Ayer fue un toro, una ca\u00edda, arena en la cara y un pa\u00f1uelo.<\/p>\n<p class=\"isSelectedEnd\">Una escena m\u00ednima.<\/p>\n<p class=\"isSelectedEnd\">Una escena eterna.<\/p>\n<p><strong>Las cosas de Morante.<\/strong><\/p>\n","protected":false},"excerpt":{"rendered":"Hay temporadas que se cuentan por tardes. La de Morante se cuenta por l\u00edmites. Cada vez que se&hellip;\n","protected":false},"author":2,"featured_media":728061,"comment_status":"","ping_status":"","sticky":false,"template":"","format":"standard","meta":{"footnotes":""},"categories":[91],"tags":[146,147,25,24,709,3855,780,129713,23,444],"class_list":["post-728060","post","type-post","status-publish","format-standard","has-post-thumbnail","category-entretenimiento","tag-entertainment","tag-entretenimiento","tag-es","tag-espana","tag-festejos-taurinos","tag-malaga","tag-morante","tag-patricia-navarro","tag-spain","tag-toros"],"share_on_mastodon":{"url":"https:\/\/pubeurope.com\/@es\/117149046031284731","error":""},"_links":{"self":[{"href":"https:\/\/www.europesays.com\/es\/wp-json\/wp\/v2\/posts\/728060","targetHints":{"allow":["GET"]}}],"collection":[{"href":"https:\/\/www.europesays.com\/es\/wp-json\/wp\/v2\/posts"}],"about":[{"href":"https:\/\/www.europesays.com\/es\/wp-json\/wp\/v2\/types\/post"}],"author":[{"embeddable":true,"href":"https:\/\/www.europesays.com\/es\/wp-json\/wp\/v2\/users\/2"}],"replies":[{"embeddable":true,"href":"https:\/\/www.europesays.com\/es\/wp-json\/wp\/v2\/comments?post=728060"}],"version-history":[{"count":0,"href":"https:\/\/www.europesays.com\/es\/wp-json\/wp\/v2\/posts\/728060\/revisions"}],"wp:featuredmedia":[{"embeddable":true,"href":"https:\/\/www.europesays.com\/es\/wp-json\/wp\/v2\/media\/728061"}],"wp:attachment":[{"href":"https:\/\/www.europesays.com\/es\/wp-json\/wp\/v2\/media?parent=728060"}],"wp:term":[{"taxonomy":"category","embeddable":true,"href":"https:\/\/www.europesays.com\/es\/wp-json\/wp\/v2\/categories?post=728060"},{"taxonomy":"post_tag","embeddable":true,"href":"https:\/\/www.europesays.com\/es\/wp-json\/wp\/v2\/tags?post=728060"}],"curies":[{"name":"wp","href":"https:\/\/api.w.org\/{rel}","templated":true}]}}