{"id":728074,"date":"2026-08-24T06:32:25","date_gmt":"2026-08-24T06:32:25","guid":{"rendered":"https:\/\/www.europesays.com\/es\/728074\/"},"modified":"2026-08-24T06:32:25","modified_gmt":"2026-08-24T06:32:25","slug":"siete-heridos-tras-una-caida-durante-una-marcha-cicloturista-en-carrizo-dos-han-sido-trasladados-al-hospital","status":"publish","type":"post","link":"https:\/\/www.europesays.com\/es\/728074\/","title":{"rendered":"Siete heridos tras una ca\u00edda durante una marcha cicloturista en Carrizo: dos han sido trasladados al hospital"},"content":{"rendered":"<p class=\"paragraph\" id=\"paragraph_1\">Cinco ciclistas han resultado heridos leves y otros dos han sido trasladados por Sacyl al hospital tras una ca\u00edda cuando estaban realizando una marcha cicloturista esta ma\u00f1ana en Carrizo (Le\u00f3n).<\/p>\n<p class=\"paragraph\" id=\"paragraph_2\">Los hechos han ocurrido sobre las 13 horas, en el kil\u00f3metro 37 de la LE-420, cuando la Guardia Civil de Tr\u00e1fico de Le\u00f3n avisa al 112 de lo sucedido.<\/p>\n<p class=\"paragraph\" id=\"paragraph_3\">Sacyl moviliz\u00f3 un equipo m\u00e9dico y dos ambulancias de soporte vital b\u00e1sico hasta all\u00ed y en el lugar se confirm\u00f3 a los cinco heridos leves con rozaduras, que no han precisado traslado. <\/p>\n<p class=\"paragraph\" id=\"paragraph_4\">Sin embargo, otros dos han sido trasladados por Sacyl en ambulancia de soporte vital b\u00e1sico al Complejo Asistencial Universitario de Le\u00f3n.<\/p>\n","protected":false},"excerpt":{"rendered":"Cinco ciclistas han resultado heridos leves y otros dos han sido trasladados por Sacyl al hospital tras una&hellip;\n","protected":false},"author":2,"featured_media":728075,"comment_status":"","ping_status":"","sticky":false,"template":"","format":"standard","meta":{"footnotes":""},"categories":[273],"tags":[313,2838,312,168,25,24,4108,21084,23,167,86011],"class_list":["post-728074","post","type-post","status-publish","format-standard","has-post-thumbnail","category-ciclismo","tag-ciclismo","tag-ciclistas","tag-cycling","tag-deportes","tag-es","tag-espana","tag-leon","tag-leon-provincia","tag-spain","tag-sports","tag-sucesos-castilla-y-leon"],"share_on_mastodon":{"url":"","error":""},"_links":{"self":[{"href":"https:\/\/www.europesays.com\/es\/wp-json\/wp\/v2\/posts\/728074","targetHints":{"allow":["GET"]}}],"collection":[{"href":"https:\/\/www.europesays.com\/es\/wp-json\/wp\/v2\/posts"}],"about":[{"href":"https:\/\/www.europesays.com\/es\/wp-json\/wp\/v2\/types\/post"}],"author":[{"embeddable":true,"href":"https:\/\/www.europesays.com\/es\/wp-json\/wp\/v2\/users\/2"}],"replies":[{"embeddable":true,"href":"https:\/\/www.europesays.com\/es\/wp-json\/wp\/v2\/comments?post=728074"}],"version-history":[{"count":0,"href":"https:\/\/www.europesays.com\/es\/wp-json\/wp\/v2\/posts\/728074\/revisions"}],"wp:featuredmedia":[{"embeddable":true,"href":"https:\/\/www.europesays.com\/es\/wp-json\/wp\/v2\/media\/728075"}],"wp:attachment":[{"href":"https:\/\/www.europesays.com\/es\/wp-json\/wp\/v2\/media?parent=728074"}],"wp:term":[{"taxonomy":"category","embeddable":true,"href":"https:\/\/www.europesays.com\/es\/wp-json\/wp\/v2\/categories?post=728074"},{"taxonomy":"post_tag","embeddable":true,"href":"https:\/\/www.europesays.com\/es\/wp-json\/wp\/v2\/tags?post=728074"}],"curies":[{"name":"wp","href":"https:\/\/api.w.org\/{rel}","templated":true}]}}