{"id":728206,"date":"2026-08-24T08:16:23","date_gmt":"2026-08-24T08:16:23","guid":{"rendered":"https:\/\/www.europesays.com\/es\/728206\/"},"modified":"2026-08-24T08:16:23","modified_gmt":"2026-08-24T08:16:23","slug":"top-10-de-la-taquilla-espanola-de-cine-de-ayer-sabado-22-de-agosto-de-2026","status":"publish","type":"post","link":"https:\/\/www.europesays.com\/es\/728206\/","title":{"rendered":"Top 10 de la taquilla espa\u00f1ola de cine de ayer (s\u00e1bado, 22 de agosto de 2026)"},"content":{"rendered":"<p class=\"post-meta\"> <a href=\"https:\/\/www.nosolocine.net\/author\/jose\/\" title=\"\" rel=\"nofollow noopener\" target=\"_blank\">Jose <\/a> agosto 23, 2026 <a href=\"https:\/\/www.nosolocine.net\/category\/estrenos\/\" rel=\"category tag nofollow noopener\" target=\"_blank\">Estrenos<\/a>, <a href=\"https:\/\/www.nosolocine.net\/category\/listas\/\" rel=\"category tag nofollow noopener\" target=\"_blank\">Listas<\/a>, <a href=\"https:\/\/www.nosolocine.net\/category\/taquilla\/\" rel=\"category tag nofollow noopener\" target=\"_blank\">Taquilla<\/a>  82 Views<\/p>\n<p><img fetchpriority=\"high\" decoding=\"async\" src=\"https:\/\/www.europesays.com\/es\/wp-content\/uploads\/2026\/08\/u4389523797_mujer_coqueta_en_el_cine_emocionada_viendo_una_pe_1069eacb-50a8-4126-840c-2a26b63ec6b0_2.webp\" class=\"aligncenter size-medium wp-image-152729 lazyload\" alt=\"\" width=\"660\" height=\"660\"\/>En la nueva entrega de la saga de terror \u00abInsidious\u00bb ya no aparece Patrick Wilson, su protagonista principal y a pesar de eso el viernes fue la pel\u00edcula m\u00e1s taquillera en los cines espa\u00f1oles, superando los 500.000 \u20ac de recaudaci\u00f3n el d\u00eda de su estreno.<\/p>\n<p>Tal y como hab\u00eda comentado, ayer perdi\u00f3 el liderato y dos posiciones, siendo tercera en el ranking espa\u00f1ol de la taquilla de cines. Eso s\u00ed, parece que superar\u00e1 ampliamente a sus antecesoras, recaudando en su primer fin de semana m\u00e1s de un mill\u00f3n de euros.<\/p>\n<p>El top 10 qued\u00f3 ayer (22-8-2026) as\u00ed:<\/p>\n<ol>\n<li>\u00abSpider-man: Brand new day\u00bb<\/li>\n<li>\u00abLa Odisea\u00bb<\/li>\n<li>\u00abIndisious: fuera del m\u00e1s all\u00e1\u00bb<\/li>\n<li>\u00abEl final de Oak Street\u00bb<\/li>\n<li>\u00abEl mot\u00edn\u00bb<\/li>\n<li>\u00abA todo gas\u00bb (Fast &amp; furious)<\/li>\n<li>\u00abLa patrulla canina: La dino pel\u00edcula\u00bb<\/li>\n<li>\u00abMinions &amp; Monsters\u00bb<\/li>\n<li>\u00abToy Story 5\u00bb<\/li>\n<li>\u00abMarsupilami\u00bb<\/li>\n<\/ol>\n<p>Continuar\u00e1\u2026<\/p>\n<p> <img decoding=\"async\" class=\"author-img\" src=\"https:\/\/www.europesays.com\/es\/wp-content\/uploads\/2026\/08\/1787559382_457_JLP-camisetta-nosolocine-ok-1.-Foto-by-Bianca-Baust-scaled.jpg\" alt=\"\"\/><\/p>\n<p>Jos\u00e9 L\u00f3pez P\u00e9rez Cineasta, escritor. Director y creador de www.nosolocine.net<\/p>\n<p style=\"text-align: center;\">@JLPnosolocine<\/p>\n<p>\u00a0<\/p>\n<p>\u00a0<\/p>\n<p>\u00a0<\/p>\n<p>   <a href=\"#\" id=\"check-also-close\"><\/a><\/p>\n<p>Check Also<\/p>\n<p> <a href=\"https:\/\/www.nosolocine.net\/mas-informacion-sobre-la-recaudacion-de-los-cines-espanoles-durante-el-pasado-fin-de-semana-14-16-de-agosto-de-2026\/\" rel=\"nofollow noopener\" target=\"_blank\"> <img loading=\"lazy\" width=\"360\" height=\"200\" src=\"https:\/\/www.europesays.com\/es\/wp-content\/uploads\/2026\/08\/1787559383_98_u4389523797_mujer_coqueta_en_el_cine_emocionada_viendo_una_pe_1069eacb-50a8-4126-840c-2a26b63ec6b0_0.webp\" class=\"attachment-sahifa-medium size-sahifa-medium\" alt=\"\" decoding=\"async\"  \/>  <\/a><\/p>\n<p>Aqu\u00ed pod\u00e9is recuperar mi art\u00edculo de ayer, con las primeras cifras de taquilla de los \u2026<\/p>\n","protected":false},"excerpt":{"rendered":"Jose agosto 23, 2026 Estrenos, Listas, Taquilla 82 Views En la nueva entrega de la saga de terror&hellip;\n","protected":false},"author":2,"featured_media":728207,"comment_status":"","ping_status":"","sticky":false,"template":"","format":"standard","meta":{"footnotes":""},"categories":[169],"tags":[128571,177,146,147,25,24,176,129729,117356,175,23,4314,52272],"class_list":["post-728206","post","type-post","status-publish","format-standard","has-post-thumbnail","category-cine","tag-a-todo-gas","tag-cine","tag-entertainment","tag-entretenimiento","tag-es","tag-espana","tag-film","tag-indisious-fuera-del-mas-alla","tag-jose-lopez-perez","tag-movies","tag-spain","tag-taquilla","tag-toy-story-5"],"share_on_mastodon":{"url":"https:\/\/pubeurope.com\/@es\/117149500004438683","error":""},"_links":{"self":[{"href":"https:\/\/www.europesays.com\/es\/wp-json\/wp\/v2\/posts\/728206","targetHints":{"allow":["GET"]}}],"collection":[{"href":"https:\/\/www.europesays.com\/es\/wp-json\/wp\/v2\/posts"}],"about":[{"href":"https:\/\/www.europesays.com\/es\/wp-json\/wp\/v2\/types\/post"}],"author":[{"embeddable":true,"href":"https:\/\/www.europesays.com\/es\/wp-json\/wp\/v2\/users\/2"}],"replies":[{"embeddable":true,"href":"https:\/\/www.europesays.com\/es\/wp-json\/wp\/v2\/comments?post=728206"}],"version-history":[{"count":0,"href":"https:\/\/www.europesays.com\/es\/wp-json\/wp\/v2\/posts\/728206\/revisions"}],"wp:featuredmedia":[{"embeddable":true,"href":"https:\/\/www.europesays.com\/es\/wp-json\/wp\/v2\/media\/728207"}],"wp:attachment":[{"href":"https:\/\/www.europesays.com\/es\/wp-json\/wp\/v2\/media?parent=728206"}],"wp:term":[{"taxonomy":"category","embeddable":true,"href":"https:\/\/www.europesays.com\/es\/wp-json\/wp\/v2\/categories?post=728206"},{"taxonomy":"post_tag","embeddable":true,"href":"https:\/\/www.europesays.com\/es\/wp-json\/wp\/v2\/tags?post=728206"}],"curies":[{"name":"wp","href":"https:\/\/api.w.org\/{rel}","templated":true}]}}