{"id":72824,"date":"2025-08-26T06:36:11","date_gmt":"2025-08-26T06:36:11","guid":{"rendered":"https:\/\/www.europesays.com\/es\/72824\/"},"modified":"2025-08-26T06:36:11","modified_gmt":"2025-08-26T06:36:11","slug":"diez-anos-sin-miguel-angel-gomez","status":"publish","type":"post","link":"https:\/\/www.europesays.com\/es\/72824\/","title":{"rendered":"Diez a\u00f1os sin Miguel \u00c1ngel G\u00f3mez"},"content":{"rendered":"<p>Hace diez a\u00f1os, un 26 de agosto de 2015, nos dejaba inesperadamente Miguel \u00c1ngel G\u00f3mez, un pintor vocacional cuyo recuerdo sigue estando hoy muy presente.<\/p>\n<p>Miguel \u00c1ngel G\u00f3mez naci\u00f3 en \u00c1vila en 1945. Pronto se dio cuenta de que gracias al dibujo pod\u00eda conocer otros mundos, vivir otras vidas, y ya a los 16 a\u00f1os empieza a trabajar como ilustrador para editoriales como Roll\u00e1n o Bruguera.<\/p>\n<p>En 1967 se traslada a Sevilla para cursar estudios de Bellas Artes. Pero durante su juventud, buscando algo que quiz\u00e1 estuviera m\u00e1s all\u00e1 o m\u00e1s ac\u00e1 de lo que pod\u00edan proporcionarle los estudios, cambia varias veces de escenario. A Sevilla le suceden Barcelona, C\u00f3rdoba, M\u00e1laga, Ceuta, Madrid&#8230;<\/p>\n<p><img decoding=\"async\" loading=\"lazy\" src=\"https:\/\/www.europesays.com\/es\/wp-content\/uploads\/2025\/08\/361600DA-9901-45D8-9BF915EA51463F9C.JPG\" alt=\"Diez a\u00f1os sin Miguel \u00c1ngel G\u00f3mez\" border=\"0\"\/>Diez a\u00f1os sin Miguel \u00c1ngel G\u00f3mezA \u00c1vila siempre vuelve. Es all\u00ed donde instala su estudio y desde donde emprende un viaje a M\u00e9xico en 1978 para exponer en el Ateneo Espa\u00f1ol del D.F. Tras su estancia en las Am\u00e9ricas regresa a su tierra natal, donde realiza una \u00fanica exposici\u00f3n individual de grabados y pinturas en 1981.<\/p>\n<p>En 1984 obtiene un puesto de profesor de Dibujo Art\u00edstico en la Escuela de Artes y Oficios de Valladolid. Por aquel entonces se casa con Sonsoles Ibarrondo. Tanto su situaci\u00f3n laboral como familiar le llevan a asentarse en Valladolid, que desde entonces pasa a ser su lugar de residencia y trabajo. Sin embargo, no deja nunca de frecuentar \u00c1vila: si en Valladolid pasa los meses escolares, a \u00c1vila le tocan los estivales. Y si en Valladolid toca refugiarse en el estudio durante los meses de invierno, en \u00c1vila encuentra luz y expansi\u00f3n durante el verano. Esto mismo le sucede a su pintura, que late entre la introspecci\u00f3n del estudio y la apertura a los paisajes de su tierra y sus gentes.<\/p>\n<p>Miguel \u00c1ngel fallece inesperadamente el 26 de agosto de 2015, mientras pasaba el verano en \u00c1vila como cada a\u00f1o y no habiendo dejado nunca de pintar.\u00a0<\/p>\n<p><img decoding=\"async\" loading=\"lazy\" src=\"https:\/\/www.europesays.com\/es\/wp-content\/uploads\/2025\/08\/72ABB2DB-820D-418A-BD923B848E6BCBD8.JPG\" alt=\"Diez a\u00f1os sin Miguel \u00c1ngel G\u00f3mez\" border=\"0\"\/>Diez a\u00f1os sin Miguel \u00c1ngel G\u00f3mezUn a\u00f1o despu\u00e9s de su fallecimiento, tres amigos de Miguel \u00c1ngel, los tres artistas, junto a su hija, Mar\u00eda, organizaron una exposici\u00f3n retrospectiva de sus obras con la que quisieron rendirle homenaje a t\u00edtulo p\u00f3stuimo.<\/p>\n<p><img decoding=\"async\" loading=\"lazy\" src=\"https:\/\/www.europesays.com\/es\/wp-content\/uploads\/2025\/08\/80A82B40-4E77-4B87-B90196A542FFA5D1.JPG\" alt=\"Diez a\u00f1os sin Miguel \u00c1ngel G\u00f3mez\" border=\"0\"\/>Diez a\u00f1os sin Miguel \u00c1ngel G\u00f3mezLa exposici\u00f3n, que permaneci\u00f3 en el Palacio Los Serrano durante dos meses (entre noviembre de 2016 y enero de 2017), se centr\u00f3 en la pintura de Miguel \u00c1ngel, y recogi\u00f3 aspectos biogr\u00e1ficos del artista a trav\u00e9s de obras que iban desde 1967 hasta el a\u00f1o 2015. Adem\u00e1s, para hacer del recuerdo un homenaje, sus amigos reunieron a otros colegas de Miguel \u00c1ngel para acompa\u00f1ar sus obras desde la pintura o la escultura. As\u00ed es como Ahmed Ben Yessef, Fausto Bl\u00e1zquez, Leopoldo del Br\u00edo, Miguel \u00c1ngel Esp\u00ed, Antonio Mar\u00edn Corredera, Miguel \u00c1ngel M\u00e9ndez, Mar\u00eda Teresa M\u00e9ndez, Paco Garc\u00eda, Violeta Garc\u00eda Server, Mar\u00eda G\u00f3mez Ibarrondo, Tom\u00e1s G\u00f3mez, Javier Paradinas, Marcelo Sa\u00e9z Guada\u00f1o, Fernando S\u00e1nchez, Emilio S\u00fajar Romero, Gabriel Ramos, \u00c1ngel Sardina y Jes\u00fas Velayos, expusieron juntos sus obras para mantener a Miguel \u00c1ngel in memoriam. Un recuerdo que hoy sigue estando muy presente y m\u00e1s cuando se cumplen diez a\u00f1os de su marcha.<\/p>\n","protected":false},"excerpt":{"rendered":"Hace diez a\u00f1os, un 26 de agosto de 2015, nos dejaba inesperadamente Miguel \u00c1ngel G\u00f3mez, un pintor vocacional&hellip;\n","protected":false},"author":2,"featured_media":72825,"comment_status":"","ping_status":"","sticky":false,"template":"","format":"standard","meta":{"footnotes":""},"categories":[173],"tags":[229,233,231,230,7607,210,4486,2760,232,234,146,147,25,28657,24,241,205,3855,1906,28658,1171,23,1607],"class_list":{"0":"post-72824","1":"post","2":"type-post","3":"status-publish","4":"format-standard","5":"has-post-thumbnail","7":"category-arte-y-diseno","8":"tag-arte","9":"tag-arte-y-diseno","10":"tag-arts","11":"tag-arts-and-design","12":"tag-avila","13":"tag-barcelona","14":"tag-ceuta","15":"tag-cordoba","16":"tag-design","17":"tag-diseno","18":"tag-entertainment","19":"tag-entretenimiento","20":"tag-es","21":"tag-escuela-de-artes","22":"tag-espana","23":"tag-exposiciones","24":"tag-madrid","25":"tag-malaga","26":"tag-mexico","27":"tag-palacio-los-serrano","28":"tag-sevilla","29":"tag-spain","30":"tag-valladolid"},"share_on_mastodon":{"url":"","error":""},"_links":{"self":[{"href":"https:\/\/www.europesays.com\/es\/wp-json\/wp\/v2\/posts\/72824","targetHints":{"allow":["GET"]}}],"collection":[{"href":"https:\/\/www.europesays.com\/es\/wp-json\/wp\/v2\/posts"}],"about":[{"href":"https:\/\/www.europesays.com\/es\/wp-json\/wp\/v2\/types\/post"}],"author":[{"embeddable":true,"href":"https:\/\/www.europesays.com\/es\/wp-json\/wp\/v2\/users\/2"}],"replies":[{"embeddable":true,"href":"https:\/\/www.europesays.com\/es\/wp-json\/wp\/v2\/comments?post=72824"}],"version-history":[{"count":0,"href":"https:\/\/www.europesays.com\/es\/wp-json\/wp\/v2\/posts\/72824\/revisions"}],"wp:featuredmedia":[{"embeddable":true,"href":"https:\/\/www.europesays.com\/es\/wp-json\/wp\/v2\/media\/72825"}],"wp:attachment":[{"href":"https:\/\/www.europesays.com\/es\/wp-json\/wp\/v2\/media?parent=72824"}],"wp:term":[{"taxonomy":"category","embeddable":true,"href":"https:\/\/www.europesays.com\/es\/wp-json\/wp\/v2\/categories?post=72824"},{"taxonomy":"post_tag","embeddable":true,"href":"https:\/\/www.europesays.com\/es\/wp-json\/wp\/v2\/tags?post=72824"}],"curies":[{"name":"wp","href":"https:\/\/api.w.org\/{rel}","templated":true}]}}