{"id":728284,"date":"2026-08-24T09:09:11","date_gmt":"2026-08-24T09:09:11","guid":{"rendered":"https:\/\/www.europesays.com\/es\/728284\/"},"modified":"2026-08-24T09:09:11","modified_gmt":"2026-08-24T09:09:11","slug":"canada-cierra-filas-con-carney-ante-una-posible-guerra-comercial-prolongada-con-eeuu","status":"publish","type":"post","link":"https:\/\/www.europesays.com\/es\/728284\/","title":{"rendered":"Canad\u00e1 cierra filas con Carney ante una posible guerra comercial prolongada con EEUU"},"content":{"rendered":"<p class=\"L6-news-detail__text\"><b>La sociedad canadiense cierra filas con su primer ministro, Mark Carney<\/b>, tras su decisi\u00f3n de <b><a title=\"plantar cara a Estados Unidos\" href=\"https:\/\/www.lasexta.com\/noticias\/internacional\/trump-carga-canada-ruptura-negociaciones-comerciales-quieren-disfrutar-ventajas-ser-estado-serlo_202608236a8a956aa046ad6ebcc25886.html\" target=\"_blank\" rel=\"nofollow noopener\">plantar cara a Estados Unidos<\/a><\/b>. Tanto los representantes pol\u00edticos como los sindicales y los distintos colectivos sociales han mostrado su apoyo al jefe del Gobierno ante la posibilidad de una <b>guerra comercial prolongada con Washington tras el fracaso de las negociaciones<\/b>.<\/p>\n<p class=\"L6-news-detail__text\">Los gobiernos regionales, los medios de comunicaci\u00f3n y los sindicatos han respaldado<b> la negativa de Carney a aceptar un acuerdo que, seg\u00fan explic\u00f3 el s\u00e1bado, amenazaba la soberan\u00eda canadiense<\/b>, habr\u00eda limitado su capacidad para negociar tratados con otros pa\u00edses y perjudicado sectores estrat\u00e9gicos como el autom\u00f3vil. Incluso <b>el l\u00edder conservador, Pierre Poilievre, habitualmente muy cr\u00edtico con Carney, afirm\u00f3 que Canad\u00e1 no pod\u00eda aceptar \u00abun mal acuerdo\u00bb <\/b>y reclam\u00f3 unidad nacional ante los aranceles estadounidenses.<\/p>\n<p class=\"L6-news-detail__text\">La principal excepci\u00f3n ha sido la primera ministra de Alberta, la populista conservadora Danielle Smith, que apoy\u00f3 abandonar las negociaciones pero cuestion\u00f3 la respuesta arancelaria canadiense. Tambi\u00e9n los grupos sindicales han cerrado filas. Unifor, el mayor sindicato del sector privado canadiense y con fuerte presencia en la industria automovil\u00edstica, afirm\u00f3 que los negociadores hicieron \u00ablo correcto\u00bb al abandonar la mesa y pidi\u00f3 represalias estrat\u00e9gicas contra Washington.<\/p>\n<p class=\"L6-news-detail__text\"><b>El respaldo se extiende a varios de los principales comentaristas pol\u00edticos y econ\u00f3micos del pa\u00eds<\/b>, que este domingo sostienen que aceptar las \u00faltimas exigencias de Washington habr\u00eda supuesto sacrificar la soberan\u00eda canadiense sin garantizar estabilidad comercial.<\/p>\n<p class=\"L6-news-detail__text\">Canad\u00e1 se prepara ahora para una confrontaci\u00f3n prolongada. Los nuevos aranceles estadounidenses del 50 %, vigentes desde la medianoche del s\u00e1bado, afectan a unos 28.000 millones de d\u00f3lares canadienses en exportaciones (unos 20.000 millones de d\u00f3lares estadounidenses), principalmente manufacturas. Ottawa ha anunciado represalias \u00abd\u00f3lar por d\u00f3lar\u00bb a partir del 8 de septiembre.<\/p>\n<p class=\"L6-news-detail__text\">La instituci\u00f3n financiera Royal Bank of Canada (RBC), uno de los principales bancos del pa\u00eds, estima que las nuevas tarifas pueden restar alrededor de cuatro d\u00e9cimas al Producto Interior Bruto (PIB) canadiense, mientras sectores como electr\u00f3nica, textiles, muebles, madera y papel se encuentran entre los m\u00e1s expuestos.<\/p>\n<p class=\"L6-news-detail__text\">El sector empresarial, aunque respalda evitar un mal acuerdo, advierte de que<b> la incertidumbre puede frenar inversiones y prolongarse mientras Trump permanezca en la Casa Blanca<\/b>.<\/p>\n<p>Trump vuelve a la carga<\/p>\n<p class=\"L6-news-detail__text\">El presidente estadounidense guard\u00f3 silencio durante todo el s\u00e1bado, pero en la madrugada de este domingo volvi\u00f3 a cargar contra lo que ya ha calificado de \u00abcontinua discriminaci\u00f3n\u00bb y \u00abtrato desigual\u00bb al comercio estadounidense por parte de Ottawa. \u00a1\u00a1\u00a1<b>Canad\u00e1 quiere los beneficios de ser un estado, sin serlo<\/b>!!! Adem\u00e1s, durante muchos a\u00f1os han impuesto enormes aranceles a nuestros magn\u00edficos agricultores. \u00a1\u00a1\u00a1Se acab\u00f3!!!\u00bb, public\u00f3 el mandatario en su red Truth Social.<\/p>\n<p class=\"L6-news-detail__text\">Un d\u00eda antes, el representante comercial estadounidense, Jamieson Greer, dijo a Fox News que <b>\u00abno hay nuevas conversaciones previstas con los canadienses\u00bb y agreg\u00f3 que estos nuevos aranceles son \u00abcontramedidas\u00bb ante lo que calific\u00f3 de \u00abun a\u00f1o de represalias\u00bb<\/b> por las pol\u00edticas comerciales de Trump en lo que va de su segundo mandato.<\/p>\n<p class=\"L6-news-detail__text\"><b><a title=\"*A\u00f1ade laSexta como tu medio de referencia en Google y no te pierdas toda la actualidad y el mejor contenido\" href=\"https:\/\/www.google.com\/preferences\/source?q=lasexta.com\" target=\"_blank\" rel=\"nofollow noopener\">*A\u00f1ade laSexta como tu medio de referencia en Google y no te pierdas toda la actualidad y el mejor contenido<\/a><\/b><\/p>\n<p class=\"L6-support-news-video__title\">Caen las temperaturas<\/p>\n<p> <a href=\"https:\/\/www.lasexta.com\/noticias\/el-tiempo\/calor-paso-inestabilidad-aviso-naranja-cataluna-aragon-tormentas-baleares-meteotsunami_202608246a8bed267b9bc81c9ed692cc.html\" class=\"L6-news__link\" rel=\"nofollow noopener\" target=\"_blank\">El calor da paso a la inestabilidad: aviso naranja en Catalu\u00f1a y Arag\u00f3n por tormentas y en Baleares por meteotsunami<\/p>\n<p class=\"recirculation-video-desc\">Los detalles El nivel naranja de las Islas Baleares solo est\u00e1 activado en la zona costera de Menorca, en peligro importante de rissaga durante todo el d\u00eda con una oscilaci\u00f3n del nivel del mar prevista de 1,2 metros.<\/p>\n<p> <\/a><\/p>\n","protected":false},"excerpt":{"rendered":"La sociedad canadiense cierra filas con su primer ministro, Mark Carney, tras su decisi\u00f3n de plantar cara a&hellip;\n","protected":false},"author":2,"featured_media":728285,"comment_status":"","ping_status":"","sticky":false,"template":"","format":"standard","meta":{"footnotes":""},"categories":[42],"tags":[17,18,3730,2125,352,115,13,14,11,61,62,63,64,19,20,9,10,15,110362,16,12,21,22,65,66,67],"class_list":["post-728284","post","type-post","status-publish","format-standard","has-post-thumbnail","category-internacional","tag-breaking-news","tag-breakingnews","tag-canada","tag-directo","tag-donald-trump","tag-eeuu","tag-featured-news","tag-featurednews","tag-headlines","tag-internacional","tag-international","tag-international-news","tag-internationalnews","tag-latest-news","tag-latestnews","tag-news","tag-noticias","tag-noticias-destacadas","tag-noticias-ultima-hora","tag-noticiasdestacadas","tag-titulares","tag-ultimas-noticias","tag-ultimasnoticias","tag-world","tag-world-news","tag-worldnews"],"share_on_mastodon":{"url":"https:\/\/pubeurope.com\/@es\/117149707159843316","error":""},"_links":{"self":[{"href":"https:\/\/www.europesays.com\/es\/wp-json\/wp\/v2\/posts\/728284","targetHints":{"allow":["GET"]}}],"collection":[{"href":"https:\/\/www.europesays.com\/es\/wp-json\/wp\/v2\/posts"}],"about":[{"href":"https:\/\/www.europesays.com\/es\/wp-json\/wp\/v2\/types\/post"}],"author":[{"embeddable":true,"href":"https:\/\/www.europesays.com\/es\/wp-json\/wp\/v2\/users\/2"}],"replies":[{"embeddable":true,"href":"https:\/\/www.europesays.com\/es\/wp-json\/wp\/v2\/comments?post=728284"}],"version-history":[{"count":0,"href":"https:\/\/www.europesays.com\/es\/wp-json\/wp\/v2\/posts\/728284\/revisions"}],"wp:featuredmedia":[{"embeddable":true,"href":"https:\/\/www.europesays.com\/es\/wp-json\/wp\/v2\/media\/728285"}],"wp:attachment":[{"href":"https:\/\/www.europesays.com\/es\/wp-json\/wp\/v2\/media?parent=728284"}],"wp:term":[{"taxonomy":"category","embeddable":true,"href":"https:\/\/www.europesays.com\/es\/wp-json\/wp\/v2\/categories?post=728284"},{"taxonomy":"post_tag","embeddable":true,"href":"https:\/\/www.europesays.com\/es\/wp-json\/wp\/v2\/tags?post=728284"}],"curies":[{"name":"wp","href":"https:\/\/api.w.org\/{rel}","templated":true}]}}