{"id":728392,"date":"2026-08-24T10:33:12","date_gmt":"2026-08-24T10:33:12","guid":{"rendered":"https:\/\/www.europesays.com\/es\/728392\/"},"modified":"2026-08-24T10:33:12","modified_gmt":"2026-08-24T10:33:12","slug":"paises-bajos-anuncia-que-no-participara-de-nuevo-en-eurovision-por-la-presencia-de-israel","status":"publish","type":"post","link":"https:\/\/www.europesays.com\/es\/728392\/","title":{"rendered":"Pa\u00edses Bajos anuncia que no participar\u00e1 de nuevo en Eurovisi\u00f3n por la presencia de Israel"},"content":{"rendered":"<p class=\"v-d-p\" style=\"\">Pa\u00edses Bajos anunci\u00f3 este lunes que no participar\u00e1 en el <a href=\"https:\/\/www.abc.es\/play\/television\/eurovision\/ciudad-bulgara-burgas-acogera-festival-eurovision-2027-20260813103847-nt.html\" title=\"\" data-voc-vtm-id=\"in-text-traffic\" data-mrf-link=\"www.abc.es\" rel=\"nofollow noopener\" target=\"_blank\">Festival de Eurovisi\u00f3n<\/a> del pr\u00f3ximo a\u00f1o por considerar que el evento \u00abya no puede considerarse neutral\u00bb, dadas las divisiones en torno a la guerra en Gaza.<\/p>\n<p class=\"v-d-p\" style=\"\">\u00abEs innegable que los conflictos internacionales afectan  &#8230; cada vez m\u00e1s al Festival, <strong>socavando su car\u00e1cter neutral<\/strong>. El Festival de Eurovisi\u00f3n se ha convertido por tanto en una plataforma de divisi\u00f3n\u00bb, declar\u00f3 Taco Zimmerman, director general de AVROTROS, en un comunicado de esa cadena p\u00fablica.<\/p>\n<p class=\"v-d-p\" style=\"\">El certamen se ha visto recientemente sacudido por una ola de <strong>boicots debido a la participaci\u00f3n de Israel<\/strong>.<\/p>\n<ul class=\"v-cmp-rld__u\">\n<li class=\"v-cmp-rld__l\">\n<p><a class=\"v-a-lnk\" href=\"http:\/\/www.abc.es\/play\/television\/rtve-participara-festival-eurovision-junior-2026-20260724154916-nt.html#vtm_modulosEngag=noticiasrelacionadas-cmp-uno:play:noticia:1\" data-voc-vtm-id=\"in-text-traffic\" rel=\"nofollow noopener\" target=\"_blank\"><br \/>\n<img decoding=\"async\" loading=\"lazy\" src=\"https:\/\/www.europesays.com\/es\/wp-content\/uploads\/2026\/08\/eurivison-junior-abc-U05014018824pue-366x256@diario_abc.jpg\" class=\"v-a-img\" width=\"258\" height=\"180\" alt=\"RTVE confirma su participaci\u00f3n en el festival de Eurovisi\u00f3n Junior 2026... y se mantiene el silencio sobre el senior\"\/><br \/>\n<\/a><\/p>\n<\/li>\n<\/ul>\n<p class=\"v-d-p\" style=\"\">A comienzos de este mes, los organizadores anunciaron que exclu\u00edan de la posibilidad de acoger una edici\u00f3n del evento en un pa\u00eds implicado en un conflicto armado.<\/p>\n<p class=\"v-d-p\" style=\"\">Israel estuvo cerca de ganar el concurso tanto en 2025 como en 2026, pero finalmente termin\u00f3 en segundo lugar en ambas ocasiones.<\/p>\n<p class=\"v-d-p\" style=\"\">La edici\u00f3n de 2026 fue seguida por 131 millones de espectadores, 35 millones menos que el a\u00f1o anterior, despu\u00e9s de que cinco pa\u00edses la boicotearan por la participaci\u00f3n de Israel.<\/p>\n<p class=\"v-d-p\" style=\"\">Antes de Pa\u00edses Bajos,<strong> Islandia, Espa\u00f1a, Irlanda y Eslovenia <\/strong>ya se retiraron del concurso, y estos tres \u00faltimos se negaron incluso a retransmitir el espect\u00e1culo.<\/p>\n<p class=\"v-d-p\" style=\"\">Los neerlandeses participaron en el primer Festival de Eurovisi\u00f3n en 1956 y lo han ganado en cinco ocasiones.<\/p>\n","protected":false},"excerpt":{"rendered":"Pa\u00edses Bajos anunci\u00f3 este lunes que no participar\u00e1 en el Festival de Eurovisi\u00f3n del pr\u00f3ximo a\u00f1o por considerar&hellip;\n","protected":false},"author":2,"featured_media":728393,"comment_status":"","ping_status":"","sticky":false,"template":"","format":"standard","meta":{"footnotes":""},"categories":[171],"tags":[4187,8524,146,147,25,24,24121,74,524,8523,1919,2682,23,214],"class_list":["post-728392","post","type-post","status-publish","format-standard","has-post-thumbnail","category-tv","tag-anuncia","tag-bajos","tag-entertainment","tag-entretenimiento","tag-es","tag-espana","tag-eurovision","tag-israel","tag-nuevo","tag-paises","tag-participara","tag-presencia","tag-spain","tag-tv"],"share_on_mastodon":{"url":"https:\/\/pubeurope.com\/@es\/117150038246383179","error":""},"_links":{"self":[{"href":"https:\/\/www.europesays.com\/es\/wp-json\/wp\/v2\/posts\/728392","targetHints":{"allow":["GET"]}}],"collection":[{"href":"https:\/\/www.europesays.com\/es\/wp-json\/wp\/v2\/posts"}],"about":[{"href":"https:\/\/www.europesays.com\/es\/wp-json\/wp\/v2\/types\/post"}],"author":[{"embeddable":true,"href":"https:\/\/www.europesays.com\/es\/wp-json\/wp\/v2\/users\/2"}],"replies":[{"embeddable":true,"href":"https:\/\/www.europesays.com\/es\/wp-json\/wp\/v2\/comments?post=728392"}],"version-history":[{"count":0,"href":"https:\/\/www.europesays.com\/es\/wp-json\/wp\/v2\/posts\/728392\/revisions"}],"wp:featuredmedia":[{"embeddable":true,"href":"https:\/\/www.europesays.com\/es\/wp-json\/wp\/v2\/media\/728393"}],"wp:attachment":[{"href":"https:\/\/www.europesays.com\/es\/wp-json\/wp\/v2\/media?parent=728392"}],"wp:term":[{"taxonomy":"category","embeddable":true,"href":"https:\/\/www.europesays.com\/es\/wp-json\/wp\/v2\/categories?post=728392"},{"taxonomy":"post_tag","embeddable":true,"href":"https:\/\/www.europesays.com\/es\/wp-json\/wp\/v2\/tags?post=728392"}],"curies":[{"name":"wp","href":"https:\/\/api.w.org\/{rel}","templated":true}]}}