{"id":728414,"date":"2026-08-24T10:51:16","date_gmt":"2026-08-24T10:51:16","guid":{"rendered":"https:\/\/www.europesays.com\/es\/728414\/"},"modified":"2026-08-24T10:51:16","modified_gmt":"2026-08-24T10:51:16","slug":"carla-brito-en-su-presentacion-con-casademont-zaragoza-la-marea-roja-ha-sido-uno-de-los-factores-por-los-que-venir","status":"publish","type":"post","link":"https:\/\/www.europesays.com\/es\/728414\/","title":{"rendered":"Carla Brito en su presentaci\u00f3n con Casademont Zaragoza: \u00abLa Marea Roja ha sido uno de los factores por los que venir\u00bb"},"content":{"rendered":"<p>La nueva aventura de<strong> Carla Brito<\/strong> en <a target=\"_blank\" href=\"https:\/\/www.aragondigital.es\/basket-zaragoza\/\" rel=\"nofollow noopener\">Casademont Zaragoza<\/a> ya ha comenzado. La joven jugadora <strong>ha sido presentada este lunes<\/strong> como una de las caras nuevas del proyecto rojillo y lo ha hecho en una jornada especial para el club aragon\u00e9s. Ya que el equipo rojillo <strong>ha puesto en marcha su pretemporada <\/strong>con los pertinentes reconocimientos m\u00e9dicos y este martes pisar\u00e1 la pista para realizar <strong>su primer entrenamiento<\/strong> del curso a las \u00f3rdenes de un Carlos Cantero que <a target=\"_blank\" href=\"https:\/\/www.aragondigital.es\/articulo\/basket-zaragoza\/carlos-cantero-regresa-estara-dia-uno-casademont-zaragoza-que-tendra-caras-nuevas-cuerpo-tecnico\/202608231143211003244.html\" rel=\"nofollow noopener\">regresa tras cumplir<\/a> su baja por paternidad.<\/p>\n<p>\u00ab<strong>La verdad que estuve muy emocionada<\/strong> cuando recib\u00ed la llamada. Casademont en los \u00faltimos a\u00f1os ha crecido mucho, es uno de los mejores equipos de Espa\u00f1a y, obviamente,<strong> desde que recibes la llamada te cuesta mucho decir que no<\/strong>\u00ab, explicaba la jugadora canaria que este curso afrontar\u00e1 un importante paso en su carrera tras haber finalizado su etapa universitaria en Estados Unidos.<\/p>\n<p>Precisamente, entre los motivos que terminaron de convencerla para aterrizar en Zaragoza se encuentra la afici\u00f3n de Casademont. \u00ab<strong>La Marea Roja lo vive mucho y apoya al equipo<\/strong>. Es una de las aficiones que m\u00e1s apoya al deporte femenino y es de admirar. <strong>Ha sido uno de los factores por los cuales he querido venir aqu\u00ed<\/strong>\u00ab, reconoc\u00eda la integrante de una plantilla que desde esta semana comenzar\u00e1 a preparar la nueva campa\u00f1a.<\/p>\n<p><img loading=\"lazy\" decoding=\"async\" width=\"1280\" height=\"720\" alt=\"CARLA BRITO PRESENTACION CASADEMONT ZARAGOZA 2\" src=\"https:\/\/www.europesays.com\/es\/wp-content\/uploads\/2026\/08\/2026082412080556745.jpg\" class=\"lazyload\" \/><br \/>\nLa canaria ha sido presentada este lunes como nueva jugadora rojilla. Foto: A.D.<\/p>\n<p>A nivel individual, Brito ha remarcado que su principal objetivo ser\u00e1 seguir creciendo en su primer a\u00f1o en la m\u00e1xima categor\u00eda del baloncesto nacional. \u00ab<strong>S\u00e9 que soy una jugadora joven y que es mi primer a\u00f1o en la Liga<\/strong>, por lo que me tendr\u00e9 que adaptar. Tengo compa\u00f1eras que van a ir al Mundial y que est\u00e1n en la WNBA, <strong>as\u00ed que creo que voy a aprender much\u00edsimo de todas ellas<\/strong>\u00ab, se\u00f1alaba la canaria.<\/p>\n<p>SU POSICI\u00d3N EN LA PISTA<\/p>\n<p>Uno de los factores m\u00e1s relevantes de Brito dentro de la pista es que puede actuar en distintas posiciones en una condici\u00f3n que puede favorecer al equipo de Carlos Cantero. \u00ab<strong>Puedo jugar de lo que me pongan<\/strong>. Si Carlos Cantero me quiere poner de 1, de 2, de 3 o de 4, yo encantada. <strong>Quiero ayudar al equipo en todo lo que pueda<\/strong>\u00ab, aseguraba Brito que ha recibido una primera impresi\u00f3n muy positiva del club.<\/p>\n<p>\u00ab<strong>Casademont es una gran familia<\/strong>. La verdad me han hablado muy bien de todas las jugadoras, de los entrenadores, de la afici\u00f3n, de como lo viven aqu\u00ed y la verdad que <strong>con muchas ganas de adaptarme a todo, de conocer a todo el mundo y de trabajar<\/strong>\u00ab, subrayaba la jugadora canaria que ser\u00e1 una integrante m\u00e1s del primer entrenamiento de pretemporada del club rojillo donde no podr\u00e1n estar ni una Astou Ndour que no se incorporar\u00e1 hasta enero ni las internacionales Mariona Ortiz, Nerea Hermosa y Veronika Vorackova ni Nadia Fingall y Ornella Bankol\u00e9 que se encuentran disputando la WNBA.\u00a0<\/p>\n","protected":false},"excerpt":{"rendered":"La nueva aventura de Carla Brito en Casademont Zaragoza ya ha comenzado. La joven jugadora ha sido presentada&hellip;\n","protected":false},"author":2,"featured_media":728415,"comment_status":"","ping_status":"","sticky":false,"template":"","format":"standard","meta":{"footnotes":""},"categories":[269],"tags":[299,46668,298,46669,168,32571,25,24,129746,338,2436,23,167],"class_list":["post-728414","post","type-post","status-publish","format-standard","has-post-thumbnail","category-baloncesto","tag-baloncesto","tag-basket-zaragoza","tag-basketball","tag-casademont-femenino","tag-deportes","tag-deportes-zaragoza","tag-es","tag-espana","tag-fichajes-casademont","tag-portada","tag-presentacion","tag-spain","tag-sports"],"share_on_mastodon":{"url":"https:\/\/pubeurope.com\/@es\/117150109226717664","error":""},"_links":{"self":[{"href":"https:\/\/www.europesays.com\/es\/wp-json\/wp\/v2\/posts\/728414","targetHints":{"allow":["GET"]}}],"collection":[{"href":"https:\/\/www.europesays.com\/es\/wp-json\/wp\/v2\/posts"}],"about":[{"href":"https:\/\/www.europesays.com\/es\/wp-json\/wp\/v2\/types\/post"}],"author":[{"embeddable":true,"href":"https:\/\/www.europesays.com\/es\/wp-json\/wp\/v2\/users\/2"}],"replies":[{"embeddable":true,"href":"https:\/\/www.europesays.com\/es\/wp-json\/wp\/v2\/comments?post=728414"}],"version-history":[{"count":0,"href":"https:\/\/www.europesays.com\/es\/wp-json\/wp\/v2\/posts\/728414\/revisions"}],"wp:featuredmedia":[{"embeddable":true,"href":"https:\/\/www.europesays.com\/es\/wp-json\/wp\/v2\/media\/728415"}],"wp:attachment":[{"href":"https:\/\/www.europesays.com\/es\/wp-json\/wp\/v2\/media?parent=728414"}],"wp:term":[{"taxonomy":"category","embeddable":true,"href":"https:\/\/www.europesays.com\/es\/wp-json\/wp\/v2\/categories?post=728414"},{"taxonomy":"post_tag","embeddable":true,"href":"https:\/\/www.europesays.com\/es\/wp-json\/wp\/v2\/tags?post=728414"}],"curies":[{"name":"wp","href":"https:\/\/api.w.org\/{rel}","templated":true}]}}