{"id":72842,"date":"2025-08-26T06:46:09","date_gmt":"2025-08-26T06:46:09","guid":{"rendered":"https:\/\/www.europesays.com\/es\/72842\/"},"modified":"2025-08-26T06:46:09","modified_gmt":"2025-08-26T06:46:09","slug":"tres-muertos-en-vietnam-por-el-paso-del-tifon-kajiki","status":"publish","type":"post","link":"https:\/\/www.europesays.com\/es\/72842\/","title":{"rendered":"Tres muertos en Vietnam por el paso del tif\u00f3n Kajiki"},"content":{"rendered":"<p>    <img src=\"https:\/\/www.europesays.com\/es\/wp-content\/uploads\/2025\/08\/72ft29e-item01-ipad-89894344.jpg\" width=\"1024\" height=\"681\" alt=\"\" loading=\"eager\" decoding=\"sync\" fetchpriority=\"high\"\/><\/p>\n<p>            afp_tickers        <\/p>\n<p>        Este contenido fue publicado en    <\/p>\n<p>        26 agosto 2025 &#8211; 07:52\n<\/p>\n<p>Tres personas murieron y 13 resultaron heridas tras el paso del tif\u00f3n Kajiki por Vietnam, donde las operaciones de rescate se han visto entorpecidas por la ca\u00edda de \u00e1rboles y tendido el\u00e9ctrico, informaron el martes las autoridades.<\/p>\n<p>El tif\u00f3n azot\u00f3 el lunes el centro de Vietnam con vientos de hasta 130 km\/h, y arranc\u00f3 techos de miles de casas y dej\u00f3 a m\u00e1s de 1,6 millones de personas sin electricidad.<\/p>\n<p>Las autoridades reportaron el martes el saldo de tres muertos y advirtieron de posibles inundaciones repentinas y deslizamientos en ocho provincias, ante las lluvias torrenciales desatadas por el paso de Kajiki.<\/p>\n<p>En las calles de Vinh, en el centro de Vietnam, periodistas de AFP vieron soldados y rescatistas operando para remover decenas de \u00e1rboles y piezas de tejados que bloqueaban las carreteras.<\/p>\n<p>\u00abUn enorme techo de acero fue arrancado del octavo piso de un edificio y cay\u00f3 en medio de la calle\u00bb, dijo Tran Van Hung, de 65 a\u00f1os.<\/p>\n<p>\u00abFue una suerte que nadie resultara herido. Este tif\u00f3n fue absolutamente aterrador\u00bb, agreg\u00f3.<\/p>\n<p>Vietnam suele sufrir el embate de tifones estacionales, pero el cambio clim\u00e1tico creado por la actividad humana hace que los fen\u00f3menos meteorol\u00f3gicos sean m\u00e1s intensos e impredecibles.<\/p>\n<p>M\u00e1s al norte, en la capital Han\u00f3i, las fuertes lluvias inundaron varias calles y provocaron caos vial la ma\u00f1ana del martes.<\/p>\n<p>Kajiki se debilit\u00f3 a depresi\u00f3n tropical despu\u00e9s de atravesar Vietnam, y avanz\u00f3 al oeste sobre el norte de Laos, donde descarg\u00f3 intensas lluvias.<\/p>\n<p>El tren de alta velocidad Laos-China suspendi\u00f3 servicios el lunes y martes, y algunas carreteras quedaron cortadas.<\/p>\n<p>En Vietnam, m\u00e1s de 100 personas murieron o desaparecieron por desastres naturales en los primeros siete meses de 2025, seg\u00fan el Ministerio de Agricultura.<\/p>\n<p>burs-pdw\/mtp\/mas\/es<\/p>\n","protected":false},"excerpt":{"rendered":"afp_tickers Este contenido fue publicado en 26 agosto 2025 &#8211; 07:52 Tres personas murieron y 13 resultaron heridas&hellip;\n","protected":false},"author":2,"featured_media":72843,"comment_status":"","ping_status":"","sticky":false,"template":"","format":"standard","meta":{"footnotes":""},"categories":[42],"tags":[17,18,637,638,756,13,14,15535,11,61,62,63,64,19,20,28661,10124,9,10,15,16,90,12,21,22,15537,65,66,67],"class_list":{"0":"post-72842","1":"post","2":"type-post","3":"status-publish","4":"format-standard","5":"has-post-thumbnail","7":"category-internacional","8":"tag-breaking-news","9":"tag-breakingnews","10":"tag-disaster","11":"tag-disaster-general","12":"tag-environment","13":"tag-featured-news","14":"tag-featurednews","15":"tag-global-change","16":"tag-headlines","17":"tag-internacional","18":"tag-international","19":"tag-international-news","20":"tag-internationalnews","21":"tag-latest-news","22":"tag-latestnews","23":"tag-meteorological-disaster","24":"tag-natural-disasters","25":"tag-news","26":"tag-noticias","27":"tag-noticias-destacadas","28":"tag-noticiasdestacadas","29":"tag-ticker","30":"tag-titulares","31":"tag-ultimas-noticias","32":"tag-ultimasnoticias","33":"tag-weather","34":"tag-world","35":"tag-world-news","36":"tag-worldnews"},"share_on_mastodon":{"url":"","error":""},"_links":{"self":[{"href":"https:\/\/www.europesays.com\/es\/wp-json\/wp\/v2\/posts\/72842","targetHints":{"allow":["GET"]}}],"collection":[{"href":"https:\/\/www.europesays.com\/es\/wp-json\/wp\/v2\/posts"}],"about":[{"href":"https:\/\/www.europesays.com\/es\/wp-json\/wp\/v2\/types\/post"}],"author":[{"embeddable":true,"href":"https:\/\/www.europesays.com\/es\/wp-json\/wp\/v2\/users\/2"}],"replies":[{"embeddable":true,"href":"https:\/\/www.europesays.com\/es\/wp-json\/wp\/v2\/comments?post=72842"}],"version-history":[{"count":0,"href":"https:\/\/www.europesays.com\/es\/wp-json\/wp\/v2\/posts\/72842\/revisions"}],"wp:featuredmedia":[{"embeddable":true,"href":"https:\/\/www.europesays.com\/es\/wp-json\/wp\/v2\/media\/72843"}],"wp:attachment":[{"href":"https:\/\/www.europesays.com\/es\/wp-json\/wp\/v2\/media?parent=72842"}],"wp:term":[{"taxonomy":"category","embeddable":true,"href":"https:\/\/www.europesays.com\/es\/wp-json\/wp\/v2\/categories?post=72842"},{"taxonomy":"post_tag","embeddable":true,"href":"https:\/\/www.europesays.com\/es\/wp-json\/wp\/v2\/tags?post=72842"}],"curies":[{"name":"wp","href":"https:\/\/api.w.org\/{rel}","templated":true}]}}