{"id":728460,"date":"2026-08-24T11:23:10","date_gmt":"2026-08-24T11:23:10","guid":{"rendered":"https:\/\/www.europesays.com\/es\/728460\/"},"modified":"2026-08-24T11:23:10","modified_gmt":"2026-08-24T11:23:10","slug":"cerrado-el-brote-de-sarampion-notificado-en-junio-en-tenerife","status":"publish","type":"post","link":"https:\/\/www.europesays.com\/es\/728460\/","title":{"rendered":"Cerrado el brote de sarampi\u00f3n notificado en junio en Tenerife"},"content":{"rendered":"<p> El episodio de sarampi\u00f3n afect\u00f3 a un total de seis personas que presentaron sintomatolog\u00eda leve y cursaron la enfermedad sin incidencias destacables <img fetchpriority=\"high\" decoding=\"async\" width=\"1024\" height=\"768\" src=\"https:\/\/www.europesays.com\/es\/wp-content\/uploads\/2026\/08\/consejeria-sanidad-1024x768.webp\" alt=\"Direcci\u00f3n General de Salud P\u00fablica, Servicio Canario de la Salud. Imagen de recurso Consejer\u00eda de Sanidad\" class=\"wp-image-695058\"  \/>Direcci\u00f3n General de Salud P\u00fablica, Servicio Canario de la Salud. Imagen de recurso Consejer\u00eda de Sanidad <\/p>\n<p class=\"wp-block-paragraph\">La Direcci\u00f3n General de Salud P\u00fablica del Servicio Canario de la Salud (SCS), siguiendo los protocolos establecidos para estos casos, da por cerrado el <strong><a href=\"https:\/\/rtvc.es\/brote-sarampion-tenerife-casos-confirmados-23-junio-2026\/\" data-type=\"link\" data-id=\"https:\/\/rtvc.es\/brote-sarampion-tenerife-casos-confirmados-23-junio-2026\/\" rel=\"nofollow noopener\" target=\"_blank\">brote de sarampi\u00f3n<\/a><\/strong> notificado el pasado mes de junio en Tenerife al haber transcurrido el tiempo establecido sin registrarse nuevos casos asociados al brote.<\/p>\n<p class=\"wp-block-paragraph\">Este episodio <strong>afect\u00f3 a un total de seis personas<\/strong>, de las que el caso \u00edndice al ser notificado desde Reino Unido no se puede considerar epidemiol\u00f3gicamente como parte del brote notificado en Canarias. Los cinco casos notificados en Tenerife presentaron sintomatolog\u00eda leve y cursaron la enfermedad sin incidencias destacables ni cuadros cl\u00ednicos de gravedad, si bien dos de ellas requirieron ingreso hospitalario.<\/p>\n<p> Detalles del brote <\/p>\n<p class=\"wp-block-paragraph\">El caso inicial de este brote se notific\u00f3 <strong>desde el Reino Unido<\/strong>, pues se confirm\u00f3 una vez el menor, de cuatro a\u00f1os de edad, regres\u00f3 a su pa\u00eds despu\u00e9s de pasar unos d\u00edas en Tenerife.<\/p>\n<p class=\"wp-block-paragraph\">Uno de los casos asociados al brote es un trabajador del hotel en el que se aloj\u00f3 el caso \u00edndice, dos casos son profesionales de un centro hospitalario al que acudi\u00f3 este empleado del hotel, otro caso es un profesional de los cuerpos y fuerzas de seguridad del Estado que tambi\u00e9n acudi\u00f3 a este centro sanitario y el \u00faltimo caso es un lactante, familiar de uno de los otros afectados.<\/p>\n<p class=\"wp-block-paragraph\">De las cuatro personas adultas vinculadas al brote, cuyas edades est\u00e1n comprendidas entre los 47 y los 51 a\u00f1os, tres no contaban con la vacuna contra el sarampi\u00f3n, mientras que otra persona solo ten\u00eda una dosis. El quinto caso, el beb\u00e9 de ocho meses de edad, recibi\u00f3 la vacuna contra el sarampi\u00f3n tras su exposici\u00f3n a la enfermedad.<\/p>\n<p class=\"wp-block-paragraph\">Desde que la Direcci\u00f3n General de Salud P\u00fablica tuvo conocimiento de la sospecha de estos casos, se activaron los protocolos de valoraci\u00f3n, seguimiento y control de los contactos para intentar controlar la propagaci\u00f3n de la enfermedad. En virtud de este protocolo, se llevaron a cabo todos los seguimientos oportunos a las personas que han podido tener contacto con los casos confirmados.<\/p>\n<p> Importancia de la vacunaci\u00f3n <\/p>\n<p class=\"wp-block-paragraph\">Desde la Direcci\u00f3n General de Salud P\u00fablica se incide en la importancia de recibir las <strong>dos dosis de la vacuna<\/strong> contra el sarampi\u00f3n incluidas en el calendario vacunal para lograr la inmunizaci\u00f3n individual y evitar la transmisi\u00f3n de la enfermedad a personas que, por alguna circunstancia, no puedan recibir la vacuna.<\/p>\n<p class=\"wp-block-paragraph\">En este sentido, se recuerda que la vacuna es el medio m\u00e1s seguro y eficaz para evitar contraer y transmitir el sarampi\u00f3n. Esta vacuna se administra en dos dosis, a los <strong>doce meses y a los tres a\u00f1os<\/strong>, y el 95 por ciento de la poblaci\u00f3n canaria est\u00e1 correctamente vacunada en el primer a\u00f1o de vida. Se recomienda, adem\u00e1s la vacunaci\u00f3n de aquellas personas adolescentes, j\u00f3venes y adultas nacidos a partir de 1978 que no hayan pasado la enfermedad y sin historia documentada de haber recibido dos dosis de la vacuna triple v\u00edrica.<\/p>\n<p class=\"wp-block-paragraph\">Desde la Direcci\u00f3n General de Salud P\u00fablica se hace un llamamiento a la poblaci\u00f3n para que revisen el estado vacunal de ni\u00f1os y ni\u00f1as de tres a\u00f1os y comprobar que hayan recibido dos dosis de vacuna contra el sarampi\u00f3n, as\u00ed como a las personas que hayan nacido despu\u00e9s de 1978 y no tengan constancia de haber sido vacunadas o haber pasado la enfermedad de forma natural, consulten en su centro de salud para recibir la vacuna.<\/p>\n<p class=\"wp-block-paragraph\">Adem\u00e1s, el personal sanitario, en especial, por encontrarse en mayor riesgo de exposici\u00f3n a posibles casos incidentes y por representar una importante proporci\u00f3n de casos en los brotes notificados en Espa\u00f1a y otros pa\u00edses, debe asegurarse de que se encuentra correctamente inmunizado contra la enfermedad.<\/p>\n<p> Vacunaci\u00f3n desde 1975 <\/p>\n<p class=\"wp-block-paragraph\">En Espa\u00f1a la vacunaci\u00f3n frente al sarampi\u00f3n se introdujo en el <strong>calendario de vacunaci\u00f3n infantil en 1975<\/strong>, y desde 1981 asociada en la vacuna triple v\u00edrica. En el a\u00f1o 1996 se incorpor\u00f3 una segunda dosis, mejorando r\u00e1pidamente las coberturas y consiguiendo una dr\u00e1stica reducci\u00f3n de las epidemias de sarampi\u00f3n, de modo que desde el a\u00f1o 2000 es una enfermedad infrecuente que afecta principalmente a adultos y menores de un a\u00f1o no vacunados.<\/p>\n<p class=\"wp-block-paragraph\">Espa\u00f1a se sum\u00f3 en 2001 al objetivo de eliminaci\u00f3n del sarampi\u00f3n liderado por la <strong><a href=\"https:\/\/www.who.int\/es\/news-room\/fact-sheets\/detail\/measles\" data-type=\"link\" data-id=\"https:\/\/www.who.int\/es\/news-room\/fact-sheets\/detail\/measles\" target=\"_blank\" rel=\"noreferrer noopener nofollow\">Organizaci\u00f3n Mundial de la Salud (OMS)<\/a><\/strong>. Se estableci\u00f3 el plan de eliminaci\u00f3n del sarampi\u00f3n con dos estrategias fundamentales: fortalecer la inmunidad de la poblaci\u00f3n frente al sarampi\u00f3n alcanzando altas coberturas con la primera y segunda dosis de vacuna en la infancia; y establecer la vigilancia para identificar cualquier caso contagioso de sarampi\u00f3n y controlar a tiempo la transmisi\u00f3n a los convivientes u otras personas en contacto con el caso.<\/p>\n<p class=\"wp-block-paragraph\">En 2017 la OMS declar\u00f3 a Espa\u00f1a pa\u00eds libre de transmisi\u00f3n end\u00e9mica de sarampi\u00f3n por los pocos casos y brotes identificados. Sin embargo, el incremento en el n\u00famero de casos diagnosticados en varias comunidades aut\u00f3nomas y en las dos ciudades aut\u00f3nomas, todos importados o vinculados a casos importados, ha provocado que la OMS haya retirado a Espa\u00f1a de esta lista de pa\u00edses libres de sarampi\u00f3n.<\/p>\n<p>  Sarampi\u00f3n: s\u00edntomas, transmisibilidad y prevenci\u00f3n <\/p>\n<p class=\"wp-block-paragraph\">El sarampi\u00f3n es una <strong>enfermedad febril exantem\u00e1tica<\/strong> que comienza, tras un periodo de 10-14 d\u00edas de incubaci\u00f3n, con fiebre, congesti\u00f3n nasal, tos, en ocasiones precedida de la aparici\u00f3n de peque\u00f1as manchas rojizas con el centro blanquecino en la mucosa oral (cara interna de las mejillas). El exantema, que aparece entre el tercer y el s\u00e9ptimo d\u00eda tras el inicio de s\u00edntomas, empieza en la cara y se extiende por todo el cuerpo.<\/p>\n<p class=\"wp-block-paragraph\">El virus del sarampi\u00f3n -morbilivirus- es muy contagioso y se transmite por el aire a trav\u00e9s de gotitas expulsadas o suspendidas hasta dos horas despu\u00e9s de expulsadas o por contacto directo con las secreciones nasales o far\u00edngeas de personas infectadas. Es una enfermedad en general benigna aunque puede cursar con complicaciones como neumon\u00eda, otitis, laringotraqueitis y diarrea. Raramente puede producir encefalitis o muerte (especialmente en la infancia).<\/p>\n<p class=\"wp-block-paragraph\">El <strong>periodo de transmisibilidad<\/strong> de una persona con sarampi\u00f3n, en el que puede ser contagiosa, va desde cuatro d\u00edas antes de la aparici\u00f3n del sarpullido (exantema) hasta cuadro d\u00edas despu\u00e9s de su desaparici\u00f3n. Durante este tiempo debe evitarse el contacto con personas no inmunizadas. No se ha demostrado que el virus contenido en la vacuna sea transmisible.<\/p>\n<p> Aumento de la incidencia en algunos pa\u00edses <\/p>\n<p class=\"wp-block-paragraph\">La <strong>prevenci\u00f3n<\/strong> de la diseminaci\u00f3n del sarampi\u00f3n tambi\u00e9n depende de la r\u00e1pida vacunaci\u00f3n de los contactos susceptibles. La vacunaci\u00f3n dentro de las 72 horas siguientes a la exposici\u00f3n puede evitar la enfermedad o mitigar su gravedad. En el transcurso de un brote los contactos susceptibles que no se vacunen, bien por que existan contraindicaciones para la vacuna o por otros motivos, se recomienda que siempre que sea posible sean excluidos del entorno donde se produjo el caso hasta pasados dieciocho d\u00edas despu\u00e9s del inicio del exantema del \u00faltimo caso del brote.<\/p>\n<p class=\"wp-block-paragraph\">En los \u00faltimos a\u00f1os se observa un <strong>aumento en la incidencia<\/strong> en diferentes pa\u00edses donde anteriormente se hab\u00eda eliminado esta enfermedad (por ejemplo, Reino Unido), como consecuencia de la p\u00e9rdida de la confianza en las vacunas por parte de la poblaci\u00f3n. Si las coberturas vacunales descienden, el sarampi\u00f3n puede reaparecer y transmitirse r\u00e1pidamente, causando brotes que pueden culminar en ingresos hospitalarios y fallecimientos incluso en pa\u00edses desarrollados, como se ha demostrado en un brote epid\u00e9mico en el estado de Texas (Estados Unidos), donde se registr\u00f3 el fallecimiento de un ni\u00f1o no vacunado por esta enfermedad f\u00e1cilmente prevenible.<\/p>\n","protected":false},"excerpt":{"rendered":"El episodio de sarampi\u00f3n afect\u00f3 a un total de seis personas que presentaron sintomatolog\u00eda leve y cursaron la&hellip;\n","protected":false},"author":2,"featured_media":728461,"comment_status":"","ping_status":"","sticky":false,"template":"","format":"standard","meta":{"footnotes":""},"categories":[92],"tags":[25,24,165,166,1811,23,1529,7589,2275],"class_list":["post-728460","post","type-post","status-publish","format-standard","has-post-thumbnail","category-salud","tag-es","tag-espana","tag-health","tag-salud","tag-sanidad","tag-spain","tag-ultima-hora","tag-vacunacion","tag-virus"],"share_on_mastodon":{"url":"","error":""},"_links":{"self":[{"href":"https:\/\/www.europesays.com\/es\/wp-json\/wp\/v2\/posts\/728460","targetHints":{"allow":["GET"]}}],"collection":[{"href":"https:\/\/www.europesays.com\/es\/wp-json\/wp\/v2\/posts"}],"about":[{"href":"https:\/\/www.europesays.com\/es\/wp-json\/wp\/v2\/types\/post"}],"author":[{"embeddable":true,"href":"https:\/\/www.europesays.com\/es\/wp-json\/wp\/v2\/users\/2"}],"replies":[{"embeddable":true,"href":"https:\/\/www.europesays.com\/es\/wp-json\/wp\/v2\/comments?post=728460"}],"version-history":[{"count":0,"href":"https:\/\/www.europesays.com\/es\/wp-json\/wp\/v2\/posts\/728460\/revisions"}],"wp:featuredmedia":[{"embeddable":true,"href":"https:\/\/www.europesays.com\/es\/wp-json\/wp\/v2\/media\/728461"}],"wp:attachment":[{"href":"https:\/\/www.europesays.com\/es\/wp-json\/wp\/v2\/media?parent=728460"}],"wp:term":[{"taxonomy":"category","embeddable":true,"href":"https:\/\/www.europesays.com\/es\/wp-json\/wp\/v2\/categories?post=728460"},{"taxonomy":"post_tag","embeddable":true,"href":"https:\/\/www.europesays.com\/es\/wp-json\/wp\/v2\/tags?post=728460"}],"curies":[{"name":"wp","href":"https:\/\/api.w.org\/{rel}","templated":true}]}}