{"id":72850,"date":"2025-08-26T06:53:04","date_gmt":"2025-08-26T06:53:04","guid":{"rendered":"https:\/\/www.europesays.com\/es\/72850\/"},"modified":"2025-08-26T06:53:04","modified_gmt":"2025-08-26T06:53:04","slug":"el-pelado-de-alcaraz-desata-la-pasion-en-nueva-york","status":"publish","type":"post","link":"https:\/\/www.europesays.com\/es\/72850\/","title":{"rendered":"El pelado de Alcaraz desata la pasi\u00f3n en Nueva York"},"content":{"rendered":"<p><img decoding=\"async\" class=\"voc-author__img\" src=\"https:\/\/www.europesays.com\/es\/wp-content\/uploads\/2025\/08\/autor-1588-foto-6.jpeg\" alt=\"Javier Ansorena\"\/><\/p>\n<p class=\"voc-p\" style=\"\">Este lunes la gente en Queens no hablaba de la aparici\u00f3n de Venus Williams en la pista central del US Open con 45 a\u00f1os, ni del naufragio de Madison Keys, ni del espect\u00e1culo que da el brasile\u00f1o Joao Fonseca. Ni tampoco de los golpes electrizantes de Carlos Alcaraz, que <a href=\"https:\/\/www.abc.es\/deportes\/tenis\/recluta-alcaraz-pasa-segunda-ronda-despeinarse-20250826060955-nt.html\" title=\"www.abc.es\" data-voc-vtm-id=\"in-text-traffic\" data-mrf-link=\"www.abc.es\" rel=\"nofollow noopener\" target=\"_blank\">debutaba en el \u00faltimo partido<\/a> de la jornada. La gente hablaba de su pelo. El murciano apareci\u00f3 en entrenamientos con la cabeza rapada y desat\u00f3 la pasi\u00f3n. La de los cr\u00edticos, como el estadounidense Francis Tiafoe, que, entre risas, calific\u00f3 el corte de \u00abhorrible\u00bb. O las que le comparaban en redes sociales con Britney Spears, cuando tuvo la cuestionable idea de afeitarse la cabeza. Pero tambi\u00e9n la pasi\u00f3n positiva de <strong>los fan\u00e1ticos que respondieron con ovaci\u00f3n <\/strong>cuando Alcaraz les pregunt\u00f3 desde la pista, tras imponerse en primera ronda a Reilly Opelka, si les gustaba el corte.<\/p>\n<p class=\"voc-p\" style=\"\">En rueda de prensa, la sensaci\u00f3n causada por la cabeza rapada de Alcaraz se prolong\u00f3. La mayor\u00eda de las preguntas de los periodistas fueron sobre su pelo. El espa\u00f1ol explic\u00f3 que llevaba <a href=\"https:\/\/www.abc.es\/deportes\/tenis\/alcaraz-bendecido-sacerdote-catedral-san-patricio-nueva-20250824183645-nt.html\" data-voc-vtm-id=\"in-text-traffic\" title=\"el pelo demasiado largo\" rel=\"nofollow noopener\" target=\"_blank\">el pelo demasiado largo<\/a> a la hora de comenzar el torneo y quer\u00eda cort\u00e1rselo. Pero el cambio de &#8216;look&#8217; radical se debi\u00f3 a una circunstancia familiar: su hermano se hizo un l\u00edo con una maquinilla y cort\u00f3 demasiado. \u00abDespu\u00e9s, la \u00fanica manera de arreglarlo era rap\u00e1ndolo todo. Pero, no s\u00e9, no est\u00e1 tan mal\u00bb, dijo entre risas.<\/p>\n<p class=\"voc-p\" style=\"\">El cuidado del pelo es una obsesi\u00f3n para muchos. En Nueva York, en algunos barrios, tambi\u00e9n aqu\u00ed en Queens, <strong>las barber\u00edas son pieza central de la vida social<\/strong>. All\u00ed pasa la gente las tardes y noches, discuten sus asuntos, toman tragos, escuchan m\u00fasica. No parece el caso de Alcaraz: \u00abNo me preocupo mucho del pelo. Soy un t\u00edo que pienso: est\u00e1 bien, el pelo crece, en un par de d\u00edas va a estar normal\u00bb.<\/p>\n<p class=\"voc-p\" style=\"\">\u00abA alguna gente le gusta, a otros no. Yo, francamente, s<strong>olo me estoy riendo con las reacciones<\/strong>\u00bb, insisti\u00f3. Sobre el comentario de Tiafoe, fue claro: \u00abFrancis miente. S\u00e9 que le gusta este corte, me lo dijo\u00bb, asegur\u00f3 otra vez entre risas.<\/p>\n<p class=\"voc-p\" style=\"\">\u00bfPerder\u00e1 la fuerza como Sans\u00f3n o le permitir\u00e1 jugar todav\u00eda m\u00e1s suelto? \u00abCreo que <strong>hoy he estado m\u00e1s r\u00e1pido<\/strong>\u00bb, brome\u00f3 el murciano, que tambi\u00e9n ha sentido los problemas del corte: \u00abS\u00ed que es verdad que ahora llevo m\u00e1s gorra porque en muchos sitios tengo fr\u00edo en la cabeza. Pero en sitios con mucho calor y mucha humedad (como Nueva York) puede venir bien\u00bb.<\/p>\n<p class=\"voc-p\" style=\"\">Ahora habr\u00e1 que ver el efecto en las gradas del error del hermano con la maquinilla: si Alcaraz sigue avanzando rondas, las gradas se van a poblar de cabezas rapadas al cero.<\/p>\n<p>Reportar un error<\/p>\n","protected":false},"excerpt":{"rendered":"Este lunes la gente en Queens no hablaba de la aparici\u00f3n de Venus Williams en la pista central&hellip;\n","protected":false},"author":2,"featured_media":72851,"comment_status":"","ping_status":"","sticky":false,"template":"","format":"standard","meta":{"footnotes":""},"categories":[274],"tags":[4736,168,3006,25,24,795,13511,28662,23,167,327,326,5867],"class_list":{"0":"post-72850","1":"post","2":"type-post","3":"status-publish","4":"format-standard","5":"has-post-thumbnail","7":"category-tenis","8":"tag-alcaraz","9":"tag-deportes","10":"tag-desata","11":"tag-es","12":"tag-espana","13":"tag-nueva","14":"tag-pasion","15":"tag-pelado","16":"tag-spain","17":"tag-sports","18":"tag-tenis","19":"tag-tennis","20":"tag-york"},"share_on_mastodon":{"url":"","error":""},"_links":{"self":[{"href":"https:\/\/www.europesays.com\/es\/wp-json\/wp\/v2\/posts\/72850","targetHints":{"allow":["GET"]}}],"collection":[{"href":"https:\/\/www.europesays.com\/es\/wp-json\/wp\/v2\/posts"}],"about":[{"href":"https:\/\/www.europesays.com\/es\/wp-json\/wp\/v2\/types\/post"}],"author":[{"embeddable":true,"href":"https:\/\/www.europesays.com\/es\/wp-json\/wp\/v2\/users\/2"}],"replies":[{"embeddable":true,"href":"https:\/\/www.europesays.com\/es\/wp-json\/wp\/v2\/comments?post=72850"}],"version-history":[{"count":0,"href":"https:\/\/www.europesays.com\/es\/wp-json\/wp\/v2\/posts\/72850\/revisions"}],"wp:featuredmedia":[{"embeddable":true,"href":"https:\/\/www.europesays.com\/es\/wp-json\/wp\/v2\/media\/72851"}],"wp:attachment":[{"href":"https:\/\/www.europesays.com\/es\/wp-json\/wp\/v2\/media?parent=72850"}],"wp:term":[{"taxonomy":"category","embeddable":true,"href":"https:\/\/www.europesays.com\/es\/wp-json\/wp\/v2\/categories?post=72850"},{"taxonomy":"post_tag","embeddable":true,"href":"https:\/\/www.europesays.com\/es\/wp-json\/wp\/v2\/tags?post=72850"}],"curies":[{"name":"wp","href":"https:\/\/api.w.org\/{rel}","templated":true}]}}