{"id":728528,"date":"2026-08-24T12:15:13","date_gmt":"2026-08-24T12:15:13","guid":{"rendered":"https:\/\/www.europesays.com\/es\/728528\/"},"modified":"2026-08-24T12:15:13","modified_gmt":"2026-08-24T12:15:13","slug":"estados-unidos-anuncia-hoy-nuevas-sanciones-economicas-contra-iran-internacional","status":"publish","type":"post","link":"https:\/\/www.europesays.com\/es\/728528\/","title":{"rendered":"Estados Unidos anuncia hoy nuevas sanciones econ\u00f3micas contra Ir\u00e1n | Internacional"},"content":{"rendered":"<p class=\"\">El \u201cd\u00eda D econ\u00f3mico\u201d contra Ir\u00e1n, <a href=\"https:\/\/elpais.com\/internacional\/2026-08-21\/medio-ano-de-guerra-despues-estados-unidos-sigue-sin-estrangular-la-economia-de-iran.html\" target=\"_blank\" rel=\"noreferrer nofollow noopener\" title=\"https:\/\/elpais.com\/internacional\/2026-08-21\/medio-ano-de-guerra-despues-estados-unidos-sigue-sin-estrangular-la-economia-de-iran.html\">prometido la semana pasada<\/a> por el presidente estadounidense Donald Trump comienza este lunes. As\u00ed lo ha declarado el secretario del Tesoro de Estados Unidos, Scott Bessent, en sus redes sociales. \u201cEstamos entrando ahora en la fase final\u201d, ha escrito la mano derecha de Trump para asuntos econ\u00f3micos mientras elogiaba los logros que considera que su presidente ha alcanzado en la <a href=\"https:\/\/elpais.com\/internacional\/2026-08-23\/iran-una-guerra-sin-vencedores-que-ha-cambiado-el-mundo.html\" target=\"_blank\" rel=\"noreferrer nofollow noopener\" title=\"https:\/\/elpais.com\/internacional\/2026-08-23\/iran-una-guerra-sin-vencedores-que-ha-cambiado-el-mundo.html\">guerra que comenz\u00f3 el pasado 28 de febrero<\/a>: haber \u201cdesmantelado\u201d la capacidad militar iran\u00ed y \u201centerrado su programa nuclear\u201d. Ahora, seg\u00fan Bessent, ha llegado el momento de \u201ccortar todas las fuentes de sustento econ\u00f3mico que mantienen en pie al r\u00e9gimen tir\u00e1nico hasta que Teher\u00e1n se quede solo\u201d.<\/p>\n<blockquote class=\"twitter-tweet\">\n<p lang=\"en\" dir=\"ltr\">President Trump has dismantled Iran\u2019s military capabilities, destroyed nearly 100 percent of its military factories, and buried its nuclear program.<\/p>\n<p>We are now entering the endgame. At dawn begins an economic D-Day \u2014 the single greatest financial offensive ever marshaled against\u2026<\/p>\n<p>\u2014 Treasury Secretary Scott Bessent (@SecScottBessent) <a href=\"https:\/\/x.com\/SecScottBessent\/status\/2091664440785502582?ref_src=twsrc%5Etfw\" rel=\"nofollow\">August 23, 2026<\/a><\/p><\/blockquote>\n<p class=\"\">Washington aumenta la presi\u00f3n sobre Teher\u00e1n en medio del <a href=\"https:\/\/elpais.com\/internacional\/2026-08-17\/el-fin-del-conflicto-se-aleja-tras-expirar-el-acuerdo-entre-estados-unidos-e-iran.html\" target=\"_blank\" rel=\"noreferrer nofollow noopener\" title=\"https:\/\/elpais.com\/internacional\/2026-08-17\/el-fin-del-conflicto-se-aleja-tras-expirar-el-acuerdo-entre-estados-unidos-e-iran.html\">estancamiento de las negociaciones para poner fin a la guerra<\/a> entre los dos pa\u00edses. El anuncio del secretario sigue al que el propio Trump hizo la semana pasada, cuando prometi\u00f3 \u201cla operaci\u00f3n econ\u00f3mica m\u00e1s devastadora de la historia\u201d contra el pa\u00eds persa. En una publicaci\u00f3n en su propia red social, Truth, Trump afirm\u00f3 el pasado mi\u00e9rcoles que Ir\u00e1n hab\u00eda \u201cfracasado en aprovechar\u201d la oportunidad de llegar a un acuerdo y que se enfrentar\u00eda a \u201cuna guerra econ\u00f3mica y un aislamiento a una escala sin precedentes\u201d.<\/p>\n<p class=\"\">En respuesta, el responsable del Consejo Supremo de Seguridad Nacional iran\u00ed, Mohsen Reza\u00ed, advirti\u00f3 a los pa\u00edses vecinos de que, si se unen a la guerra econ\u00f3mica de EE UU contra Teher\u00e1n, ser\u00e1n considerados enemigos y, por tanto, atacados. \u201cA cualquiera que lo haga, lo consideraremos un enemigo\u201d, <a href=\"https:\/\/elpais.com\/internacional\/2026-08-23\/iran-amenaza-con-atacar-a-los-paises-vecinos-que-se-unan-a-la-guerra-economica-de-estados-unidos.html\" target=\"_blank\" rel=\"noreferrer nofollow noopener\" title=\"https:\/\/elpais.com\/internacional\/2026-08-23\/iran-amenaza-con-atacar-a-los-paises-vecinos-que-se-unan-a-la-guerra-economica-de-estados-unidos.html\">declar\u00f3 el s\u00e1bado en una entrevista con la cadena estatal iran\u00ed IRIB<\/a>.<\/p>\n<p class=\"\">En esta pol\u00edtica de m\u00e1xima presi\u00f3n, el inquilino de la Casa Blanca tambi\u00e9n amenaz\u00f3 con que cualquier pa\u00eds que haga negocios con Teher\u00e1n \u201cse enfrentar\u00e1 a consecuencias econ\u00f3micas tremendas\u201d. Esta medida implicar\u00eda un arancel secundario a <a href=\"https:\/\/elpais.com\/internacional\/2026-08-23\/iran-amenaza-con-atacar-a-los-paises-vecinos-que-se-unan-a-la-guerra-economica-de-estados-unidos.html\" target=\"_blank\" rel=\"noreferrer nofollow noopener\" title=\"https:\/\/elpais.com\/internacional\/2026-08-23\/iran-amenaza-con-atacar-a-los-paises-vecinos-que-se-unan-a-la-guerra-economica-de-estados-unidos.html\">terceros pa\u00edses<\/a> \u2015un gravamen sobre las naciones que compran productos de Ir\u00e1n\u2015. Con esto, la presi\u00f3n se extiende a los principales importadores de productos iran\u00edes.<\/p>\n<p class=\"\">China, que ha sido en los \u00faltimos a\u00f1os <a href=\"https:\/\/elpais.com\/internacional\/2026-03-15\/la-incomoda-posicion-de-china-en-la-guerra-de-iran.html\" target=\"_blank\" rel=\"noreferrer nofollow noopener\" title=\"https:\/\/elpais.com\/internacional\/2026-03-15\/la-incomoda-posicion-de-china-en-la-guerra-de-iran.html\">el principal cliente de petr\u00f3leo<\/a> procedente de la <a href=\"https:\/\/elpais.com\/videos\/2026-03-14\/la-isla-de-jark-el-sustento-vital-para-iran-que-trump-ha-atacado.html\" target=\"_self\" rel=\"nofollow noopener\" title=\"https:\/\/elpais.com\/videos\/2026-03-14\/la-isla-de-jark-el-sustento-vital-para-iran-que-trump-ha-atacado.html\">isla de Jarg<\/a>, llegando a absorber alrededor del 90% de sus exportaciones de crudo, estar\u00eda entre los pa\u00edses m\u00e1s expuestos a una eventual aplicaci\u00f3n de las sanciones secundarias. <\/p>\n<p class=\"\">Pek\u00edn ha anunciado este lunes que tomar\u00e1 las \u201cmedidas necesarias\u201d para proteger sus intereses. Un portavoz del Ministerio chino de Exteriores ha dicho que el pa\u00eds \u201cseguir\u00e1 de cerca\u201d la evoluci\u00f3n de la situaci\u00f3n y adoptar\u00e1 medidas para salvaguardar sus \u201cderechos e intereses leg\u00edtimos\u201d, pero sin concretarlas. El portavoz ha advertido, adem\u00e1s, que las sanciones y la presi\u00f3n \u201cno ayudan a resolver los problemas\u201d.<\/p>\n<p><img alt=\"\" decoding=\"auto\" class=\"_re lazyload a_m-h\" height=\"276\"  width=\"414\"  src=\"https:\/\/www.europesays.com\/es\/wp-content\/uploads\/2026\/08\/JZ27I6MEWBEKDMQ3TQQ5OBC5LQ.jpg\" loading=\"lazy\" fetchpriority=\"low\"\/>Varios miembros de la c\u00fapula de poder iran\u00ed, en un acto celebrado en Teher\u00e1n el pasado domingo.Iranian Presidency (Anadolu via Getty Images)<\/p>\n<p class=\"\">La econom\u00eda iran\u00ed, sin embargo, afronta sanciones estadounidenses desde hace cinco d\u00e9cadas y ha aprendido a crear m\u00e9todos de supervivencia. Incluso la guerra, que la ha da\u00f1ado, no ha logrado descarrilarla. La Rep\u00fablica Isl\u00e1mica ha <a href=\"https:\/\/elpais.com\/internacional\/2026-08-21\/medio-ano-de-guerra-despues-estados-unidos-sigue-sin-estrangular-la-economia-de-iran.html\" target=\"_blank\" rel=\"noreferrer nofollow noopener\" title=\"https:\/\/elpais.com\/internacional\/2026-08-21\/medio-ano-de-guerra-despues-estados-unidos-sigue-sin-estrangular-la-economia-de-iran.html\">sabido implementar una econom\u00eda de resistencia<\/a>, basada en la sustituci\u00f3n de importaciones, la dispersi\u00f3n de las centrales el\u00e9ctricas y una estructura desarrollada para sortear las sanciones petroleras, con el uso, al igual que Rusia, de <a href=\"https:\/\/elpais.com\/economia\/2023-04-09\/una-flota-de-petroleros-en-la-sombra-y-nuevas-rutas-asiaticas-asi-trata-rusia-de-esquivar-las-sanciones-occidentales.html\" target=\"_self\" rel=\"nofollow noopener\" title=\"https:\/\/elpais.com\/economia\/2023-04-09\/una-flota-de-petroleros-en-la-sombra-y-nuevas-rutas-asiaticas-asi-trata-rusia-de-esquivar-las-sanciones-occidentales.html\">una flota fantasma<\/a> y un mercado negro de combustibles f\u00f3siles.<\/p>\n<p class=\"\">Adem\u00e1s, esta no es la primera vez que Trump implementa una <a href=\"https:\/\/elpais.com\/internacional\/2019\/10\/23\/actualidad\/1571814446_738463.html\" target=\"_blank\" rel=\"noreferrer nofollow noopener\" title=\"https:\/\/elpais.com\/internacional\/2019\/10\/23\/actualidad\/1571814446_738463.html\">pol\u00edtica de \u201cm\u00e1xima presi\u00f3n\u201d<\/a> con duras sanciones sobre Ir\u00e1n. Ya lo hizo durante su primer mandato, cuando en 2018 decidi\u00f3 <a href=\"https:\/\/elpais.com\/internacional\/2018\/05\/08\/estados_unidos\/1525788929_413985.html\" target=\"_blank\" rel=\"noreferrer nofollow noopener\" title=\"https:\/\/elpais.com\/internacional\/2018\/05\/08\/estados_unidos\/1525788929_413985.html\">abandonar el acuerdo nuclear<\/a>, que la Administraci\u00f3n de Barack Obama hab\u00eda construido con Teher\u00e1n y los pa\u00edses europeos a lo largo de varios a\u00f1os.<\/p>\n<p class=\"\">Trita Parsi, vicepresidente del think tank <a href=\"https:\/\/quincyinst.org\/\" target=\"_self\" rel=\"nofollow noopener\" title=\"https:\/\/quincyinst.org\/\">Quincy Institute for Responsible Statecraft<\/a>, opina que \u201cla m\u00e1xima presi\u00f3n de Trump deb\u00eda haber quebrado a Ir\u00e1n hace ocho a\u00f1os\u201d, ha escrito este lunes en sus redes sociales. \u201cEl bloqueo deb\u00eda haber quebrado a Ir\u00e1n hace cuatro meses. La presi\u00f3n del d\u00eda D de Trump estrangular\u00e1 a Ir\u00e1n, pero la respuesta m\u00e1s probable de Teher\u00e1n ser\u00e1 una contraescalada, no la rendici\u00f3n\u201d.<\/p>\n<p class=\"\">Para Parsi, las sanciones \u201cprobablemente ejercer\u00e1n mucha presi\u00f3n sobre otros pa\u00edses de la regi\u00f3n, como Irak, que no tienen mucho margen de maniobra dadas sus propias dificultades\u201d.<\/p>\n<p class=\"\">En una <a href=\"https:\/\/elpais.com\/internacional\/2026-03-26\/ali-vaez-experto-en-iran-de-international-crisis-group-trump-ha-iniciado-una-guerra-que-no-puede-terminar.html\" target=\"_blank\" rel=\"noreferrer nofollow noopener\" title=\"https:\/\/elpais.com\/internacional\/2026-03-26\/ali-vaez-experto-en-iran-de-international-crisis-group-trump-ha-iniciado-una-guerra-que-no-puede-terminar.html\">entrevista con EL PA\u00cdS, Ali Vaez<\/a>, f\u00edsico nuclear y subdirector del Programa de Oriente Medio y el Norte de \u00c1frica del centro de estudios International Crisis Group, dec\u00eda la pasada primavera que las sanciones de Washington contra Teher\u00e1n apenas han servido para estrangular a la clase media del pa\u00eds, que, como consecuencia, perdi\u00f3 su capacidad para presionar a la Rep\u00fablica Isl\u00e1mica a favor de reformas.<\/p>\n","protected":false},"excerpt":{"rendered":"El \u201cd\u00eda D econ\u00f3mico\u201d contra Ir\u00e1n, prometido la semana pasada por el presidente estadounidense Donald Trump comienza este&hellip;\n","protected":false},"author":2,"featured_media":728529,"comment_status":"","ping_status":"","sticky":false,"template":"","format":"standard","meta":{"footnotes":""},"categories":[42],"tags":[89903,17,18,68,70,71,72,629,13,14,69,11,61,62,63,64,3137,74,19,20,9,10,15,16,77,14264,12,21,22,65,66,67],"class_list":["post-728528","post","type-post","status-publish","format-standard","has-post-thumbnail","category-internacional","tag-ataque-contra-iran","tag-breaking-news","tag-breakingnews","tag-conflicto-arabe-israeli","tag-conflictos","tag-conflictos-armados","tag-conflictos-internacionales","tag-estados-unidos","tag-featured-news","tag-featurednews","tag-guerra","tag-headlines","tag-internacional","tag-international","tag-international-news","tag-internationalnews","tag-iran","tag-israel","tag-latest-news","tag-latestnews","tag-news","tag-noticias","tag-noticias-destacadas","tag-noticiasdestacadas","tag-oriente-proximo","tag-sanciones-economicas","tag-titulares","tag-ultimas-noticias","tag-ultimasnoticias","tag-world","tag-world-news","tag-worldnews"],"share_on_mastodon":{"url":"","error":"Validation failed: Text character limit of 500 exceeded"},"_links":{"self":[{"href":"https:\/\/www.europesays.com\/es\/wp-json\/wp\/v2\/posts\/728528","targetHints":{"allow":["GET"]}}],"collection":[{"href":"https:\/\/www.europesays.com\/es\/wp-json\/wp\/v2\/posts"}],"about":[{"href":"https:\/\/www.europesays.com\/es\/wp-json\/wp\/v2\/types\/post"}],"author":[{"embeddable":true,"href":"https:\/\/www.europesays.com\/es\/wp-json\/wp\/v2\/users\/2"}],"replies":[{"embeddable":true,"href":"https:\/\/www.europesays.com\/es\/wp-json\/wp\/v2\/comments?post=728528"}],"version-history":[{"count":0,"href":"https:\/\/www.europesays.com\/es\/wp-json\/wp\/v2\/posts\/728528\/revisions"}],"wp:featuredmedia":[{"embeddable":true,"href":"https:\/\/www.europesays.com\/es\/wp-json\/wp\/v2\/media\/728529"}],"wp:attachment":[{"href":"https:\/\/www.europesays.com\/es\/wp-json\/wp\/v2\/media?parent=728528"}],"wp:term":[{"taxonomy":"category","embeddable":true,"href":"https:\/\/www.europesays.com\/es\/wp-json\/wp\/v2\/categories?post=728528"},{"taxonomy":"post_tag","embeddable":true,"href":"https:\/\/www.europesays.com\/es\/wp-json\/wp\/v2\/tags?post=728528"}],"curies":[{"name":"wp","href":"https:\/\/api.w.org\/{rel}","templated":true}]}}