{"id":728556,"date":"2026-08-24T12:38:13","date_gmt":"2026-08-24T12:38:13","guid":{"rendered":"https:\/\/www.europesays.com\/es\/728556\/"},"modified":"2026-08-24T12:38:13","modified_gmt":"2026-08-24T12:38:13","slug":"gallagher-inicia-su-visita-a-rusia","status":"publish","type":"post","link":"https:\/\/www.europesays.com\/es\/728556\/","title":{"rendered":"Gallagher inicia su visita a Rusia"},"content":{"rendered":"<p>En una publicaci\u00f3n en X de la Secretar\u00eda de Estado, se dan a conocer las actividades en la Federaci\u00f3n Rusa del secretario de Relaciones con los Estados y las Organizaciones Internacionales, quien llega hoy a Mosc\u00fa para una misi\u00f3n dedicada al di\u00e1logo y la paz<\/p>\n<p style=\"text-align: justify;\"><b>Vatican News<\/b><\/p>\n<p style=\"text-align: justify;\">D\u00edas intensos, entre encuentros con las autoridades rusas, representantes del Patriarcado de Mosc\u00fa y la comunidad cat\u00f3lica. Este es el programa de la visita a la Federaci\u00f3n Rusa de monse\u00f1or Paul Richard Gallagher, secretario para las Relaciones con los Estados y las Organizaciones Internacionales, dado a conocer a trav\u00e9s de un <a href=\"https:\/\/x.com\/TerzaLoggia\/status\/2091783091123532240\/photo\/1\" rel=\"external nofollow\" target=\"_blank\">post en X de Terza Loggia<\/a>, la cuenta de la Secretar\u00eda de Estado. El prelado llega hoy a Mosc\u00fa y regresar\u00e1 a Roma el 28 de agosto.<\/p>\n<p style=\"text-align: justify;\">Ma\u00f1ana, martes 25 de agosto, el arzobispo se reunir\u00e1 con Sergu\u00e9i Lavrov, ministro de Asuntos Exteriores de la Federaci\u00f3n Rusa. A continuaci\u00f3n, mantendr\u00e1 un encuentro con el metropolita Antonio de Volokolamsk, presidente del Departamento para las Relaciones Eclesi\u00e1sticas Exteriores del Patriarcado de Mosc\u00fa. Al d\u00eda siguiente, mi\u00e9rcoles 26 de agosto, monse\u00f1or Gallagher se reunir\u00e1 con Yuri Ushakov, asesor del presidente de la Federaci\u00f3n Rusa para pol\u00edtica exterior. La agenda confirma la voluntad de la Santa Sede de continuar recorriendo el camino del di\u00e1logo, incluso en una de las fases m\u00e1s dif\u00edciles de las relaciones internacionales a nivel global.<\/p>\n<p>      <a href=\"https:\/\/www.vaticannews.va\/es\/vaticano\/news\/2026-08\/gallagher-visita-moscu-rusia-santa-sede-diplomacia.html\" title=\"Gallagher en Mosc\u00fa: diplomacia y di\u00e1logo en nombre de la paz\" rel=\"nofollow noopener\" target=\"_blank\"><\/p>\n<p>         <img decoding=\"async\" src=\"data:image\/gif;base64,R0lGODlhAQABAIAAAAAAAP\/\/\/yH5BAEAAAAALAAAAAABAAEAAAIBRAA7\" data-original=\"https:\/\/www.vaticannews.va\/content\/dam\/vaticannews\/multimedia\/2023\/05\/27\/Senza-titolo-16.jpg\/_jcr_content\/renditions\/cq5dam.thumbnail.cropped.500.281.jpeg\" alt=\"Gallagher en Mosc\u00fa: diplomacia y di\u00e1logo en nombre de la paz\"\/><\/p>\n<p>       <\/a><\/p>\n<p>\n       El Secretario para las Relaciones con los Estados y las Organizaciones Internacionales se encontrar\u00e1 de visita en la capital rusa del 24 al 28 de agosto.\n      <\/p>\n<p style=\"text-align: justify;\">El viaje de monse\u00f1or Gallagher tambi\u00e9n ser\u00e1 una ocasi\u00f3n para encontrarse con la comunidad cat\u00f3lica, a la que ver\u00e1 el jueves 27 de agosto. Primero est\u00e1 previsto un encuentro con el clero, los religiosos y las religiosas, seguido de la celebraci\u00f3n de la Misa en la Catedral de la Inmaculada Concepci\u00f3n de la Bienaventurada Virgen Mar\u00eda de Mosc\u00fa. A continuaci\u00f3n, el secretario para las Relaciones con los Estados y las Organizaciones Internacionales se reunir\u00e1 con los obispos.<\/p>\n<p style=\"text-align: justify;\">La Iglesia cat\u00f3lica en Rusia representa una realidad num\u00e9ricamente minoritaria y se encuentra geogr\u00e1ficamente dispersa por un territorio muy extenso. Su organizaci\u00f3n territorial comprende la Arquidi\u00f3cesis de la Madre de Dios en Mosc\u00fa y las di\u00f3cesis de San Clemente en Saratov, de la Transfiguraci\u00f3n en Novosibirsk y de San Jos\u00e9 en Irkutsk.<\/p>\n<p style=\"text-align: justify;\">No es la primera vez que monse\u00f1or Gallagher viaja a la capital rusa. Su \u00faltima visita tuvo lugar en noviembre de 2021. En aquella ocasi\u00f3n, el prelado se reuni\u00f3 con el primer ministro Mija\u00edl Mishustin, el ministro de Asuntos Exteriores Sergu\u00e9i Lavrov y el entonces responsable del Departamento para las Relaciones Eclesi\u00e1sticas Exteriores del Patriarcado de Mosc\u00fa, el metropolita Hilari\u00f3n.<b\/><\/p>\n","protected":false},"excerpt":{"rendered":"En una publicaci\u00f3n en X de la Secretar\u00eda de Estado, se dan a conocer las actividades en la&hellip;\n","protected":false},"author":2,"featured_media":728557,"comment_status":"","ping_status":"","sticky":false,"template":"","format":"standard","meta":{"footnotes":""},"categories":[42],"tags":[17,18,15229,13,14,11,61,62,63,64,19,20,9,10,15,16,129759,11506,1614,12,21,22,65,66,67],"class_list":["post-728556","post","type-post","status-publish","format-standard","has-post-thumbnail","category-internacional","tag-breaking-news","tag-breakingnews","tag-diplomacia","tag-featured-news","tag-featurednews","tag-headlines","tag-internacional","tag-international","tag-international-news","tag-internationalnews","tag-latest-news","tag-latestnews","tag-news","tag-noticias","tag-noticias-destacadas","tag-noticiasdestacadas","tag-paul-richard-gallagher","tag-paz","tag-rusia","tag-titulares","tag-ultimas-noticias","tag-ultimasnoticias","tag-world","tag-world-news","tag-worldnews"],"share_on_mastodon":{"url":"https:\/\/pubeurope.com\/@es\/117150528924899318","error":""},"_links":{"self":[{"href":"https:\/\/www.europesays.com\/es\/wp-json\/wp\/v2\/posts\/728556","targetHints":{"allow":["GET"]}}],"collection":[{"href":"https:\/\/www.europesays.com\/es\/wp-json\/wp\/v2\/posts"}],"about":[{"href":"https:\/\/www.europesays.com\/es\/wp-json\/wp\/v2\/types\/post"}],"author":[{"embeddable":true,"href":"https:\/\/www.europesays.com\/es\/wp-json\/wp\/v2\/users\/2"}],"replies":[{"embeddable":true,"href":"https:\/\/www.europesays.com\/es\/wp-json\/wp\/v2\/comments?post=728556"}],"version-history":[{"count":0,"href":"https:\/\/www.europesays.com\/es\/wp-json\/wp\/v2\/posts\/728556\/revisions"}],"wp:featuredmedia":[{"embeddable":true,"href":"https:\/\/www.europesays.com\/es\/wp-json\/wp\/v2\/media\/728557"}],"wp:attachment":[{"href":"https:\/\/www.europesays.com\/es\/wp-json\/wp\/v2\/media?parent=728556"}],"wp:term":[{"taxonomy":"category","embeddable":true,"href":"https:\/\/www.europesays.com\/es\/wp-json\/wp\/v2\/categories?post=728556"},{"taxonomy":"post_tag","embeddable":true,"href":"https:\/\/www.europesays.com\/es\/wp-json\/wp\/v2\/tags?post=728556"}],"curies":[{"name":"wp","href":"https:\/\/api.w.org\/{rel}","templated":true}]}}