{"id":728572,"date":"2026-08-24T12:53:16","date_gmt":"2026-08-24T12:53:16","guid":{"rendered":"https:\/\/www.europesays.com\/es\/728572\/"},"modified":"2026-08-24T12:53:16","modified_gmt":"2026-08-24T12:53:16","slug":"el-live-action-de-one-piece-suma-cuatro-personajes-clave","status":"publish","type":"post","link":"https:\/\/www.europesays.com\/es\/728572\/","title":{"rendered":"El live-action de One Piece suma cuatro personajes clave"},"content":{"rendered":"<p class=\"wp-block-paragraph\">La tripulaci\u00f3n de los Sombrero de Paja se prepara para adentrarse en uno de los territorios m\u00e1s decisivos de su aventura en <strong>Netflix<\/strong>. Tras abrir el viaje por el Grand Line y poner en marcha las tramas vinculadas a Baroque Works, la adaptaci\u00f3n de imagen real de <strong>One Piece<\/strong> afronta ahora un escenario mucho m\u00e1s ambicioso, un reino des\u00e9rtico al borde de una guerra civil y una conspiraci\u00f3n con consecuencias para Vivi y para el conjunto de la banda de Luffy.<\/p>\n<p class=\"wp-block-paragraph\"><strong><a href=\"https:\/\/www.elindependiente.com\/series-y-television\/2026\/08\/10\/monstruo-lizzie-borden-fecha-netflix\/\" data-type=\"link\" data-id=\"https:\/\/www.elindependiente.com\/series-y-television\/2026\/08\/10\/monstruo-lizzie-borden-fecha-netflix\/\" rel=\"nofollow noopener\" target=\"_blank\">Netflix<\/a> <\/strong>confirm\u00f3 previamente que la tercera entrega llevar\u00e1 por t\u00edtulo <strong>One Piece: The Battle of Alabasta y llegar\u00e1 en 2027, <\/strong>aunque por ahora no ha detallado una fecha concreta de estreno. La nueva tanda de episodios pondr\u00e1 el foco en Alabasta, un arco fundamental del manga y del anime de Eiichiro Oda, con Sir Crocodile y la organizaci\u00f3n Baroque Works como principales amenazas.<\/p>\n<p>PUBLICIDAD<\/p>\n<p class=\"wp-block-paragraph\">En ese contexto, la serie ha dado un paso relevante al sumar cuatro int\u00e9rpretes ligados directamente a la pol\u00edtica, la seguridad y la rebeli\u00f3n que atraviesan el reino. Los fichajes refuerzan una temporada que deber\u00e1 trasladar a acci\u00f3n real uno de los relatos m\u00e1s recordados de la obra original.<\/p>\n<p>Los cuatro personajes de Alabasta<\/p>\n<p class=\"wp-block-paragraph\"><strong>Emilio Sakraya<\/strong> interpretar\u00e1 a Koza en <strong><a href=\"https:\/\/www.elindependiente.com\/series-y-television\/2026\/03\/10\/one-piece-segunda-temporada-taz-skylar\/\" data-type=\"link\" data-id=\"https:\/\/www.elindependiente.com\/series-y-television\/2026\/03\/10\/one-piece-segunda-temporada-taz-skylar\/\" rel=\"nofollow noopener\" target=\"_blank\">One Piece<\/a><\/strong>, figura esencial en el conflicto interno de Alabasta. El actor alem\u00e1n es conocido, entre otros trabajos, por Rheingold y Those About to Die. Koza mantiene una relaci\u00f3n estrecha con la princesa Vivi desde la infancia y acaba situado al frente del ej\u00e9rcito rebelde, una posici\u00f3n que lo convierte en pieza clave para comprender la escalada del enfrentamiento.<\/p>\n<p class=\"wp-block-paragraph\">Junto a \u00e9l estar\u00e1 <strong>Omid Abtahi <\/strong>como Toto, padre de Koza. Abtahi es especialmente reconocible por su participaci\u00f3n en The Mandalorian, adem\u00e1s de su carrera en cine, televisi\u00f3n y doblaje. Toto representa a la poblaci\u00f3n civil de Alabasta y el desgaste que provoca la crisis del agua y la inestabilidad del reino; su personaje permite que el conflicto trascienda la confrontaci\u00f3n entre bandos y se perciba desde la vida cotidiana de sus habitantes.<\/p>\n<p>            <a class=\"articulo-relacionado__media\" href=\"https:\/\/www.elindependiente.com\/series-y-television\/2026\/07\/13\/miniserie-netflix-perez-reverte-estreno-otono\/\" title=\"La miniserie de Netflix basada en una novela de P\u00e9rez-Reverte que te atrapar\u00e1 este oto\u00f1o\" rel=\"nofollow noopener\" target=\"_blank\"><\/p>\n<p>                <img loading=\"lazy\" decoding=\"async\" src=\"data:image\/svg+xml,%3Csvg%20xmlns=\" http:=\"\" width=\"390\" height=\"220\" alt=\"La miniserie de Netflix basada en una novela de P\u00e9rez-Reverte que te atrapar\u00e1 este oto\u00f1o\" data-lazy-src=\"https:\/\/www.europesays.com\/es\/wp-content\/uploads\/2026\/08\/0367-elproblemafinal-s1-e1-22042025-landerlarran-aga-5797-1-390x220.jpg\"\/><\/p>\n<p>\t\t\t            <\/a><\/p>\n<p class=\"wp-block-paragraph\"><strong>Jamie Ward<\/strong> dar\u00e1 vida a Pell, uno de los guardianes m\u00e1s fieles de la familia Nefertari. El int\u00e9rprete brit\u00e1nico ha aparecido en The Gentlemen e Invisible Boys. Dentro de la historia, Pell es uno de los protectores de Vivi y del rey Cobra, y su presencia anticipa el peso que tendr\u00e1n la guardia real y la defensa de la monarqu\u00eda durante el desarrollo de la temporada.<\/p>\n<p class=\"wp-block-paragraph\">Por \u00faltimo, <strong>Nabeel Khan<\/strong> ha sido elegido para interpretar a Chaka, comandante de la Guardia Real de Alabasta. Con experiencia en t\u00edtulos como Mandela: Long Walk to Freedom y Strike Back, Khan encarnar\u00e1 a otro de los hombres de confianza del palacio. Chaka y Pell representan el bando que intenta preservar el orden institucional en medio de una revuelta alimentada desde las sombras.<\/p>\n<p>Una guerra manipulada por Crocodile<\/p>\n<p class=\"wp-block-paragraph\">El <strong>arco de Alabasta<\/strong> no ser\u00e1 simplemente una nueva parada en el recorrido de Luffy, Zoro, Nami, Usopp y Sanji. La llegada al reino conecta de lleno con la historia de Nefertari Vivi, interpretada en el live-action por Charithra Chandran, y con su esfuerzo por impedir que la confrontaci\u00f3n entre los rebeldes y la corona destruya su pa\u00eds.<\/p>\n<p class=\"wp-block-paragraph\">Detr\u00e1s del caos <strong>opera Sir Crocodile,<\/strong> miembro de los Siete Guerreros del Mar y l\u00edder de Baroque Works. Su plan consiste en aprovechar la falta de agua, el descontento social y la desinformaci\u00f3n para desestabilizar a Alabasta, enfrentar a sus habitantes y tomar el control del reino. La tercera temporada tendr\u00e1, por tanto, una escala pol\u00edtica y emocional superior a la de las primeras aventuras de la tripulaci\u00f3n.<\/p>\n<p class=\"wp-block-paragraph\">La <strong>importancia de Koza, Toto, Pell y Chaka <\/strong>est\u00e1 directamente relacionada con esa estructura. Koza muestra el lado rebelde; Toto aporta la perspectiva de la poblaci\u00f3n; Pell expresa la lealtad hacia Vivi y la familia real; mientras Chaka simboliza la responsabilidad de proteger el reino cuando la confianza entre sus ciudadanos se ha roto.<\/p>\n<p>            <a class=\"articulo-relacionado__media\" href=\"https:\/\/www.elindependiente.com\/series-y-television\/2026\/03\/13\/final-explicado-temporada-2-one-piece\/\" title=\"El final explicado de la temporada 2 de &#039;One Piece&#039;, la serie que arrasa en Netflix\" rel=\"nofollow noopener\" target=\"_blank\"><\/p>\n<p>                <img loading=\"lazy\" decoding=\"async\" src=\"data:image\/svg+xml,%3Csvg%20xmlns=\" http:=\"\" width=\"390\" height=\"220\" alt=\"El final explicado de la temporada 2 de 'One Piece', la serie que arrasa en Netflix\" data-lazy-src=\"https:\/\/www.europesays.com\/es\/wp-content\/uploads\/2026\/08\/b5a79fa3e6a2f0a34c9427e4e5d22ef8-390x220.webp\"\/><\/p>\n<p>\t\t\t            <\/a><\/p>\n","protected":false},"excerpt":{"rendered":"La tripulaci\u00f3n de los Sombrero de Paja se prepara para adentrarse en uno de los territorios m\u00e1s decisivos&hellip;\n","protected":false},"author":2,"featured_media":728573,"comment_status":"","ping_status":"","sticky":false,"template":"","format":"standard","meta":{"footnotes":""},"categories":[171],"tags":[146,147,25,24,152,975,23,807,214],"class_list":["post-728572","post","type-post","status-publish","format-standard","has-post-thumbnail","category-tv","tag-entertainment","tag-entretenimiento","tag-es","tag-espana","tag-netflix","tag-seo","tag-spain","tag-television","tag-tv"],"share_on_mastodon":{"url":"https:\/\/pubeurope.com\/@es\/117150587677316704","error":""},"_links":{"self":[{"href":"https:\/\/www.europesays.com\/es\/wp-json\/wp\/v2\/posts\/728572","targetHints":{"allow":["GET"]}}],"collection":[{"href":"https:\/\/www.europesays.com\/es\/wp-json\/wp\/v2\/posts"}],"about":[{"href":"https:\/\/www.europesays.com\/es\/wp-json\/wp\/v2\/types\/post"}],"author":[{"embeddable":true,"href":"https:\/\/www.europesays.com\/es\/wp-json\/wp\/v2\/users\/2"}],"replies":[{"embeddable":true,"href":"https:\/\/www.europesays.com\/es\/wp-json\/wp\/v2\/comments?post=728572"}],"version-history":[{"count":0,"href":"https:\/\/www.europesays.com\/es\/wp-json\/wp\/v2\/posts\/728572\/revisions"}],"wp:featuredmedia":[{"embeddable":true,"href":"https:\/\/www.europesays.com\/es\/wp-json\/wp\/v2\/media\/728573"}],"wp:attachment":[{"href":"https:\/\/www.europesays.com\/es\/wp-json\/wp\/v2\/media?parent=728572"}],"wp:term":[{"taxonomy":"category","embeddable":true,"href":"https:\/\/www.europesays.com\/es\/wp-json\/wp\/v2\/categories?post=728572"},{"taxonomy":"post_tag","embeddable":true,"href":"https:\/\/www.europesays.com\/es\/wp-json\/wp\/v2\/tags?post=728572"}],"curies":[{"name":"wp","href":"https:\/\/api.w.org\/{rel}","templated":true}]}}