{"id":728692,"date":"2026-08-24T14:12:12","date_gmt":"2026-08-24T14:12:12","guid":{"rendered":"https:\/\/www.europesays.com\/es\/728692\/"},"modified":"2026-08-24T14:12:12","modified_gmt":"2026-08-24T14:12:12","slug":"shevchuk-la-libertad-nunca-se-da-por-sentada-oren-por-la-paz-en-ucrania","status":"publish","type":"post","link":"https:\/\/www.europesays.com\/es\/728692\/","title":{"rendered":"Shevchuk: La libertad nunca se da por sentada, oren por la paz en Ucrania"},"content":{"rendered":"<p>En el d\u00eda en que el pa\u00eds celebra 35 a\u00f1os de independencia, el jefe de la Iglesia greco-cat\u00f3lica ucraniana habla del sufrimiento infligido por la guerra a la poblaci\u00f3n y lanza un nuevo y sentido llamamiento a todas las naciones del mundo: \u00abNecesitamos vuestra solidaridad\u00bb.<\/p>\n<p>Taras Kotsur \u2013 Ciudad del Vaticano<\/p>\n<p>Enumera las cifras de julio de 2026, el mes m\u00e1s sangriento de cuatro a\u00f1os y medio de guerra, que, sin embargo, cobr\u00f3 un precio incalculable en vidas humanas y destrucci\u00f3n. Tambi\u00e9n condena la crueldad de la guerra y las consecuencias \u00e9ticas derivadas de la tecnolog\u00eda, donde el ojo del dron, que ve con precisi\u00f3n a qui\u00e9n est\u00e1 a punto de atacar, hace que el concepto de bajas civiles \u00abaccidentales\u00bb sea inaceptable, adem\u00e1s de tr\u00e1gico. En el coraz\u00f3n del Arzobispo Mayor de la Iglesia Greco-Cat\u00f3lica Ucraniana, Su Beatitud Sviatoslav Shevchuk, los sentimientos suscitados por el conflicto se entrelazan con los vinculados a los 35 a\u00f1os de independencia de Ucrania del totalitarismo sovi\u00e9tico. Ambos, seg\u00fan declara a los medios vaticanos, invitan a reflexionar profundamente sobre el inestimable valor de la libertad.<\/p>\n<p><b>Beatitud, es un gran placer volver a saber de usted, especialmente en este contexto, cuando cada d\u00eda nos enteramos de los continuos y violentos ataques contra la capital de Ucrania, que incluso han alcanzado la zona de la ciudad donde se encuentran su catedral y su residencia. \u00bfC\u00f3mo est\u00e1 afrontando esta situaci\u00f3n?<\/b><\/p>\n<p>Todos pasamos esta noche [22 de agosto &#8211; nota del editor ] en el refugio antia\u00e9reo, como las noches anteriores, porque, lamentablemente, el n\u00famero de drones y misiles lanzados sobre nuestras cabezas est\u00e1 aumentando. \u00daltimamente, cada mes ha sido m\u00e1s sangriento que el anterior. Por ejemplo, seg\u00fan la Comisi\u00f3n de Monitoreo de las Naciones Unidas (ONU), julio fue el mes m\u00e1s sangriento desde marzo de 2022, que es el mes con el mayor n\u00famero de v\u00edctimas en estos cuatro a\u00f1os y medio de guerra. Las estad\u00edsticas oficiales indican que en julio murieron 437 civiles y 2610 resultaron heridos, con el mayor n\u00famero de ni\u00f1os heridos y muertos desde abril de 2022.<\/p>\n<p>Todos los expertos que intentan comprender lo que est\u00e1 sucediendo coinciden en que esta guerra se est\u00e1 convirtiendo cada vez m\u00e1s en una guerra de alta tecnolog\u00eda y armamento altamente sofisticado. Algunos la denominan una guerra de ciudades. \u00bfPor qu\u00e9? Porque la capacidad de avanzar en el frente pr\u00e1cticamente se ha detenido. Avanzar en el frente se est\u00e1 volviendo cada vez m\u00e1s imposible y extremadamente costoso para el ej\u00e9rcito ruso. Por lo tanto, est\u00e1n intentando atacar a la poblaci\u00f3n civil, aumentando el sufrimiento de quienes viven, especialmente, en las grandes ciudades: por eso la capital ucraniana se ha convertido en el objetivo principal. Al buscar alguna analog\u00eda con el pasado, muchos afirman que el escenario que se desarrolla en Ucrania es muy similar a la guerra entre Ir\u00e1n e Irak de la d\u00e9cada de 1980, que fue, en efecto, una guerra entre dos pueblos incapaces de ganar en el frente y que buscaban aumentar el sufrimiento de la poblaci\u00f3n civil.<\/p>\n<p>Otro aspecto sumamente grave desde el punto de vista moral y \u00e9tico es que la alta tecnolog\u00eda que se est\u00e1 desarrollando no solo utiliza inteligencia artificial para dirigir ataques con drones, sino que, en la actualidad, estos drones letales \u2014e incluso los misiles, cada vez m\u00e1s dise\u00f1ados para atacar a civiles\u2014 est\u00e1n equipados con c\u00e1maras. Por lo tanto, el operador que gu\u00eda este misil o dron ve en tiempo real a las personas que mata. Es imposible afirmar que las bajas civiles sean accidentales o v\u00edctimas involuntarias. Por ejemplo, el otro d\u00eda un autob\u00fas fue atacado en la ciudad de Jers\u00f3n. No solo murieron las personas que iban dentro del autob\u00fas, sino tambi\u00e9n las que se encontraban a su alrededor. Es evidente que el operador del dron vio a las personas que estaba matando. Esto representa un problema moral muy grave. Se dice que hoy Rusia intenta utilizar el sufrimiento civil, incluso el miedo, como arma. Lo que no lograron en el frente de batalla, lo intentan conseguir mediante este terror en las grandes ciudades.<\/p>\n<p>Esta guerra pretende transformar incluso el cansancio, el sufrimiento e incluso el sufrimiento espiritual de la gente en un instrumento de presi\u00f3n pol\u00edtica. Esto, evidentemente, est\u00e1 cambiando la naturaleza de esta guerra, que siempre ha sido una guerra sacr\u00edlega. Todo acto de este tipo constituye un crimen contra el derecho internacional humanitario y la moral en los conflictos armados. Esta es la situaci\u00f3n que hemos estado viviendo, especialmente en la capital, en los \u00faltimos meses y d\u00edas.<\/p>\n<p><b>En esta situaci\u00f3n, \u00bfqu\u00e9 significa celebrar 35 a\u00f1os de independencia, lo que coincide exactamente con los cuatro a\u00f1os y medio transcurridos desde el inicio de esta atroz agresi\u00f3n?<\/b><\/p>\n<p>Para nosotros, celebrar el D\u00eda de la Independencia de Ucrania significa, ante todo, agradecer a Dios el don de la libertad, garantizada por el Estado independiente de Ucrania. Para los cristianos, el amor a la patria no puede convertirse en idolatr\u00eda del Estado. Un Estado regido por el Estado de derecho es una herramienta fundamental para proteger la dignidad humana, la libertad, el bien com\u00fan y el derecho a la vida. El amor a la patria no es odio hacia los dem\u00e1s, sino la voluntad de asumir la responsabilidad por el propio pueblo y servirlo. Por lo tanto, para nosotros, este d\u00eda de conmemoraci\u00f3n de la independencia de Ucrania es un d\u00eda de oraci\u00f3n y reflexi\u00f3n sobre c\u00f3mo hoy debemos no solo defender nuestra libertad, sino tambi\u00e9n construir un futuro positivo.<\/p>\n<p>En estos d\u00edas, hablamos constantemente de unidad nacional, porque se trata de una unidad basada en ciertos valores fundamentales. El Estado es un instrumento al servicio del bien com\u00fan, la dignidad de la persona humana, la supervivencia, la libertad y la construcci\u00f3n de una sociedad pac\u00edfica. Naturalmente, en este d\u00eda, todos oraremos por el fin de la guerra. Sabemos que no solo la independencia de Ucrania es un don de Dios, sino tambi\u00e9n la paz. Nos uniremos en la oraci\u00f3n, pero tambi\u00e9n en nuestro servicio al bien com\u00fan, en nuestro servicio a la salvaci\u00f3n de vidas humanas, especialmente en el contexto de la guerra que vivimos hoy.<\/p>\n<p><b>Usted habl\u00f3 del don de la libertad. En este contexto, quisiera hacerle una pregunta personal. Naci\u00f3 durante el per\u00edodo totalitario. Su formaci\u00f3n sacerdotal comenz\u00f3 en seminarios clandestinos. \u00bfQu\u00e9 significan para usted personalmente estos 35 a\u00f1os de libertad, especialmente considerando a los j\u00f3venes de hoy, una segunda generaci\u00f3n que naci\u00f3 durante este per\u00edodo de independencia?<\/b><\/p>\n<p>Tuve que vivir el momento en que el Estado comunista totalitario, que pretend\u00eda controlar incluso las mentes y las voluntades del pueblo, se desmoron\u00f3. En ese instante, comprendimos que la libertad no es solo la capacidad de ser libres en apariencia; comprendimos que la libertad es una categor\u00eda espiritual y moral. Recuerdo que incluso en la Uni\u00f3n Sovi\u00e9tica, nosotros, los cat\u00f3licos que viv\u00edamos en la clandestinidad, \u00e9ramos m\u00e1s libres que los l\u00edderes comunistas, porque llev\u00e1bamos en nuestros corazones esa libertad de hijos de Dios. Y precisamente gracias a esa capacidad de ser libres, a tener el valor de pensar de manera diferente a lo que impon\u00eda la ideolog\u00eda del Estado comunista, surgi\u00f3 la libertad de decidir, de decidir libremente, pero siempre seg\u00fan los criterios del juicio cristiano. Para nosotros, durante la \u00e9poca de la Uni\u00f3n Sovi\u00e9tica, esta fue una escuela espiritual de libertad.<\/p>\n<p>Luego, cuando cay\u00f3 este pa\u00eds totalitario, pudimos transmitir esa libertad interior que llev\u00e1bamos dentro, en el contexto de la sociedad civil ucraniana. As\u00ed, fuimos verdaderamente el germen de la nueva sociedad, y nuestra Iglesia fue portadora de la transformaci\u00f3n de la sociedad ucraniana, de un pa\u00eds colonial postcomunista y postsovi\u00e9tico a uno democr\u00e1tico. Obviamente, este camino no es algo que se pueda completar de una sola vez. Cada d\u00eda debemos demostrar esta libertad cristiana y continuar nuestro camino.<\/p>\n<p>Pero aqu\u00ed comprend\u00ed algo muy profundo, propio de la tradici\u00f3n espiritual y teol\u00f3gica bizantina: que la libertad es algo m\u00e1s que el simple libre albedr\u00edo. La libertad es fruto de una buena elecci\u00f3n, una elecci\u00f3n basada en la verdad. Si tomo la decisi\u00f3n correcta, si elijo valores fundamentales, si elijo el bien, entonces mi libre albedr\u00edo, que es un potencial para la libertad, se transforma en una experiencia de libertad. Por lo tanto, ayudar a las personas a tomar las decisiones correctas es un camino hacia la aut\u00e9ntica libertad. No libertinaje, no anarqu\u00eda, sino una libertad siempre ligada a la responsabilidad y al bien com\u00fan.<\/p>\n<p>Es evidente que este concepto de libertad es muy anhelado en Ucrania hoy en d\u00eda. Curiosamente, muchos de nuestros j\u00f3venes, prisioneros de guerra que sufrieron torturas horribles en cautiverio ruso y que posteriormente fueron liberados, afirmaron sentirse m\u00e1s libres, incluso con las manos atadas, que quienes los torturaron. \u00bfPor qu\u00e9? Porque estos oficiales rusos eran verdaderamente prisioneros de sus propios prejuicios. Tem\u00edan a sus superiores. Tem\u00edan acabar en prisi\u00f3n por no obedecer ciegamente las \u00f3rdenes. Y nuestros soldados, en esos momentos, se sintieron m\u00e1s libres, incluso con las manos atadas. \u00bfPor qu\u00e9? Porque tomaron su decisi\u00f3n. La decisi\u00f3n correcta. La decisi\u00f3n que siempre se basa en la verdad y en la defensa de la vida de las personas.<\/p>\n<p>Esta es nuestra experiencia durante la Uni\u00f3n Sovi\u00e9tica. Nuestra experiencia de reconstrucci\u00f3n de esta sociedad tras la ca\u00edda del totalitarismo estatal. Es esta libertad la que el pueblo ucraniano hoy se esfuerza por defender y construir cada vez m\u00e1s en su pa\u00eds libre e independiente.<\/p>\n<p><b>\u00bfQu\u00e9 mensaje podr\u00eda tener el pueblo ucraniano para el mundo actual, donde podemos observar una cierta crisis de la democracia con el auge de las tendencias autoritarias en diversas partes del mundo, incluso donde menos se esperar\u00eda?<\/b><\/p>\n<p>\u00a1No se cansen de ser libres! En mi opini\u00f3n, esta crisis de valores democr\u00e1ticos est\u00e1 ligada a una cierta crisis de responsabilidad hacia la propia patria. Todos quieren eludir su responsabilidad y, a veces, buscan un chivo expiatorio, un pol\u00edtico o un aut\u00f3crata que asuma las obligaciones personales que cada uno tiene para con su patria y su pa\u00eds. En ocasiones, algunos quieren eximirse de la necesidad de pensar y discernir. Quieren que alguien m\u00e1s piense, discierna y decida por ellos. Esto es una cierta inmadurez, porque es lo que hacen los ni\u00f1os cuando creen que siempre son otros quienes deben construirles un futuro mejor. En mi opini\u00f3n, la evasi\u00f3n de responsabilidad es un gran flagelo para las democracias modernas de hoy.<\/p>\n<p>Por lo tanto, me asombra que hoy la Iglesia se est\u00e9 convirtiendo cada vez m\u00e1s en garante y defensora de los valores democr\u00e1ticos, porque afirma la dignidad de toda persona. La Iglesia misma protege a los seres humanos de la deshumanizaci\u00f3n en la cultura actual, en todos los niveles, comenzando hoy con el desaf\u00edo de la inteligencia artificial. La Iglesia misma afirma que nadie deber\u00eda tener derecho a robar los sue\u00f1os y esperanzas de otros para su futuro. En efecto, nosotros mismos somos los constructores de nuestras propias vidas y nuestro futuro.<\/p>\n<p>No teman ser libres. Este es el mensaje fundamental que Ucrania puede transmitir al mundo hoy. Incluso si esta libertad debe ser defendida. Porque la libertad no se puede dar por sentada. Quienes no se arriesgan a abrazar esta libertad y vivir como hombres y mujeres libres no son dignos de este don.<\/p>\n<p><b>Como pastor de una parte del pueblo de Dios en Ucrania y en otras partes del mundo, \u00bfqu\u00e9 llamamiento le gustar\u00eda hacer a la Iglesia universal en este aniversario de la independencia?<\/b><\/p>\n<p>La m\u00e1xima expresi\u00f3n de libertad es la capacidad humana de amar: amar a Dios y amar al pr\u00f3jimo. Hoy, en Ucrania, vemos que la armon\u00eda nacional que nos condujo a la independencia solo puede defenderse mediante la misericordia: la capacidad de empatizar con quienes sufren, la capacidad de ser misericordiosos con quienes se equivocan, y tambi\u00e9n nuestra capacidad de hacer el bien a los dem\u00e1s. Por lo tanto, no debemos olvidar que la mayor experiencia de libertad se alcanza cuando amamos a Dios y al pr\u00f3jimo.<\/p>\n<p>Quisiera agradecer a todos los que se unan a nosotros en oraci\u00f3n el D\u00eda de la Independencia de Ucrania, el 24 de agosto. Les recuerdo que el Consejo Panucraniano de Iglesias ha hecho un llamamiento al Consejo Mundial de Iglesias y tambi\u00e9n ha escrito una carta al Papa Le\u00f3n XIII y a todas las personas de buena voluntad, inst\u00e1ndolos a celebrar el 24 de agosto como un d\u00eda de oraci\u00f3n por la paz en Ucrania. Todos en Ucrania estaremos unidos en oraci\u00f3n ese d\u00eda. Nosotros, los l\u00edderes de las iglesias y organizaciones religiosas, nos reuniremos en la catedral m\u00e1s antigua de Europa del Este, la Catedral de Santa Sof\u00eda en Kiev. All\u00ed se encuentra un mosaico del siglo XI de Nuestra Se\u00f1ora de la Oraci\u00f3n. Ante este mosaico, oraremos por la paz. Les pedimos su solidaridad y unidad en la oraci\u00f3n, pero tambi\u00e9n en la acci\u00f3n humanitaria, que hoy es una excelente manera de demostrar nuestro amor a Dios y al pr\u00f3jimo.<\/p>\n","protected":false},"excerpt":{"rendered":"En el d\u00eda en que el pa\u00eds celebra 35 a\u00f1os de independencia, el jefe de la Iglesia greco-cat\u00f3lica&hellip;\n","protected":false},"author":2,"featured_media":728693,"comment_status":"","ping_status":"","sticky":false,"template":"","format":"standard","meta":{"footnotes":""},"categories":[42],"tags":[9807,17,18,13,14,69,11,61,62,63,64,19,20,9,10,15,16,11506,1614,12,7081,21,22,65,66,67],"class_list":["post-728692","post","type-post","status-publish","format-standard","has-post-thumbnail","category-internacional","tag-aniversario","tag-breaking-news","tag-breakingnews","tag-featured-news","tag-featurednews","tag-guerra","tag-headlines","tag-internacional","tag-international","tag-international-news","tag-internationalnews","tag-latest-news","tag-latestnews","tag-news","tag-noticias","tag-noticias-destacadas","tag-noticiasdestacadas","tag-paz","tag-rusia","tag-titulares","tag-ucrania","tag-ultimas-noticias","tag-ultimasnoticias","tag-world","tag-world-news","tag-worldnews"],"share_on_mastodon":{"url":"","error":""},"_links":{"self":[{"href":"https:\/\/www.europesays.com\/es\/wp-json\/wp\/v2\/posts\/728692","targetHints":{"allow":["GET"]}}],"collection":[{"href":"https:\/\/www.europesays.com\/es\/wp-json\/wp\/v2\/posts"}],"about":[{"href":"https:\/\/www.europesays.com\/es\/wp-json\/wp\/v2\/types\/post"}],"author":[{"embeddable":true,"href":"https:\/\/www.europesays.com\/es\/wp-json\/wp\/v2\/users\/2"}],"replies":[{"embeddable":true,"href":"https:\/\/www.europesays.com\/es\/wp-json\/wp\/v2\/comments?post=728692"}],"version-history":[{"count":0,"href":"https:\/\/www.europesays.com\/es\/wp-json\/wp\/v2\/posts\/728692\/revisions"}],"wp:featuredmedia":[{"embeddable":true,"href":"https:\/\/www.europesays.com\/es\/wp-json\/wp\/v2\/media\/728693"}],"wp:attachment":[{"href":"https:\/\/www.europesays.com\/es\/wp-json\/wp\/v2\/media?parent=728692"}],"wp:term":[{"taxonomy":"category","embeddable":true,"href":"https:\/\/www.europesays.com\/es\/wp-json\/wp\/v2\/categories?post=728692"},{"taxonomy":"post_tag","embeddable":true,"href":"https:\/\/www.europesays.com\/es\/wp-json\/wp\/v2\/tags?post=728692"}],"curies":[{"name":"wp","href":"https:\/\/api.w.org\/{rel}","templated":true}]}}