{"id":728696,"date":"2026-08-24T14:14:19","date_gmt":"2026-08-24T14:14:19","guid":{"rendered":"https:\/\/www.europesays.com\/es\/728696\/"},"modified":"2026-08-24T14:14:19","modified_gmt":"2026-08-24T14:14:19","slug":"un-socio-de-la-izquierda-desmonta-a-sanchez-marruecos-no-es-un-socio-de-fiar-y-juega-con-las-cartas-marcadas","status":"publish","type":"post","link":"https:\/\/www.europesays.com\/es\/728696\/","title":{"rendered":"Un socio de la izquierda desmonta a S\u00e1nchez: \u00abMarruecos no es un socio de fiar y juega con las cartas marcadas\u00bb"},"content":{"rendered":"<p>El <a title=\"presidente del Cabildo de Gran Canaria, Antonio Morales\" href=\"https:\/\/www.larazon.es\/canarias\/presidente-cabildo-gran-canaria-avisa-marruecos-hoy-ceuta-manana-actuamos-puede-ser-canarias_202608186a840bb171b42a0b5df58aa8.html\" target=\"_blank\" rel=\"nofollow noopener\">presidente del Cabildo de Gran Canaria, Antonio Morales<\/a>, ha vuelto a sostener que <b>Marruecos<\/b> \u00ab<b>no es un socio de fiar<\/b>\u00bb y pide a <b>Espa\u00f1a<\/b> y a la <b>Uni\u00f3n Europea<\/b> que abandonen la ingenuidad con la que, a su entender, vienen tratando a <b>Rabat<\/b>. Lo escribe en un art\u00edculo de opini\u00f3n donde sit\u00faa a <a title=\"Canarias\" href=\"https:\/\/www.larazon.es\/canarias\/\" target=\"_blank\" rel=\"nofollow noopener\">Canarias<\/a> como \u00abfrontera expuesta\u00bb ante una recomposici\u00f3n de alianzas internacionales que ha reforzado el reino alauita.<\/p>\n<p>El texto sit\u00faa el origen del desequilibrio en diciembre de 2020. Los <b>acuerdos de Abraham<\/b>, argumenta Morales, \u00ab<b>no fueron nunca un simple pacto de buena vecindad<\/b>\u00ab, sino \u00abel canje con el que <b>Washington<\/b> <b>compr\u00f3 el reconocimiento marroqu\u00ed de Israel a cambio de avalar la soberan\u00eda de Rabat sobre el S\u00e1hara Occidental<\/b>\u00ab. De ah\u00ed arranca, a\u00f1ade, \u00abun respaldo pol\u00edtico y militar sin precedentes, justo en la regi\u00f3n donde Canarias frontera sur de Europa\u00bb.<\/p>\n<p>Lo que sigue, seg\u00fan el dirigente de <b>Nueva Canarias, que gobierna el Cabildo junto al PSOE desde 2023<\/b>, es que \u00ab<b>Marruecos ha aprendido a usar la presi\u00f3n migratoria como arma de negociaci\u00f3n<\/b>\u00bb y \u00ab<b>cuando le conviene, relaja el control fronterizo para que lleguen miles de personas a Ceuta, Melilla o Canarias<\/b>\u00ab. En este sentido, el presidente insular rechaza que se trate de un descuido operativo: \u00abNo es un fallo de control, <b>es una demostraci\u00f3n de fuerza, un mensaje claro a Madrid y Bruselas de que Rabat tiene la llave de la frontera y la usar\u00e1 cuando le convenga<\/b>\u00ab.<\/p>\n<p>El presidente insular describe una relaci\u00f3n bilateral que funciona a conveniencia de una sola parte. Rabat \u00abutiliza la cooperaci\u00f3n cuando le beneficia y la desactiva cuando quiere obtener concesiones\u00bb, escribe, y avisa de que ese uso de los flujos migratorios como herramienta diplom\u00e1tica, sumado al rearme que le facilitan Israel y Estados Unidos, \u00abes realmente peligroso\u00bb.<\/p>\n<p>Los n\u00fameros del grifo<\/p>\n<p>Los balances quincenales de <b>Interior<\/b> dan la medida de c\u00f3mo se abre y se cierra ese grifo. Hasta el 15 de agosto llegaron a las Islas 4.808 personas, frente a los 11.883 del mismo periodo del curso pasado, con 64 embarcaciones detectadas por las 196 anteriores. El alivio en la ruta atl\u00e1ntico no ha reducido la presi\u00f3n migratoria, sino que la ha desplazado, cerrando Ceuta ese mismo corte con 5.013 entradas, un 191% m\u00e1s, y Melilla con 548, un 230% por encima.<\/p>\n<p>Morales insiste en que el pulso geoestrat\u00e9gico llega a las Islas convertido en \u00abcayucos, llegada masiva y presi\u00f3n sobre los recursos sociales\u00bb, y lamenta que sean los ayuntamientos quienes dan \u00abla primera respuesta humanitaria\u00bb mientras sigue sin aclararse si la acogida corresponde a Espa\u00f1a o a la Uni\u00f3n Europea.<\/p>\n<p>Cuatro a\u00f1os del giro sobre el S\u00e1hara<\/p>\n<p>El <b>18 de marzo de 2022, Pedro S\u00e1nchez comunic\u00f3 por carta a Mohamed VI su respaldo al plan de autonom\u00eda marroqu\u00ed y liquid\u00f3 cuatro d\u00e9cadas de posici\u00f3n espa\u00f1ola amparada en Naciones Unidas<\/b>. Aquel viraje, afirma Morales, \u00abno ha tra\u00eddo estabilidad, al contrario, ha reforzado la percepci\u00f3n de que Espa\u00f1a cede bajo presi\u00f3n\u00bb.<\/p>\n<p>Las contrapartidas anunciadas entonces siguen a medio camino. S\u00e1nchez proclam\u00f3 en Rabat el 7 de abril de 2022 el restablecimiento de la normalidad en el paso fronterizo de Melilla y la apertura de una aduana en Ceuta. Tres a\u00f1os despu\u00e9s el mecanismo apenas hab\u00eda superado la fase de pruebas piloto, con un cami\u00f3n diario en cada sentido, sin remolques ni furgonetas y en horario de ma\u00f1ana y tarde entre semana. En la cumbre bilateral de febrero de 2023, la delegaci\u00f3n espa\u00f1ola tampoco logr\u00f3 que Rabat mencionara Ceuta y Melilla en la declaraci\u00f3n final. Meses antes, Marruecos hab\u00eda escrito al <b>Alto Comisionado de Derechos Humanos de la ONU<\/b> que no tiene fronteras terrestres con Espa\u00f1a, sino \u00absimples puntos de acceso\u00bb, y que Melilla \u00absigue siendo un presidio ocupado\u00bb.<\/p>\n<p>Frente a ese balance, el presidente del Cabildo de Gran Canaria reclama \u00abuna <b>pol\u00edtica exterior m\u00e1s aut\u00f3noma, con instrumentos claros y verificables<\/b>\u00bb ante el vecino del sur, y para el Archipi\u00e9lago exige \u00ab<b>financiaci\u00f3n estructural para la acogida humanitaria, la vigilancia mar\u00edtima y a\u00e9rea, la cooperaci\u00f3n con los pa\u00edses de origen, v\u00edas legales y seguras<\/b>\u00ab. Su conclusi\u00f3n es que \u00abla cooperaci\u00f3n con Marruecos es necesaria, pero la dependencia tiene un precio\u00bb.<\/p>\n","protected":false},"excerpt":{"rendered":"El presidente del Cabildo de Gran Canaria, Antonio Morales, ha vuelto a sostener que Marruecos \u00abno es un&hellip;\n","protected":false},"author":2,"featured_media":728697,"comment_status":"","ping_status":"","sticky":false,"template":"","format":"standard","meta":{"footnotes":""},"categories":[5],"tags":[17,18,1896,4486,25,24,13,14,248,1897,11,11741,19,20,4485,9,10,15,16,2959,1699,23,12,21,22,1617],"class_list":["post-728696","post","type-post","status-publish","format-standard","has-post-thumbnail","category-titulares","tag-breaking-news","tag-breakingnews","tag-canarias","tag-ceuta","tag-es","tag-espana","tag-featured-news","tag-featurednews","tag-gobierno-de-espana","tag-gran-canaria","tag-headlines","tag-islas-canarias","tag-latest-news","tag-latestnews","tag-marruecos","tag-news","tag-noticias","tag-noticias-destacadas","tag-noticiasdestacadas","tag-pedro-sanchez","tag-psoe","tag-spain","tag-titulares","tag-ultimas-noticias","tag-ultimasnoticias","tag-union-europea"],"share_on_mastodon":{"url":"https:\/\/pubeurope.com\/@es\/117150906361150413","error":""},"_links":{"self":[{"href":"https:\/\/www.europesays.com\/es\/wp-json\/wp\/v2\/posts\/728696","targetHints":{"allow":["GET"]}}],"collection":[{"href":"https:\/\/www.europesays.com\/es\/wp-json\/wp\/v2\/posts"}],"about":[{"href":"https:\/\/www.europesays.com\/es\/wp-json\/wp\/v2\/types\/post"}],"author":[{"embeddable":true,"href":"https:\/\/www.europesays.com\/es\/wp-json\/wp\/v2\/users\/2"}],"replies":[{"embeddable":true,"href":"https:\/\/www.europesays.com\/es\/wp-json\/wp\/v2\/comments?post=728696"}],"version-history":[{"count":0,"href":"https:\/\/www.europesays.com\/es\/wp-json\/wp\/v2\/posts\/728696\/revisions"}],"wp:featuredmedia":[{"embeddable":true,"href":"https:\/\/www.europesays.com\/es\/wp-json\/wp\/v2\/media\/728697"}],"wp:attachment":[{"href":"https:\/\/www.europesays.com\/es\/wp-json\/wp\/v2\/media?parent=728696"}],"wp:term":[{"taxonomy":"category","embeddable":true,"href":"https:\/\/www.europesays.com\/es\/wp-json\/wp\/v2\/categories?post=728696"},{"taxonomy":"post_tag","embeddable":true,"href":"https:\/\/www.europesays.com\/es\/wp-json\/wp\/v2\/tags?post=728696"}],"curies":[{"name":"wp","href":"https:\/\/api.w.org\/{rel}","templated":true}]}}