{"id":72882,"date":"2025-08-26T07:14:07","date_gmt":"2025-08-26T07:14:07","guid":{"rendered":"https:\/\/www.europesays.com\/es\/72882\/"},"modified":"2025-08-26T07:14:07","modified_gmt":"2025-08-26T07:14:07","slug":"el-resurgido-paulo-costa-no-pierde-de-vista-a-du-plessis-y-pide-enfrentarlo-seria-una-gran-pelea","status":"publish","type":"post","link":"https:\/\/www.europesays.com\/es\/72882\/","title":{"rendered":"El resurgido Paulo Costa no pierde de vista a du Plessis y pide enfrentarlo: \u00abSer\u00eda una gran pelea\u00bb"},"content":{"rendered":"<p data-gtm-element-container=\"modulo-texto-link\" class=\"paragraph\"><strong>Paulo Costa<\/strong> ha vuelto a vencer en una pelea dentro de la UFC y ya maquina cu\u00e1l ser\u00e1 su pr\u00f3ximo rival en el oct\u00e1gono. Tras encontrar la luz al final del t\u00fanel, despu\u00e9s de caer ante cuatro de sus \u00faltimos seis rivales y superar todo tipo de lesiones, The Eraser ha confesado que ahora s\u00f3lo tiene a una persona en mente: <strong>el brasile\u00f1o ha pedido pelear frente a Dricus du Plessis<\/strong>, ex campe\u00f3n de la divisi\u00f3n de peso medio, en su siguiente ocasi\u00f3n sobre el tapiz m\u00e1s exigente del mundo.<\/p>\n<p data-gtm-element-container=\"modulo-texto-link\" class=\"paragraph\">\u00ab(Para mi siguiente pelea)<strong>\u00a0Dricus es mejor porque acaba de perder el cintur\u00f3n. Es muy impredecible.<\/strong> Es un tipo dif\u00edcil de pelear, para ser honesto. Khamzat Chimaev lo sab\u00eda, por eso lo mantuvo en su lugar durante tanto tiempo. Incluso en el quinto asalto,<strong> Dricus segu\u00eda siendo peligroso, y Chimaev ten\u00eda miedo de pelear con \u00e9l.<\/strong> Simplemente lo mantuvo en su lugar durante 25 minutos. Horrible\u00bb, explic\u00f3 Costa, en una entrevista para <strong>Submission Radio.<\/strong><\/p>\n<p data-gtm-element-container=\"modulo-texto-link\" class=\"paragraph\">Las pretensiones de Paulo Costa son poco realistas. Dentro del ranking de peso medio de la UFC, <strong>The Eraser figura como el competidor n\u00famero 13 del mundo<\/strong>, mientras que du Plessis lidera la tabla despu\u00e9s de perder su cintur\u00f3n ante Khamzat Chimaev en su \u00faltimo pleito sobre el oct\u00e1gono, hace algo m\u00e1s de una semana. Salvo casos extremos, <strong>la compa\u00f1\u00eda americana no empareja a personas fuera de los cinco mejores aspirantes con el artista marcial mixto numero uno de la divisi\u00f3n.<\/strong><\/p>\n<p data-gtm-element-container=\"modulo-texto-link\" class=\"paragraph\">El brasile\u00f1o manifest\u00f3 tambi\u00e9n cu\u00e1l ser\u00eda el momento ideal para enfrentar a du Plessis en un hipot\u00e9tico combate, y no quiere esperar a que acabe el 2025: \u00abPotencialmente&#8230;<strong> Noviembre, diciembre, esa ser\u00eda una gran pelea. Una pelea enorme.<\/strong> Dej\u00e9 de pelear en la UFC, y ahora somos amigos. Ahora somos compa\u00f1eros. Se lo dije a Hunter (Campbell) y a Dana (White). <strong>Van a traer un buen combate, un combate divertido.<\/strong> Estoy totalmente seguro de eso\u00bb, manifest\u00f3.<\/p>\n<p>    Lee tambi\u00e9n<\/p>\n<p data-gtm-element-container=\"modulo-texto-link\" class=\"paragraph\">La divisi\u00f3n de peso medio, en su conversaci\u00f3n titular, <strong>ni siquiera contempla a Paulo Costa cerca de la ecuaci\u00f3n.<\/strong> Con peleas todav\u00eda por ganar sobre el oct\u00e1gono, y con dos eliminatorias por el t\u00edtulo consecutivas dentro de la compa\u00f1\u00eda de artes marciales mixtas m\u00e1s grande del mundo,<strong> el alegato de The Eraser es poco realista <\/strong>y no va acorde con sus pretensiones dentro del Ultimate Fighting Championship.<\/p>\n","protected":false},"excerpt":{"rendered":"Paulo Costa ha vuelto a vencer en una pelea dentro de la UFC y ya maquina cu\u00e1l ser\u00e1&hellip;\n","protected":false},"author":2,"featured_media":72883,"comment_status":"","ping_status":"","sticky":false,"template":"","format":"standard","meta":{"footnotes":""},"categories":[276],"tags":[168,25,24,23,167,343],"class_list":{"0":"post-72882","1":"post","2":"type-post","3":"status-publish","4":"format-standard","5":"has-post-thumbnail","7":"category-ufc","8":"tag-deportes","9":"tag-es","10":"tag-espana","11":"tag-spain","12":"tag-sports","13":"tag-ufc"},"share_on_mastodon":{"url":"","error":""},"_links":{"self":[{"href":"https:\/\/www.europesays.com\/es\/wp-json\/wp\/v2\/posts\/72882","targetHints":{"allow":["GET"]}}],"collection":[{"href":"https:\/\/www.europesays.com\/es\/wp-json\/wp\/v2\/posts"}],"about":[{"href":"https:\/\/www.europesays.com\/es\/wp-json\/wp\/v2\/types\/post"}],"author":[{"embeddable":true,"href":"https:\/\/www.europesays.com\/es\/wp-json\/wp\/v2\/users\/2"}],"replies":[{"embeddable":true,"href":"https:\/\/www.europesays.com\/es\/wp-json\/wp\/v2\/comments?post=72882"}],"version-history":[{"count":0,"href":"https:\/\/www.europesays.com\/es\/wp-json\/wp\/v2\/posts\/72882\/revisions"}],"wp:featuredmedia":[{"embeddable":true,"href":"https:\/\/www.europesays.com\/es\/wp-json\/wp\/v2\/media\/72883"}],"wp:attachment":[{"href":"https:\/\/www.europesays.com\/es\/wp-json\/wp\/v2\/media?parent=72882"}],"wp:term":[{"taxonomy":"category","embeddable":true,"href":"https:\/\/www.europesays.com\/es\/wp-json\/wp\/v2\/categories?post=72882"},{"taxonomy":"post_tag","embeddable":true,"href":"https:\/\/www.europesays.com\/es\/wp-json\/wp\/v2\/tags?post=72882"}],"curies":[{"name":"wp","href":"https:\/\/api.w.org\/{rel}","templated":true}]}}