{"id":728843,"date":"2026-08-24T16:09:17","date_gmt":"2026-08-24T16:09:17","guid":{"rendered":"https:\/\/www.europesays.com\/es\/728843\/"},"modified":"2026-08-24T16:09:17","modified_gmt":"2026-08-24T16:09:17","slug":"trump-senalado-por-el-coste-al-bolsillo-de-los-estadounidenses-de-la-guerra-comercial-con-canada-expansion","status":"publish","type":"post","link":"https:\/\/www.europesays.com\/es\/728843\/","title":{"rendered":"Trump, se\u00f1alado por el coste al bolsillo de los estadounidenses de la guerra comercial con Canad\u00e1 &#8211; Expansi\u00f3n"},"content":{"rendered":"<ol>\n<li><a href=\"https:\/\/news.google.com\/rss\/articles\/CBMilgFBVV95cUxQQzM2bmxNc01YU1FNY3dISldJdmpjcFRHNGhkUUdPQWVJOVZHZk4xZDdTZDZRaDJxbnp4bEFfZDgzNjBHbGZFZGVwWEc3Z3FlcnAyOXdmWEQ2YU93Ri1iRGVhZmNucnUtZ3ktRnpmTXg2dGFmVzlLemhiQ2tFcVVTWkpENDYxNkFUMXdkd2I2eGtnX1RmOHfSAZYBQVVfeXFMTzhNTWF1eU5PdW9fNTYyMlZ1dl9MMVctYjB6dDBRczFpNTU0dXlhRjcwbU45ZlJwY1pDOUpJRHdXbl8yR2c2MHRnSkEwWmh5NEIwakRoOEpBTzhuaElfVVFzcWRndzlrejRORGNqZlRpRlVBZUlQdzlhMG81RHNoY1JCYzV0a21BREFJU1h2bnRPYUhHZzZR?oc=5\" target=\"_blank\" rel=\"nofollow noopener\">Trump, se\u00f1alado por el coste al bolsillo de los estadounidenses de la guerra comercial con Canad\u00e1<\/a>&nbsp;&nbsp;Expansi\u00f3n<\/li>\n<li><a href=\"https:\/\/news.google.com\/rss\/articles\/CBMi0AFBVV95cUxPbklURmVIeV9MUl8tRWJDeTFrSy1zeEQwRlBtZUlTTTJ3TmpzaGN1Nk95aW02VkdDRWlvUGVZeUwweXlOSUI5SkFXakRPQ25yMTJ0SWRQYUUyendUS0d4U04tY2RwZ2JJaTdoWlo3UE9QdTNxczBPV0NXeWRXRWJQdUZDLTB3LTRHRWhEcFlfQVFtRXJUMTJCYURGYkpGaURyVXNGT21TNVNxV0hTZ25mOFEwY28yUTNuaXktdFpGR3VpMkxHS1cydmxVYzZFZWlE?oc=5\" target=\"_blank\" rel=\"nofollow noopener\">Trump anuncia aranceles del 50% para veh\u00edculos y acero de Canad\u00e1 desde el 1 de enero de 2027<\/a>&nbsp;&nbsp;EL PA\u00cdS<\/li>\n<li><a href=\"https:\/\/news.google.com\/rss\/articles\/CBMipwFBVV95cUxPYjA0WThtc1FBb3RSbkNxeFFMWUJHRTlYR3plMF84WjdFbnIydzRFWUdGMHJYS1l6eE9heFB4eXRSSE04TjFOQVZ5Ym9sZnVPQWY0akdpWVg3U1drWEkwOHI0dkQxMFU5Rmo1aXFkNVVYRHBkSk53UVpXZDN0bnpiZnEyUzJIcTNaZTl5eUNIR2lvcFhXQWxibkdRc0I4dkxMLUNyazZZdw?oc=5\" target=\"_blank\" rel=\"nofollow noopener\">Actualizaci\u00f3n: La situaci\u00f3n arancelaria entre EE. UU. y Canad\u00e1 presiona a la baja los futuros de las acciones estadounidenses antes de la apertura del mercado.<\/a>&nbsp;&nbsp;Yahoo<\/li>\n<li><a href=\"https:\/\/news.google.com\/rss\/articles\/CBMi3AFBVV95cUxOOHRtY3BoOVl3bWlMVndOQnhFNWljLThXcDhKQkw1SG4xNGFzMUZuUS1RU0dxbWJBN2ItR0VMM3M1WmlUNk1HUHFsRldSMkx1eC1NWWVJYTV2OGVyME1jb05ydlJVV1JXd2VpRW5WSk4zSnhxOHZIcC1raV9GNjlyaERjSTZycXU5ellOaU93YTQ2c3RqdUVhYUMwbjRyTTFyYmNnUFk3SktSRVBRY1hDdFVrRGVjVWFQQUp6VGFpLTB2Z3RuWVBOV3k3cERxWEczbnlibkUxY1NqSEkx0gHwAUFVX3lxTE9UcGJ1bnlkbUxUa3V0VXdDOHk5SThoLW1ONEZQQzlwRHp0LTdmb0swZXp4OV9fdzhDcjR0VXp2cEFFNjdjdnVRVzJXN2lEalVSNlhVdmF1bnZqRzhXREZrb1FWeGRBdDZieWJnZXBOV1p3UkxnQ0U1YmxuRlVRZUNSVVVaM1Y0OWVUYW9obzlyLXJtaG1UMjJtUlNfOGpWaTF5MjB0aU5iemFwa216MThLSnRlcjA4RlpVbnpzM2tXbWJNRmJnNm16aGJ1X1FIMGpWNmV3NXZWbHVqc2FNcjZUa1RRSjg0U1JEQVB5VE5XOQ?oc=5\" target=\"_blank\" rel=\"nofollow noopener\">\u00abLa vieja relaci\u00f3n ha muerto\u00bb: las claves del pulso hist\u00f3rico entre Carney y Trump que dinamita el tablero norteamericano<\/a>&nbsp;&nbsp;El HuffPost<\/li>\n<li><a href=\"https:\/\/news.google.com\/rss\/articles\/CBMi9gFBVV95cUxNdVRod1BJUV9UTGNYM0xSSWhsdy1TYUpUcXl2eHBRYzg5VE44bldzckdzYXNSRzF5aWFKLS1rdzNiREtiTmFHQ3dtZjVvUjJmTUh4aDlDdVVPck9WTDRxYm1rNURPZEdTdUdCY0ZiTVkwRXctN2lZdHFmMkRJRFBGLTdMV1BXeHFXNU5KdDhacW1JS3h2azJ5RW1PZzFLcGJldkJibWVMcFBqeDFNc1RLTWtOVDVyanJxR1c2WXRUZmkwdmFYX3N5YXdpODZKMlpLRmk3MmtCNWlVdjFyZ1J1bUFEcFJzQ3hNMDI2NzBHQjRCNDJPN1E?oc=5\" target=\"_blank\" rel=\"nofollow noopener\">Trump endurece la guerra comercial contra Canad\u00e1: anuncia aranceles del 50% a los coches y el acero<\/a>&nbsp;&nbsp;El Economista<\/li>\n<\/ol>\n","protected":false},"excerpt":{"rendered":"Trump, se\u00f1alado por el coste al bolsillo de los estadounidenses de la guerra comercial con Canad\u00e1&nbsp;&nbsp;Expansi\u00f3n Trump anuncia&hellip;\n","protected":false},"author":2,"featured_media":728844,"comment_status":"","ping_status":"","sticky":false,"template":"","format":"standard","meta":{"footnotes":""},"categories":[42],"tags":[4135,17,18,3730,352,95,28584,629,13,14,19613,11,61,62,63,64,19,20,9,10,15,16,12,21,22,65,66,67],"class_list":["post-728843","post","type-post","status-publish","format-standard","has-post-thumbnail","category-internacional","tag-aranceles","tag-breaking-news","tag-breakingnews","tag-canada","tag-donald-trump","tag-economia","tag-economia-financial-times","tag-estados-unidos","tag-featured-news","tag-featurednews","tag-financial-times","tag-headlines","tag-internacional","tag-international","tag-international-news","tag-internationalnews","tag-latest-news","tag-latestnews","tag-news","tag-noticias","tag-noticias-destacadas","tag-noticiasdestacadas","tag-titulares","tag-ultimas-noticias","tag-ultimasnoticias","tag-world","tag-world-news","tag-worldnews"],"share_on_mastodon":{"url":"","error":"Validation failed: Text character limit of 500 exceeded"},"_links":{"self":[{"href":"https:\/\/www.europesays.com\/es\/wp-json\/wp\/v2\/posts\/728843","targetHints":{"allow":["GET"]}}],"collection":[{"href":"https:\/\/www.europesays.com\/es\/wp-json\/wp\/v2\/posts"}],"about":[{"href":"https:\/\/www.europesays.com\/es\/wp-json\/wp\/v2\/types\/post"}],"author":[{"embeddable":true,"href":"https:\/\/www.europesays.com\/es\/wp-json\/wp\/v2\/users\/2"}],"replies":[{"embeddable":true,"href":"https:\/\/www.europesays.com\/es\/wp-json\/wp\/v2\/comments?post=728843"}],"version-history":[{"count":0,"href":"https:\/\/www.europesays.com\/es\/wp-json\/wp\/v2\/posts\/728843\/revisions"}],"wp:featuredmedia":[{"embeddable":true,"href":"https:\/\/www.europesays.com\/es\/wp-json\/wp\/v2\/media\/728844"}],"wp:attachment":[{"href":"https:\/\/www.europesays.com\/es\/wp-json\/wp\/v2\/media?parent=728843"}],"wp:term":[{"taxonomy":"category","embeddable":true,"href":"https:\/\/www.europesays.com\/es\/wp-json\/wp\/v2\/categories?post=728843"},{"taxonomy":"post_tag","embeddable":true,"href":"https:\/\/www.europesays.com\/es\/wp-json\/wp\/v2\/tags?post=728843"}],"curies":[{"name":"wp","href":"https:\/\/api.w.org\/{rel}","templated":true}]}}