{"id":72892,"date":"2025-08-26T07:21:04","date_gmt":"2025-08-26T07:21:04","guid":{"rendered":"https:\/\/www.europesays.com\/es\/72892\/"},"modified":"2025-08-26T07:21:04","modified_gmt":"2025-08-26T07:21:04","slug":"detenido-el-marido-de-iciar-bollain-acusado-de-terrorismo-por-llevar-una-camiseta-a-favor-de-palestina","status":"publish","type":"post","link":"https:\/\/www.europesays.com\/es\/72892\/","title":{"rendered":"Detenido el marido de Ic\u00edar Bolla\u00edn acusado de terrorismo por llevar una camiseta a favor de Palestina"},"content":{"rendered":"<p>El marido de Ic\u00edar Bolla\u00edn, el guionista escoc\u00e9s Paul Laverty, ha sido detenido este lunes por la polic\u00eda de Escocia acusado de terrorismo por llevar  &#8230; puesta una camiseta con la inscripci\u00f3n &#8216;Genocidio en Palestina, es hora de actuar&#8217;.<\/p>\n<p class=\"v-p\">La camiseta que llevaba Laverty ha sido considerada como apoyo a Palestine Action, un grupo de protesta declarado organizaci\u00f3n terrorista por el Gobierno escoc\u00e9s en julio, seg\u00fan ha informado el medio &#8216;The National&#8217;.<\/p>\n<p class=\"v-p\">Tras ser liberado, el guionista, quien ha ganado la Palma de Oro por sus colaboraciones con el director Ken Loach, ha declarado que hab\u00eda sido acusado bajo la legislaci\u00f3n antiterrorista y que deber\u00eda comparecer ante el tribunal el 18 de septiembre.<\/p>\n<p class=\"v-p\">\u00abEs bastante surrealista que te tomen las huellas y una muestra a los 68 a\u00f1os, sin haber tenido nunca un problema con la polic\u00eda en mi vida. Pens\u00e9 que era muy, muy importante cambiar la narrativa. No se trata de esta camiseta. En realidad, se trata del genocidio\u00bb, ha dicho.<\/p>\n<p class=\"v-p\">Para Laverty, el tribunal \u00abm\u00e1s importante\u00bb es el de la opini\u00f3n p\u00fablica: \u00abEse es el tribunal verdaderamente importante, no el del 18 de septiembre, no el tribunal de pacotilla, no esa gente peque\u00f1a y pedante que observa con lupa el tama\u00f1o de la letra de la camiseta: &#8216;Genocidio en Palestina, es hora de actuar&#8217;\u00bb.<\/p>\n<p class=\"v-p\">\u00abLo que hay que hacer es ver el cuadro general. Hay que detener la venta de armas que hoy se usan para causar miseria, hambruna y genocidio. El tribunal de la opini\u00f3n p\u00fablica, eso es lo que cuenta\u00bb, ha manifestado.<\/p>\n<p class=\"v-p\">Por su parte, la polic\u00eda escocesa ha explciado que, tras una protesta frente a la comisar\u00eda de St Leonards este lunes, un hombre de 68 a\u00f1os ha sido arrestado bajo la Ley Antiterrorista de 2000 por mostrar apoyo a una organizaci\u00f3n proscrita. Las investigaciones contin\u00faan.<\/p>\n<p class=\"v-p\">Laverty ha estado usando la citada camiseta en varios eventos durante los festivales de Edimburgo. La semana pasada, el guionista y Loach se unieron a una manifestaci\u00f3n contra la prohibici\u00f3n de Palestine Action.<\/p>\n","protected":false},"excerpt":{"rendered":"El marido de Ic\u00edar Bolla\u00edn, el guionista escoc\u00e9s Paul Laverty, ha sido detenido este lunes por la polic\u00eda&hellip;\n","protected":false},"author":2,"featured_media":72893,"comment_status":"","ping_status":"","sticky":false,"template":"","format":"standard","meta":{"footnotes":""},"categories":[174],"tags":[3032,14200,4392,255,8838,146,147,25,24,256,14269,14199,10484,22167,76,23,592],"class_list":{"0":"post-72892","1":"post","2":"type-post","3":"status-publish","4":"format-standard","5":"has-post-thumbnail","7":"category-famosos","8":"tag-acusado","9":"tag-bollain","10":"tag-camiseta","11":"tag-celebrities","12":"tag-detenido","13":"tag-entertainment","14":"tag-entretenimiento","15":"tag-es","16":"tag-espana","17":"tag-famosos","18":"tag-favor","19":"tag-iciar","20":"tag-llevar","21":"tag-marido","22":"tag-palestina","23":"tag-spain","24":"tag-terrorismo"},"share_on_mastodon":{"url":"","error":""},"_links":{"self":[{"href":"https:\/\/www.europesays.com\/es\/wp-json\/wp\/v2\/posts\/72892","targetHints":{"allow":["GET"]}}],"collection":[{"href":"https:\/\/www.europesays.com\/es\/wp-json\/wp\/v2\/posts"}],"about":[{"href":"https:\/\/www.europesays.com\/es\/wp-json\/wp\/v2\/types\/post"}],"author":[{"embeddable":true,"href":"https:\/\/www.europesays.com\/es\/wp-json\/wp\/v2\/users\/2"}],"replies":[{"embeddable":true,"href":"https:\/\/www.europesays.com\/es\/wp-json\/wp\/v2\/comments?post=72892"}],"version-history":[{"count":0,"href":"https:\/\/www.europesays.com\/es\/wp-json\/wp\/v2\/posts\/72892\/revisions"}],"wp:featuredmedia":[{"embeddable":true,"href":"https:\/\/www.europesays.com\/es\/wp-json\/wp\/v2\/media\/72893"}],"wp:attachment":[{"href":"https:\/\/www.europesays.com\/es\/wp-json\/wp\/v2\/media?parent=72892"}],"wp:term":[{"taxonomy":"category","embeddable":true,"href":"https:\/\/www.europesays.com\/es\/wp-json\/wp\/v2\/categories?post=72892"},{"taxonomy":"post_tag","embeddable":true,"href":"https:\/\/www.europesays.com\/es\/wp-json\/wp\/v2\/tags?post=72892"}],"curies":[{"name":"wp","href":"https:\/\/api.w.org\/{rel}","templated":true}]}}