{"id":728953,"date":"2026-08-24T17:28:23","date_gmt":"2026-08-24T17:28:23","guid":{"rendered":"https:\/\/www.europesays.com\/es\/728953\/"},"modified":"2026-08-24T17:28:23","modified_gmt":"2026-08-24T17:28:23","slug":"diego-niebla-se-incorpora-a-la-concentracion-de-la-seleccion","status":"publish","type":"post","link":"https:\/\/www.europesays.com\/es\/728953\/","title":{"rendered":"Diego Niebla se incorpora a la concentraci\u00f3n de la Selecci\u00f3n"},"content":{"rendered":"<p>El jugador del Asisa Joventut se unir\u00e1 al resto del grupo que dirige el Seleccionador Nacional, Chus Mateo, en Zaragoza, donde completar\u00e1 con el equipo los entrenamientos previstos.<\/p>\n<p>\u00c1REA DE COMUNICACI\u00d3N FEB<\/p>\n<p>Diego Niebla<\/p>\n<p>, jugador del Asisa Joventut, se incorporar\u00e1 a la concentraci\u00f3n de la Selecci\u00f3n Masculina en Zaragoza. El alero entrenar\u00e1 junto al resto del equipo durante los entrenamientos programados esta semana que servir\u00e1n para preparar los partidos de clasificaci\u00f3n para la Copa del Mundo 2027 ante Portugal en Zaragoza (viernes 28) y frente a Grecia en Atenas (lunes 31).<\/p>\n<p>Niebla ve as\u00ed recompensado su buen papel este verano con la Selecci\u00f3n U18 en el Eurobasket de la categor\u00eda, donde fue incluido en el Quinteto Ideal del torneo. La pasada temporada, fue uno de los jugadores de m\u00e1s destacados en la Liga U, promediando 10,8 puntos y 2,7 rebotes por partido.<\/p>\n<p>Tanto la Federaci\u00f3n Espa\u00f1ola de Baloncesto como el Seleccionador Nacional, Chus Mateo, quieren agradecer la predisposici\u00f3n y colaboraci\u00f3n del Asisa Joventut para facilitar la incorporaci\u00f3n del jugador a la concentraci\u00f3n de la Selecci\u00f3n.<\/p>\n","protected":false},"excerpt":{"rendered":"El jugador del Asisa Joventut se unir\u00e1 al resto del grupo que dirige el Seleccionador Nacional, Chus Mateo,&hellip;\n","protected":false},"author":2,"featured_media":728954,"comment_status":"","ping_status":"","sticky":false,"template":"","format":"standard","meta":{"footnotes":""},"categories":[269],"tags":[4605,299,1918,298,4597,4613,4616,4609,4608,4610,168,4603,4606,25,24,4120,4598,4614,2713,4601,830,4599,4600,4602,4615,4617,4607,4604,23,167,4611,4612],"class_list":["post-728953","post","type-post","status-publish","format-standard","has-post-thumbnail","category-baloncesto","tag-arbitros-baloncesto","tag-baloncesto","tag-basket","tag-basketball","tag-basquet","tag-canalfeb","tag-clasificacion","tag-copa-princesa","tag-copa-principe","tag-copa-reina","tag-deportes","tag-eba","tag-entrenadores-baloncesto","tag-es","tag-espana","tag-estadisticas","tag-federacion-baloncesto","tag-jornada-virtual","tag-jugadores","tag-laeb-plata","tag-leb-oro","tag-liga-espana","tag-liga-espanola-baloncesto","tag-liga-femenina","tag-marcadores-baloncesto","tag-rankings","tag-reglas-baloncesto","tag-seleccion-baloncesto","tag-spain","tag-sports","tag-supercopa","tag-television-baloncesto"],"share_on_mastodon":{"url":"","error":"Validation failed: Text character limit of 500 exceeded"},"_links":{"self":[{"href":"https:\/\/www.europesays.com\/es\/wp-json\/wp\/v2\/posts\/728953","targetHints":{"allow":["GET"]}}],"collection":[{"href":"https:\/\/www.europesays.com\/es\/wp-json\/wp\/v2\/posts"}],"about":[{"href":"https:\/\/www.europesays.com\/es\/wp-json\/wp\/v2\/types\/post"}],"author":[{"embeddable":true,"href":"https:\/\/www.europesays.com\/es\/wp-json\/wp\/v2\/users\/2"}],"replies":[{"embeddable":true,"href":"https:\/\/www.europesays.com\/es\/wp-json\/wp\/v2\/comments?post=728953"}],"version-history":[{"count":0,"href":"https:\/\/www.europesays.com\/es\/wp-json\/wp\/v2\/posts\/728953\/revisions"}],"wp:featuredmedia":[{"embeddable":true,"href":"https:\/\/www.europesays.com\/es\/wp-json\/wp\/v2\/media\/728954"}],"wp:attachment":[{"href":"https:\/\/www.europesays.com\/es\/wp-json\/wp\/v2\/media?parent=728953"}],"wp:term":[{"taxonomy":"category","embeddable":true,"href":"https:\/\/www.europesays.com\/es\/wp-json\/wp\/v2\/categories?post=728953"},{"taxonomy":"post_tag","embeddable":true,"href":"https:\/\/www.europesays.com\/es\/wp-json\/wp\/v2\/tags?post=728953"}],"curies":[{"name":"wp","href":"https:\/\/api.w.org\/{rel}","templated":true}]}}