{"id":728983,"date":"2026-08-24T17:48:12","date_gmt":"2026-08-24T17:48:12","guid":{"rendered":"https:\/\/www.europesays.com\/es\/728983\/"},"modified":"2026-08-24T17:48:12","modified_gmt":"2026-08-24T17:48:12","slug":"una-leyenda-compara-a-carlos-alcaraz-con-rafa-nadal-federer-y-djokovic","status":"publish","type":"post","link":"https:\/\/www.europesays.com\/es\/728983\/","title":{"rendered":"Una leyenda compara a Carlos Alcaraz con Rafa Nadal, Federer y Djokovic"},"content":{"rendered":"<p class=\"L6-news-detail__text\">Tras caer lesionado en su debut en el Conde de God\u00f3 el pasado 14 de abril y despu\u00e9s de perderse Madrid, Roma, Roland Garros, Queen&#8217;s, Wimbledon, Canad\u00e1 y Cincinnati, <b><a title=\"Carlos Alcaraz reaparecer\u00e1 en Nueva York\" href=\"https:\/\/www.lasexta.com\/noticias\/deportes\/tenis\/carlos-alcaraz-corre-riesgo-enorme-open-sorprenderia-mucho-juega_202608246a8c5479a1aaa80b041f20be.html\" target=\"_blank\" rel=\"nofollow noopener\">Carlos Alcaraz reaparecer\u00e1 en Nueva York<\/a><\/b>.<\/p>\n<p class=\"L6-news-detail__text\">Este martes volver\u00e1 a las pistas jugando el dobles mixto junto a <b><a title=\"Serena Williams\" href=\"https:\/\/www.lasexta.com\/noticias\/deportes\/tenis\/regreso-alcaraz-tiene-horario-cuando-debuta-dobles-serena-williams_202608246a8c191bff182c36f69cb0ab.html\" target=\"_blank\" rel=\"nofollow noopener\">Serena Williams<\/a><\/b>, lo que le servir\u00e1 de prueba para el cuadro individual.<\/p>\n<p class=\"L6-news-detail__text\">El retorno de Alcaraz sin duda suma un nuevo aliciente al tenis y a <b>Jannik Sinner,<\/b> el gran rival del murciano.<\/p>\n<p class=\"L6-news-detail__text\">Sobre Carlitos ha hablado<b> Andre Agassi<\/b>, campe\u00f3n de ocho Grand Slams, en el documental de Novak Djokovic de Amazon Prime, situ\u00e1ndole por encima del italiano y d\u00e1ndole un &#8216;toque&#8217; a su consistencia.<\/p>\n<p class=\"L6-news-detail__text\">\u00abDjokovic, Federer y Nadal jugaron este deporte de maneras muy diferentes y todos fueron geniales a su manera. Y ahora hay jugadores, en concreto Alcaraz, que <b>juega como Djokovic, Federer y Nadal cuando quiere<\/b>. El juego mejora\u00bb, ha se\u00f1alado.<\/p>\n<p class=\"L6-support-news-video__title\">\u00abSiento que esto es una misi\u00f3n\u00bb<\/p>\n<p> <a href=\"https:\/\/www.lasexta.com\/noticias\/deportes\/futbol\/asi-sido-presentacion-mourinho-como-entrenador-real-madrid_202608186a845ea5a5690f047380afae.html\" class=\"L6-news__link\" rel=\"nofollow noopener\" target=\"_blank\">As\u00ed ha sido la presentaci\u00f3n Mourinho como entrenador del Real Madrid<\/p>\n<p class=\"recirculation-video-desc\">El t\u00e9cnico luso, en un acto privado, ha afirmado que esta segunda etapa en el club blanco la afronta de una manera \u00abm\u00e1s especial que la primera\u00bb.<\/p>\n<p> <\/a><\/p>\n","protected":false},"excerpt":{"rendered":"Tras caer lesionado en su debut en el Conde de God\u00f3 el pasado 14 de abril y despu\u00e9s&hellip;\n","protected":false},"author":2,"featured_media":728984,"comment_status":"","ping_status":"","sticky":false,"template":"","format":"standard","meta":{"footnotes":""},"categories":[274],"tags":[114511,168,25,24,110362,547,6894,3440,23,167,327,326],"class_list":["post-728983","post","type-post","status-publish","format-standard","has-post-thumbnail","category-tenis","tag-carlos-alcaraz-garfia","tag-deportes","tag-es","tag-espana","tag-noticias-ultima-hora","tag-novak-djokovic","tag-rafa-nadal","tag-roger-federer","tag-spain","tag-sports","tag-tenis","tag-tennis"],"share_on_mastodon":{"url":"https:\/\/pubeurope.com\/@es\/117151747644575301","error":""},"_links":{"self":[{"href":"https:\/\/www.europesays.com\/es\/wp-json\/wp\/v2\/posts\/728983","targetHints":{"allow":["GET"]}}],"collection":[{"href":"https:\/\/www.europesays.com\/es\/wp-json\/wp\/v2\/posts"}],"about":[{"href":"https:\/\/www.europesays.com\/es\/wp-json\/wp\/v2\/types\/post"}],"author":[{"embeddable":true,"href":"https:\/\/www.europesays.com\/es\/wp-json\/wp\/v2\/users\/2"}],"replies":[{"embeddable":true,"href":"https:\/\/www.europesays.com\/es\/wp-json\/wp\/v2\/comments?post=728983"}],"version-history":[{"count":0,"href":"https:\/\/www.europesays.com\/es\/wp-json\/wp\/v2\/posts\/728983\/revisions"}],"wp:featuredmedia":[{"embeddable":true,"href":"https:\/\/www.europesays.com\/es\/wp-json\/wp\/v2\/media\/728984"}],"wp:attachment":[{"href":"https:\/\/www.europesays.com\/es\/wp-json\/wp\/v2\/media?parent=728983"}],"wp:term":[{"taxonomy":"category","embeddable":true,"href":"https:\/\/www.europesays.com\/es\/wp-json\/wp\/v2\/categories?post=728983"},{"taxonomy":"post_tag","embeddable":true,"href":"https:\/\/www.europesays.com\/es\/wp-json\/wp\/v2\/tags?post=728983"}],"curies":[{"name":"wp","href":"https:\/\/api.w.org\/{rel}","templated":true}]}}