{"id":72904,"date":"2025-08-26T07:29:03","date_gmt":"2025-08-26T07:29:03","guid":{"rendered":"https:\/\/www.europesays.com\/es\/72904\/"},"modified":"2025-08-26T07:29:03","modified_gmt":"2025-08-26T07:29:03","slug":"paolo-genovese-el-director-de-cine-al-que-todo-el-mundo-copia-cultura","status":"publish","type":"post","link":"https:\/\/www.europesays.com\/es\/72904\/","title":{"rendered":"Paolo Genovese, el director de cine al que todo el mundo \u2018copia\u2019 | Cultura"},"content":{"rendered":"<p class=\"\">Durante a\u00f1os, a Paolo Genovese (Roma, 58 a\u00f1os) le cost\u00f3 sacar adelante sus pel\u00edculas. Siempre le respond\u00edan con una profec\u00eda que, le\u00edda ahora, sonroja: \u201cNo va a funcionar\u201d. Hoy, en cambio, cualquiera le propone un filme, sobre todo gente que ni le conoce. La frase que le repiten es la contraria: \u201cTendr\u00edas que hacer una pel\u00edcula sobre esto\u201d. \u201cPasa todo el rato. A menudo con cosas autobiogr\u00e1ficas, las m\u00e1s aburridas\u201d, se r\u00ede el director al tel\u00e9fono. Es lo que tiene el otro lado de la fama. Porque el italiano se ha hecho mundialmente c\u00e9lebre por coescribir y dirigir un largo muy conectado con la vida de cualquiera. Perfectos desconocidos arras\u00f3 en Italia, en 2016, con una reflexi\u00f3n sobre <a href=\"https:\/\/elpais.com\/cultura\/2017\/11\/30\/actualidad\/1512066460_033829.html\" target=\"_self\" rel=\"nofollow noopener\" title=\"https:\/\/elpais.com\/cultura\/2017\/11\/30\/actualidad\/1512066460_033829.html\">los m\u00f3viles como caja negra que oculta<\/a> los secretos m\u00e1s \u00edntimos de cada uno. Luego, el fen\u00f3meno creci\u00f3 hasta convertirse en el filme con m\u00e1s remakes de la historia: de momento, 24, de Espa\u00f1a a Polonia, <a href=\"https:\/\/elpais.com\/cultura\/2022-01-29\/la-primera-pelicula-arabe-de-netflix-genera-una-intensa-polemica-en-egipto-por-tratar-temas-como-la-homosexualidad.html\" target=\"_self\" rel=\"nofollow noopener\" title=\"https:\/\/elpais.com\/cultura\/2022-01-29\/la-primera-pelicula-arabe-de-netflix-genera-una-intensa-polemica-en-egipto-por-tratar-temas-como-la-homosexualidad.html\">de Corea del Sur a Egipto.<\/a> Para remordimiento de tanto directivo esc\u00e9ptico: un poquito s\u00ed funcion\u00f3. <\/p>\n<p class=\"\">Pero su \u00e9xito m\u00e1s reciente tiene asombrado al propio Genovese: \u201cNo me lo esperaba\u201d. <a href=\"https:\/\/www.filmaffinity.com\/es\/film348901.html\" target=\"_self\" rel=\"nofollow noopener\" title=\"https:\/\/www.filmaffinity.com\/es\/film348901.html\">Porque su \u00faltima obra, LocaMente<\/a>, que se estrena en Espa\u00f1a este pr\u00f3ximo viernes, va camino de recorrer un sendero parecido. De nuevo, una comedia actual\u00edsima: sobre los cambios en las relaciones entre hombres y mujeres. Otra vez una puesta en escena m\u00ednima: int\u00e9rpretes hablando en un espacio cerrado. Y un segundo taquillazo indiscutible: en su pa\u00eds natal, pero tambi\u00e9n en el mundo.<\/p>\n<p><img alt=\"Pilar Fogliatti y Edoardo Leo, en una imagen de 'LocaMente', de Paolo Genovese.\" decoding=\"auto\" class=\"_re lazyload a_m-h\" height=\"233\"  width=\"414\"  src=\"https:\/\/www.europesays.com\/es\/wp-content\/uploads\/2025\/08\/S2KWB2Z4CBHGBLMA5NYS4O4E3A.jpg\" loading=\"lazy\"\/>Pilar Fogliatti y Edoardo Leo, en una imagen de &#8216;LocaMente&#8217;, de Paolo Genovese.<\/p>\n<p class=\"\">Mientras tanto, las peticiones de remakes vuelven a llover, seg\u00fan confirm\u00f3 su productora Raffaella Leone a la revista Variety. Y aprovech\u00f3 para anunciar un cambio: en las versiones europeas, como \u201cEspa\u00f1a, Alemania o Francia\u201d, esta vez quieren coproducir. Seguramente para alivio de Genovese, que admite una relaci\u00f3n estupenda con <a href=\"https:\/\/elpais.com\/cultura\/2017\/11\/30\/actualidad\/1512066460_033829.html\" target=\"_self\" rel=\"nofollow noopener\" title=\"https:\/\/elpais.com\/cultura\/2017\/11\/30\/actualidad\/1512066460_033829.html\">su obra, pero de \u201camor-odio\u201d<\/a> con tantas adaptaciones. \u201cDej\u00e9 de verlas. Me hace ilusi\u00f3n, pero el trabajo de guion es muy largo, te esmeras por una palabra, una frase, y ves cortes o retoques de cosas que para ti ten\u00edan sentido y sufres un poco, sobre todo con las de culturas parecidas\u201d, subraya. <a href=\"https:\/\/elpais.com\/cultura\/2017\/11\/07\/actualidad\/1510057536_137782.html\" target=\"_self\" rel=\"nofollow noopener\" title=\"https:\/\/elpais.com\/cultura\/2017\/11\/07\/actualidad\/1510057536_137782.html\">De la espa\u00f1ola, dirigida por \u00c1lex de la Iglesia,<\/a> dice: \u201cEs el que m\u00e1s ha desnaturalizado el original, el tono o el desenlace son muy distintos. No entro en si es una pel\u00edcula buena o mala. El final, eso s\u00ed, no me gust\u00f3 nada\u201d. <\/p>\n<p class=\"\">Hay otra pregunta que al director le plantean sin parar. Tanto que \u00e9l mismo completa la interrogaci\u00f3n del periodista:<\/p>\n<p class=\"\">\u2014\u00bfSe inspir\u00f3 en\u2026? <\/p>\n<p class=\"\">\u2014\u00bfDel rev\u00e9s?<\/p>\n<p class=\"\">La semejanza entre <a href=\"https:\/\/elpais.com\/cultura\/2015\/05\/18\/actualidad\/1431966197_167296.html\" target=\"_self\" rel=\"nofollow noopener\" title=\"https:\/\/elpais.com\/cultura\/2015\/05\/18\/actualidad\/1431966197_167296.html\">la obra animada de Pixar <\/a>y LocaMente resulta indudable: el nuevo largo de Genovese muestra el interior del cerebro de un hombre y una mujer en su primera cita.<a href=\"https:\/\/elpais.com\/cultura\/2015\/05\/18\/actualidad\/1431966197_167296.html\" target=\"_self\" rel=\"nofollow noopener\" title=\"https:\/\/elpais.com\/cultura\/2015\/05\/18\/actualidad\/1431966197_167296.html\"> En cada cabeza caben cuatro almas:<\/a> raciocinio, pasi\u00f3n, romanticismo e indolencia. Y se alternan al mando para generar efectos tragic\u00f3micos, flirteos, atracci\u00f3n, rechazo e incomodidades t\u00edpicas entre dos desconocidos que tratan de entender si se gustan. El italiano jura que tuvo la idea en el a\u00f1o 2000, cuando filmaba un anuncio para la televisi\u00f3n p\u00fablica italiana. De todos modos, tampoco le importa mucho reivindicar su originalidad: \u201cVivo la autor\u00eda de manera bastante serena. <a href=\"https:\/\/elpais.com\/cultura\/2015\/05\/18\/actualidad\/1431966197_167296.html\" target=\"_self\" rel=\"nofollow noopener\" title=\"https:\/\/elpais.com\/cultura\/2015\/05\/18\/actualidad\/1431966197_167296.html\">Nos ha venido bien, de hecho, tanta alusi\u00f3n a Del rev\u00e9s.<\/a> El p\u00fablico hoy quiere tener claro qu\u00e9 va a ver. Lo cierto es que ya exist\u00edan Woody Allen, la serie La cabeza de Herman\u2026 yo mismo hab\u00eda hecho un filme sobre ese concepto, Nessun messaggio in segreteria. Lo que pasa es que no lo vio nadie\u201d. <\/p>\n<p><img alt=\"Valeria Puccini, Rocco Papapelo, Claudio Santamaria, Claudia Pandolfi, Marco Giallini, Emanuela Fanelli, Maurizio Lastrico y Maria Chiara Giannetta, encargados de interpretar las cuatro almas del cerebro de los dos protagonistas de 'LocaMente', de Paolo Genovese.\" decoding=\"auto\" class=\"_re lazyload a_m-h\" height=\"256\"  width=\"414\"  src=\"https:\/\/www.europesays.com\/es\/wp-content\/uploads\/2025\/08\/VNUTLA2CXFGOBAIIRQ5M33SYJU.jpg\" loading=\"lazy\"\/>Valeria Puccini, Rocco Papapelo, Claudio Santamaria, Claudia Pandolfi, Marco Giallini, Emanuela Fanelli, Maurizio Lastrico y Maria Chiara Giannetta, encargados de interpretar las cuatro almas del cerebro de los dos protagonistas de &#8216;LocaMente&#8217;, de Paolo Genovese.<\/p>\n<p class=\"\">Tiene que ver con algo que Genovese subraya en la conversaci\u00f3n: el tiempo. En el rodaje, pero tambi\u00e9n en el estreno. \u201cUna idea no es buena cinematogr\u00e1ficamente de por s\u00ed, como absoluto. Lo es cuanto m\u00e1s conectada est\u00e9 con el momento que vivimos. <a href=\"https:\/\/elpais.com\/cultura\/2017\/11\/30\/actualidad\/1512066460_033829.html\" target=\"_self\" rel=\"nofollow noopener\" title=\"https:\/\/elpais.com\/cultura\/2017\/11\/30\/actualidad\/1512066460_033829.html\">Perfectos desconocidos es una ocurrencia bonita,<\/a> pero 10 a\u00f1os antes habr\u00eda parecido exagerado y hoy estamos acostumbrados. Lleg\u00f3 cuando nos est\u00e1bamos empezando a dar cuenta de lo que supon\u00eda el m\u00f3vil, se transform\u00f3 en una terapia de grupo. Llev\u00f3 a discutir, pensar, no pod\u00edas no decir: \u2018Vete a verlo\u2019. Y LocaMente seguramente hace 20 a\u00f1os habr\u00eda tenido menos actualidad\u201d, reflexiona. Est\u00e1 claro que el italiano tiene intuici\u00f3n, curiosidad, inter\u00e9s por lo que sucede y capacidad de leerlo. \u00bfTambi\u00e9n c\u00e1lculos de lo que est\u00e1 de moda? \u201cNo es una elecci\u00f3n aposta. Estudio mucho la realidad cuando escribo, me gusta hablar de temas que permitan identificarse\u201d. Y recuerda que abord\u00f3 asuntos menos medi\u00e1ticos, <a href=\"https:\/\/elpais.com\/cultura\/2023-07-07\/el-primer-dia-de-mi-vida-cuatro-suicidas-en-manos-del-cine-de-autoayuda.html\" target=\"_self\" rel=\"nofollow noopener\" title=\"https:\/\/elpais.com\/cultura\/2023-07-07\/el-primer-dia-de-mi-vida-cuatro-suicidas-en-manos-del-cine-de-autoayuda.html\">como el suicidio en El primer d\u00eda de mi vida. <\/a><\/p>\n<p class=\"\">Lo cierto es que LocaMente lleva a la pantalla charlas <a href=\"https:\/\/elpais.com\/eps\/2025-03-05\/la-revolucion-feminista-ha-usado-la-palabra-la-contrarrevolucion-vendra-con-un-recorte-de-derechos-cuatro-mujeres-ante-el-auge-del-machismo.html\" target=\"_self\" rel=\"nofollow noopener\" title=\"https:\/\/elpais.com\/eps\/2025-03-05\/la-revolucion-feminista-ha-usado-la-palabra-la-contrarrevolucion-vendra-con-un-recorte-de-derechos-cuatro-mujeres-ante-el-auge-del-machismo.html\">y dilemas hoy habituales en muchas casas.<\/a> El feminismo, el patriarcado, la deconstrucci\u00f3n masculina, la resistencia de viejos estereotipos, la galanter\u00eda, el miedo o la resistencia al cambio. Y lo m\u00e1s trivial y a la vez relevante: <a href=\"https:\/\/elpais.com\/eps\/2025-03-05\/la-revolucion-feminista-ha-usado-la-palabra-la-contrarrevolucion-vendra-con-un-recorte-de-derechos-cuatro-mujeres-ante-el-auge-del-machismo.html\" target=\"_self\" rel=\"nofollow noopener\" title=\"https:\/\/elpais.com\/eps\/2025-03-05\/la-revolucion-feminista-ha-usado-la-palabra-la-contrarrevolucion-vendra-con-un-recorte-de-derechos-cuatro-mujeres-ante-el-auge-del-machismo.html\">c\u00f3mo se aterriza todo eso en el d\u00eda a d\u00eda. <\/a>De ello conversaba habitualmente Genovese con sus coguionistas, tres mujeres (Isabella Aguilar, Lucia Calamaro, Flaminia Gressi) con distintas perspectivas: una jovenc\u00edsima, una madre burguesa y una intelectual feminista. Tanto que las sesiones de escritura entre los cuatro se volvieron \u201cpsicoan\u00e1lisis\u201d. \u201cChocamos, nos encontramos. En un filme tradicional debes decidir qu\u00e9 hace el personaje. Aqu\u00ed, a trav\u00e9s de las distintas almas, pod\u00eda entrar todo. Cuestiones como \u2018qui\u00e9n deber\u00eda besar primero\u2019 se convert\u00edan en debates. A menudo tan inabarcables que los grababa, para asegurarme de tenerlo todo\u201d, apunta el director.<\/p>\n<p><img alt=\"Desde arriba a la izquierda, 'Perfetti sconosciuti' (2016), 'Perfectos desconocidos' (2018), 'Teleioi Xenoi' (2016), 'Perfectos desconocidos' (2018), 'B\u00fa\u00e9k' (2018), 'Cebimdeki Yabanci' (2018), 'Wanbyeokhan tain' (2018) y 'Le jeu' (2018).\" decoding=\"auto\" class=\"_re lazyload a_m-h\" height=\"233\"  width=\"414\"  src=\"https:\/\/www.europesays.com\/es\/wp-content\/uploads\/2025\/08\/OL7UVXKVKFEZXPRZTGMVZRKZ6Q.jpg\" loading=\"lazy\"\/>Desde arriba a la izquierda, &#8216;Perfetti sconosciuti&#8217; (2016), &#8216;Perfectos desconocidos&#8217; (2018), &#8216;Teleioi Xenoi&#8217; (2016), &#8216;Perfectos desconocidos&#8217; (2018), &#8216;B\u00fa\u00e9k&#8217; (2018), &#8216;Cebimdeki Yabanci&#8217; (2018), &#8216;Wanbyeokhan tain&#8217; (2018) y &#8216;Le jeu&#8217; (2018).IMDB<\/p>\n<p class=\"\">Sab\u00edan que afrontaban un terreno resbaladizo. Tan solo un paso en falso separaba<a href=\"https:\/\/elpais.com\/eps\/2025-03-05\/la-revolucion-feminista-ha-usado-la-palabra-la-contrarrevolucion-vendra-con-un-recorte-de-derechos-cuatro-mujeres-ante-el-auge-del-machismo.html\" target=\"_self\" rel=\"nofollow noopener\" title=\"https:\/\/elpais.com\/eps\/2025-03-05\/la-revolucion-feminista-ha-usado-la-palabra-la-contrarrevolucion-vendra-con-un-recorte-de-derechos-cuatro-mujeres-ante-el-auge-del-machismo.html\"> audacia de cu\u00f1adismo, iron\u00eda de vulgaridad.<\/a> Aunque Genovese sostiene que otro temor les preocup\u00f3 m\u00e1s a\u00fan: \u201cCaer en lo banal. Quer\u00edamos una pel\u00edcula divertida, sin demasiadas pretensiones. Hay formas m\u00e1s serias e importantes de tratar estos temas. Intentamos no censurarnos y afrontarlos con una comedia ligera, pensando que el p\u00fablico pod\u00eda entregarse y luego tal vez algo se le quedara\u201d. \u00c9l mismo se ha terminado analizando como hombre en el proceso. <a href=\"https:\/\/elpais.com\/eps\/2025-03-05\/la-revolucion-feminista-ha-usado-la-palabra-la-contrarrevolucion-vendra-con-un-recorte-de-derechos-cuatro-mujeres-ante-el-auge-del-machismo.html\" target=\"_self\" rel=\"nofollow noopener\" title=\"https:\/\/elpais.com\/eps\/2025-03-05\/la-revolucion-feminista-ha-usado-la-palabra-la-contrarrevolucion-vendra-con-un-recorte-de-derechos-cuatro-mujeres-ante-el-auge-del-machismo.html\">Aplaude el \u201csacrosanto\u201d avance del feminismo, <\/a>celebra su aceler\u00f3n reciente, detecta riesgos en un planteamiento a veces \u201cdemasiado ideol\u00f3gico, sobre todo en el arte, que puede hacer perder la libertad de relato\u201d, pero luego vuelve a subrayar: \u201cLa evoluci\u00f3n que ha habido es lo fundamental. Y lo digo pensando en mi hija de 19 a\u00f1os\u201d. Muy cr\u00edtica con los filmes del padre, al parecer se divirti\u00f3 mucho con LocaMente.<\/p>\n<p class=\"\">\u201cEl elemento m\u00e1s fuerte de mis pel\u00edculas es la identificaci\u00f3n del p\u00fablico. Todos mis personajes tienen inseguridades, debilidades. Generan cari\u00f1o. Contar la fragilidad produce cercan\u00eda, pero tambi\u00e9n un cierto calor, un \u2018yo tambi\u00e9n soy as\u00ed\u2019. Sales del cine menos solo. Y luego invierto much\u00edsimo tiempo en la escritura\u201d, reflexiona Genovese tratando de explicar su \u00e9xito. Los repartos con grandes nombres de la actuaci\u00f3n de su pa\u00eds, sin duda, suman. La costumbre de mencionar en el metraje al equipo de f\u00fatbol de su coraz\u00f3n, la Lazio, supone una an\u00e9cdota. A los alumnos y aspirantes a directores, <a href=\"https:\/\/elpais.com\/cultura\/2021-06-27\/director-de-cine-en-europa-un-oficio-casi-imposible.html\" target=\"_self\" rel=\"nofollow noopener\" title=\"https:\/\/elpais.com\/cultura\/2021-06-27\/director-de-cine-en-europa-un-oficio-casi-imposible.html\">Genovese suele sugerir otra clave: resistencia.<\/a> Cuenta que siempre estuvo enamorado de \u201ccontar historias\u201d, que ya en el instituto escrib\u00eda o grababa lo que suced\u00eda. Pero se diplom\u00f3 en Econom\u00eda y empez\u00f3 a rodar anuncios publicitarios. Al frente del plat\u00f3, con todas las herramientas a disposici\u00f3n, se dio cuenta de que tal vez podr\u00eda filmar otras historias: las suyas. <\/p>\n<p><img alt=\"Una imagen de la adaptaci\u00f3n espa\u00f1ola de 'Perfectos desconocidos', dirigida por \u00c1lex de la Iglesia. \" decoding=\"auto\" class=\"_re lazyload a_m-h\" height=\"276\"  width=\"414\"  src=\"https:\/\/www.europesays.com\/es\/wp-content\/uploads\/2025\/08\/CQEOFMJMRRIXPBV7C5K6YAGTBI.jpg\" loading=\"lazy\"\/>Una imagen de la adaptaci\u00f3n espa\u00f1ola de &#8216;Perfectos desconocidos&#8217;, dirigida por \u00c1lex de la Iglesia. Mediaset<\/p>\n<p class=\"\">\u201cNo hay que ser presuntuoso, pero tampoco tirar la toalla. Mis primeros filmes, Incantesimo napoletano o <a href=\"https:\/\/elpais.com\/cultura\/2012\/06\/28\/actualidad\/1340898821_393182.html\" target=\"_self\" rel=\"nofollow noopener\" title=\"https:\/\/elpais.com\/cultura\/2012\/06\/28\/actualidad\/1340898821_393182.html\">Inmaduros,<\/a> no quiso hacerlos nadie. Y me ha seguido pasando hasta hace poco. Hablando con compa\u00f1eros de profesi\u00f3n, <a href=\"https:\/\/elpais.com\/cultura\/2021-06-27\/director-de-cine-en-europa-un-oficio-casi-imposible.html\" target=\"_self\" rel=\"nofollow noopener\" title=\"https:\/\/elpais.com\/cultura\/2021-06-27\/director-de-cine-en-europa-un-oficio-casi-imposible.html\">el hilo rojo que une tantos rechazos es la novedad: <\/a>pel\u00edculas que tengan ideas distintas, raras, que no se hayan hecho, sacan a los productores de su zona de confort\u201d, a\u00f1ade Genovese. Incluso Perfectos desconocidos choc\u00f3 con el mismo escepticismo. Naci\u00f3 como un largo sobre un hombre en coma. Al visitarle, sus seres queridos le confesaban verdades que ocultaban al resto. En una secuencia, alguien retaba a los dem\u00e1s a poner el m\u00f3vil encima de la mesa y compartir p\u00fablicamente cualquier llamada o mensaje que llegara. Finalmente, se descart\u00f3. Pero, en las sesiones de guion, la idea sigui\u00f3 adelante. <\/p>\n<p class=\"\">\u201cSe volvi\u00f3 una escena de siete p\u00e1ginas\u201d, dice Genovese. Termin\u00f3 siendo la esencia del filme, tambi\u00e9n por un imprevisto. En esas fechas, un amigo del director acab\u00f3 en urgencias tras un accidente con el scooter. Cuando su mujer lleg\u00f3, le facilitaron los objetos personales del marido. Y en el m\u00f3vil descubri\u00f3 una vida paralela, con otra familia incluida, que ni ella, ni Genovese ni el resto de amigos imaginaban siquiera. El cineasta propuso entonces un cambio de rumbo en la escritura: \u201c\u00bfY si nos centramos en que solo viendo nuestros tel\u00e9fonos podr\u00edamos conocernos de verdad?\u201d. Sus coguionistas se convencieron enseguida. Para los productores, sin embargo, hizo falta m\u00e1s: \u201cDec\u00edan que una pel\u00edcula de siete personas dos horas en una habitaci\u00f3n era arriesgado, aburrido y repetitivo\u201d. <\/p>\n<p class=\"\">El p\u00fablico opin\u00f3 exactamente lo contrario. Aunque cabe dudar de la opini\u00f3n del Gobierno italiano. Perfectos desconocidos <a href=\"https:\/\/elpais.com\/cultura\/2022-01-29\/la-primera-pelicula-arabe-de-netflix-genera-una-intensa-polemica-en-egipto-por-tratar-temas-como-la-homosexualidad.html\" target=\"_self\" rel=\"nofollow noopener\" title=\"https:\/\/elpais.com\/cultura\/2022-01-29\/la-primera-pelicula-arabe-de-netflix-genera-una-intensa-polemica-en-egipto-por-tratar-temas-como-la-homosexualidad.html\">hablaba tambi\u00e9n de homofobia.<\/a> LocaMente aborda el feminismo. La sensibilidad del director no parece muy af\u00edn a la de la presidenta, Giorgia Meloni, de extrema derecha. \u201cSoy de izquierdas, siempre lo digo. Pero no creo que mis pel\u00edculas puedan ser ofensivas, facciosas, que molesten a nadie. Y nunca he tenido ning\u00fan problema\u201d, responde Genovese. Si acaso, m\u00e1s molestia le genera el tradicional menosprecio a la comedia, pilar central de su filmograf\u00eda: \u201cEs algo que lamentablemente existe. Yo la defiendo a muerte, es un g\u00e9nero nobil\u00edsimo que reelabora la realidad. A veces nos olvidamos de que re\u00edrse es una de las cosas m\u00e1s bonitas que tenga la humanidad. Puede que sea lo \u00fanico que todos hacemos igual\u201d. Lo m\u00e1s universal. Con permiso de sus filmes. <\/p>\n<p><img alt=\"El director de cine Paolo Genovese, en un momento del rodaje de 'LocaMente', en una imagen facilitada por la productora.\" decoding=\"auto\" class=\"_re lazyload a_m-h\" height=\"276\"  width=\"414\"  src=\"https:\/\/www.europesays.com\/es\/wp-content\/uploads\/2025\/08\/CIUQSGC7GZF4JAXU6F37NK36LU.jpg\" loading=\"lazy\"\/>El director de cine Paolo Genovese, en un momento del rodaje de &#8216;LocaMente&#8217;, en una imagen facilitada por la productora.MARIA_MARIN_PH<\/p>\n","protected":false},"excerpt":{"rendered":"Durante a\u00f1os, a Paolo Genovese (Roma, 58 a\u00f1os) le cost\u00f3 sacar adelante sus pel\u00edculas. Siempre le respond\u00edan con&hellip;\n","protected":false},"author":2,"featured_media":72905,"comment_status":"","ping_status":"","sticky":false,"template":"","format":"standard","meta":{"footnotes":""},"categories":[91],"tags":[15202,177,28667,3059,209,9265,146,147,25,24,628,753,23],"class_list":{"0":"post-72904","1":"post","2":"type-post","3":"status-publish","4":"format-standard","5":"has-post-thumbnail","7":"category-entretenimiento","8":"tag-alex-de-la-iglesia","9":"tag-cine","10":"tag-cine-europeo","11":"tag-comedia","12":"tag-cultura","13":"tag-directores-cine","14":"tag-entertainment","15":"tag-entretenimiento","16":"tag-es","17":"tag-espana","18":"tag-italia","19":"tag-peliculas","20":"tag-spain"},"share_on_mastodon":{"url":"","error":""},"_links":{"self":[{"href":"https:\/\/www.europesays.com\/es\/wp-json\/wp\/v2\/posts\/72904","targetHints":{"allow":["GET"]}}],"collection":[{"href":"https:\/\/www.europesays.com\/es\/wp-json\/wp\/v2\/posts"}],"about":[{"href":"https:\/\/www.europesays.com\/es\/wp-json\/wp\/v2\/types\/post"}],"author":[{"embeddable":true,"href":"https:\/\/www.europesays.com\/es\/wp-json\/wp\/v2\/users\/2"}],"replies":[{"embeddable":true,"href":"https:\/\/www.europesays.com\/es\/wp-json\/wp\/v2\/comments?post=72904"}],"version-history":[{"count":0,"href":"https:\/\/www.europesays.com\/es\/wp-json\/wp\/v2\/posts\/72904\/revisions"}],"wp:featuredmedia":[{"embeddable":true,"href":"https:\/\/www.europesays.com\/es\/wp-json\/wp\/v2\/media\/72905"}],"wp:attachment":[{"href":"https:\/\/www.europesays.com\/es\/wp-json\/wp\/v2\/media?parent=72904"}],"wp:term":[{"taxonomy":"category","embeddable":true,"href":"https:\/\/www.europesays.com\/es\/wp-json\/wp\/v2\/categories?post=72904"},{"taxonomy":"post_tag","embeddable":true,"href":"https:\/\/www.europesays.com\/es\/wp-json\/wp\/v2\/tags?post=72904"}],"curies":[{"name":"wp","href":"https:\/\/api.w.org\/{rel}","templated":true}]}}