{"id":729195,"date":"2026-08-24T20:33:16","date_gmt":"2026-08-24T20:33:16","guid":{"rendered":"https:\/\/www.europesays.com\/es\/729195\/"},"modified":"2026-08-24T20:33:16","modified_gmt":"2026-08-24T20:33:16","slug":"scheffler-padecio-un-episodio-de-mano-pie-boca-esta-semana","status":"publish","type":"post","link":"https:\/\/www.europesays.com\/es\/729195\/","title":{"rendered":"Scheffler padeci\u00f3 un episodio de mano-pie boca esta semana"},"content":{"rendered":"<p>Tras la ronda final, Scheffler se\u00f1al\u00f3 que deber\u00eda haberse retirado despu\u00e9s de las dificultades sufridas en los d\u00edas iniciales del campeonato<img fetchpriority=\"high\" decoding=\"async\" class=\"wp-image-324478 size-full\" src=\"https:\/\/www.europesays.com\/es\/wp-content\/uploads\/2026\/08\/PGA-Tour-The-American-Express-26-Nicklaus-tournament-Course-Scottie-Scheffler.jpg\" alt=\"PGA Tour, The American Express 26, Nicklaus tournament Course, Scottie Scheffler,\" width=\"1500\" height=\"1000\"  \/>Scheffler ote\u00f3 la zona noble pese a vivir una semana dif\u00edcil. Foto: @PGATour<\/p>\n<p style=\"text-align: justify;\">Despu\u00e9s de <strong><a style=\"color: #008000;\" href=\"https:\/\/opengolf.es\/circuitos\/scottie-scheffler-demuestra-por-que-es-el-numero-1-mundial-y-arrasa-en-el-fedex-st-jude-champ\/\" target=\"_blank\" rel=\"noopener nofollow\">su triunfo hace apenas unos d\u00edas<\/a><\/strong>, muchos esperaban una gran semana de <strong>Scottie Scheffler<\/strong> en el <strong>BMW Championship<\/strong>. Sin embargo, lo que nos encontramos fue una actuaci\u00f3n de <strong>muchos altibajos<\/strong> para el <strong>n\u00famero uno<\/strong> del mundo. El golfista nacido en Nueva Jersey comenz\u00f3 su participaci\u00f3n en St. Louis con una ronda en <strong>72 impactos<\/strong> y, a partir de aqu\u00ed, fue transitando <strong><a style=\"color: #008000;\" href=\"https:\/\/x.com\/PGATOUR\/status\/2090895772141211860\" target=\"_blank\" rel=\"noopener nofollow\">con diferentes rondas bajo par<\/a><\/strong> sin llegar a presentar batalla en la <strong>zona de privilegio<\/strong>.<\/p>\n<p style=\"text-align: justify;\"><strong>Scheffler<\/strong> acab\u00f3 firmando el domingo un <strong>Top 12<\/strong> que lo dej\u00f3 <strong>lejos<\/strong> del podio. Y lo que pod\u00eda haber sido simplemente una mala semana para el americano, acab\u00f3 siendo una cuesti\u00f3n de estado. \u00bfQu\u00e9 le puede haber pasado? Pues la raz\u00f3n fue una <strong>enfermedad<\/strong>. Concretamente, la enfermedad de <strong>mano-pie-boca<\/strong>, una <strong>infecci\u00f3n viral leve<\/strong> que le impidi\u00f3 estar al cien por cien durante el torneo.<\/p>\n<p style=\"text-align: justify;\">\u201cAl comienzo de semana, <strong>me dol\u00eda bastante<\/strong> a la hora de sujetar el palo\u201d, confesaba el americano a los periodistas al hablar sobre las <strong>ampollas<\/strong> en las palmas de las manos. \u201cSi hubiera actuado con un poco m\u00e1s de <strong>inteligencia<\/strong>, seguramente me habr\u00eda <strong>retirado<\/strong>. Pero estaba jugando tan bien que sent\u00eda que, de recuperarme r\u00e1pidamente, todav\u00eda tendr\u00eda <strong>opciones de ganar<\/strong>\u201d, a\u00f1adi\u00f3 el norteamericano.<\/p>\n<p>Scheffler, orgulloso de su semana pese a todo<\/p>\n<p style=\"text-align: justify;\">\u201cLa <strong>obstinaci\u00f3n<\/strong> es, probablemente, una de mis grandes <strong>fortalezas<\/strong> y mi mayor <strong>debilidad<\/strong>. Nunca he sido de los que se retiran de un torneo, sobre todo si este ya ha empezado. Estoy <strong>orgulloso<\/strong> de c\u00f3mo he luchado. Estos d\u00edas le he dado m\u00e1s prioridad a <strong>descansar<\/strong> que a preparar las rondas como me hubiera gustado. Quiz\u00e1 fuera una <strong>mala decisi\u00f3n<\/strong> jugar, pero no soy de los que se rinden\u201d, sentenci\u00f3 <strong>Scheffler<\/strong>.<\/p>\n<p style=\"text-align: justify;\">El americano, eso s\u00ed, llegar\u00e1 recuperado al cien por cien para el <strong>TOUR Championship<\/strong>, evento que pondr\u00e1 el punto final a la temporada en el <strong>East Lake <\/strong>de Atlanta.<\/p>\n<blockquote class=\"twitter-tweet\">\n<p dir=\"ltr\" lang=\"en\">Big-time response from Scottie \ud83d\udd25<\/p>\n<p>5 birdies and a back-nine 30 to close out his second round <a href=\"https:\/\/x.com\/BMWChamps?ref_src=twsrc%5Etfw\" rel=\"nofollow\">@BMWChamps<\/a>. <a href=\"https:\/\/t.co\/kfdY45jqYx\" rel=\"nofollow\">pic.twitter.com\/kfdY45jqYx<\/a><\/p>\n<p>\u2014 PGA TOUR (@PGATOUR) <a href=\"https:\/\/x.com\/PGATOUR\/status\/2090895772141211860?ref_src=twsrc%5Etfw\" rel=\"nofollow\">August 21, 2026<\/a><\/p>\n<\/blockquote>\n<p><script async src=\"https:\/\/platform.twitter.com\/widgets.js\" charset=\"utf-8\"><\/script><\/p>\n","protected":false},"excerpt":{"rendered":"Tras la ronda final, Scheffler se\u00f1al\u00f3 que deber\u00eda haberse retirado despu\u00e9s de las dificultades sufridas en los d\u00edas&hellip;\n","protected":false},"author":2,"featured_media":729196,"comment_status":"","ping_status":"","sticky":false,"template":"","format":"standard","meta":{"footnotes":""},"categories":[275],"tags":[128744,20405,168,25,24,329,1960,604,23,167,542],"class_list":["post-729195","post","type-post","status-publish","format-standard","has-post-thumbnail","category-golf","tag-bellerive-cc","tag-bmw-championship","tag-deportes","tag-es","tag-espana","tag-golf","tag-pga-tour","tag-scottie-scheffler","tag-spain","tag-sports","tag-wyndham-clark"],"share_on_mastodon":{"url":"https:\/\/pubeurope.com\/@es\/117152397526102053","error":""},"_links":{"self":[{"href":"https:\/\/www.europesays.com\/es\/wp-json\/wp\/v2\/posts\/729195","targetHints":{"allow":["GET"]}}],"collection":[{"href":"https:\/\/www.europesays.com\/es\/wp-json\/wp\/v2\/posts"}],"about":[{"href":"https:\/\/www.europesays.com\/es\/wp-json\/wp\/v2\/types\/post"}],"author":[{"embeddable":true,"href":"https:\/\/www.europesays.com\/es\/wp-json\/wp\/v2\/users\/2"}],"replies":[{"embeddable":true,"href":"https:\/\/www.europesays.com\/es\/wp-json\/wp\/v2\/comments?post=729195"}],"version-history":[{"count":0,"href":"https:\/\/www.europesays.com\/es\/wp-json\/wp\/v2\/posts\/729195\/revisions"}],"wp:featuredmedia":[{"embeddable":true,"href":"https:\/\/www.europesays.com\/es\/wp-json\/wp\/v2\/media\/729196"}],"wp:attachment":[{"href":"https:\/\/www.europesays.com\/es\/wp-json\/wp\/v2\/media?parent=729195"}],"wp:term":[{"taxonomy":"category","embeddable":true,"href":"https:\/\/www.europesays.com\/es\/wp-json\/wp\/v2\/categories?post=729195"},{"taxonomy":"post_tag","embeddable":true,"href":"https:\/\/www.europesays.com\/es\/wp-json\/wp\/v2\/tags?post=729195"}],"curies":[{"name":"wp","href":"https:\/\/api.w.org\/{rel}","templated":true}]}}