{"id":729209,"date":"2026-08-24T20:42:19","date_gmt":"2026-08-24T20:42:19","guid":{"rendered":"https:\/\/www.europesays.com\/es\/729209\/"},"modified":"2026-08-24T20:42:19","modified_gmt":"2026-08-24T20:42:19","slug":"telecinco-presenta-rueda-la-letra-el-nuevo-concurso-de-carlos-sobera-y-confirma-el-logo-para-la-prueba-de-el-rosco","status":"publish","type":"post","link":"https:\/\/www.europesays.com\/es\/729209\/","title":{"rendered":"Telecinco presenta &#8216;Rueda la letra&#8217;, el nuevo concurso de Carlos Sobera, y confirma el logo para la prueba de &#8216;El Rosco&#8217;"},"content":{"rendered":"<p class=\"c-paragraph\"><b>Rueda la letra, el nuevo concurso de <a href=\"https:\/\/www.20minutos.es\/tags\/instituciones-empresas\/telecinco.html\" title=\"Telecinco\" rel=\"nofollow noopener\" target=\"_blank\">Telecinco<\/a><\/b>, contin\u00faa su promoci\u00f3n a trav\u00e9s de los diferentes canales de Mediaset. El formato, que tendr\u00e1 como principal reclamo la prueba de &#8216;El Rosco&#8217; se ha convertido en la apuesta de la cadena para competir con <a href=\"https:\/\/www.20minutos.es\/tags\/instituciones-empresas\/pasapalabra.html\" title=\"Pasapalabra&#039;\" rel=\"nofollow noopener\" target=\"_blank\">Pasapalabra<\/a>, emitido en Antena 3.<\/p>\n<p class=\"c-paragraph\">Al frente de este nuevo formato se situar\u00e1 <b><a href=\"https:\/\/www.20minutos.es\/tags\/personas\/carlos-sobera.html\" title=\"Carlos Sobera\" rel=\"nofollow noopener\" target=\"_blank\">Carlos Sobera<\/a><\/b> que, en su primera promoci\u00f3n, aparec\u00eda acompa\u00f1ado de <a href=\"https:\/\/www.20minutos.es\/tags\/deportes\/carlos-sainz.html\" title=\"Carlos Sainz\" rel=\"nofollow noopener\" target=\"_blank\">Carlos Sainz<\/a>. El piloto hac\u00eda un gui\u00f1o a su momento hist\u00f3rico cuando, en 1998, el motor del Toyota Corolla revent\u00f3 en el Rally de Gran Breta\u00f1a.<\/p>\n<p class=\"c-paragraph\">El anuncio asegura que la emisi\u00f3n del concurso <b>comenzar\u00e1 \u00abmuy pronto\u00bb<\/b> y muestra el logo definitivo, que ya est\u00e1 registrado en la Oficina Espa\u00f1ola de Patentes y Marcas (OEPM). La prueba de &#8216;El Rosco&#8217;, de la que a\u00fan se desconoce cu\u00e1l ser\u00e1 su nombre, ser\u00e1 la protagonista del concurso y contar\u00e1 con <b>25 casillas que los aspirantes tendr\u00e1n que acertar<\/b>.<\/p>\n<p>Las pruebas de &#8216;Rueda la letra&#8217;<\/p>\n<p class=\"c-paragraph\">Los detalles del concurso apenas se han desvelado, pero ya se ha podido conocer cu\u00e1les podr\u00edan ser los posibles nombres que llevar\u00eda la prueba de &#8216;El Rosco&#8217;, pues esta denominaci\u00f3n est\u00e1 registrada como propiedad de ITV Studios, productora de Pasapalabra.\u00a0De esta manera, Mediaset ha registrado tres opciones para la codiciada prueba: &#8216;<b>La rueda de las palabras<\/b>&#8216;, &#8216;<b>La rueda de las letras<\/b>&#8216; y &#8216;<b>La Rueda<\/b>&#8216;.<\/p>\n<p class=\"c-paragraph\">Adem\u00e1s, aunque se desconoce oficialmente cu\u00e1l ser\u00e1 la mec\u00e1nica del formato, el grupo audiovisual apunt\u00f3 que podr\u00eda haber una <b>prueba musical<\/b>, una fase de construir palabras y que, incluso, la <b>m\u00edmica<\/b> podr\u00eda tener protagonismo.<\/p>\n<p class=\"c-paragraph\">Los <b>nombres registrados por Mediaset<\/b> para las diferentes pruebas de su nueva apuesta audiovisual son: &#8216;Con dos palabras&#8217;, &#8216;Palabras que dan la nota&#8217;, &#8216;Sin palabras&#8217;, &#8216;Palabras ocultas&#8217; y\u00a0 &#8216;Primeras palabras&#8217;.<\/p>\n","protected":false},"excerpt":{"rendered":"Rueda la letra, el nuevo concurso de Telecinco, contin\u00faa su promoci\u00f3n a trav\u00e9s de los diferentes canales de&hellip;\n","protected":false},"author":2,"featured_media":729210,"comment_status":"","ping_status":"","sticky":false,"template":"","format":"standard","meta":{"footnotes":""},"categories":[171],"tags":[146,147,25,24,8126,524,2782,7667,23,692,214],"class_list":["post-729209","post","type-post","status-publish","format-standard","has-post-thumbnail","category-tv","tag-entertainment","tag-entretenimiento","tag-es","tag-espana","tag-letra","tag-nuevo","tag-presenta","tag-rueda","tag-spain","tag-telecinco","tag-tv"],"share_on_mastodon":{"url":"https:\/\/pubeurope.com\/@es\/117152431795686074","error":""},"_links":{"self":[{"href":"https:\/\/www.europesays.com\/es\/wp-json\/wp\/v2\/posts\/729209","targetHints":{"allow":["GET"]}}],"collection":[{"href":"https:\/\/www.europesays.com\/es\/wp-json\/wp\/v2\/posts"}],"about":[{"href":"https:\/\/www.europesays.com\/es\/wp-json\/wp\/v2\/types\/post"}],"author":[{"embeddable":true,"href":"https:\/\/www.europesays.com\/es\/wp-json\/wp\/v2\/users\/2"}],"replies":[{"embeddable":true,"href":"https:\/\/www.europesays.com\/es\/wp-json\/wp\/v2\/comments?post=729209"}],"version-history":[{"count":0,"href":"https:\/\/www.europesays.com\/es\/wp-json\/wp\/v2\/posts\/729209\/revisions"}],"wp:featuredmedia":[{"embeddable":true,"href":"https:\/\/www.europesays.com\/es\/wp-json\/wp\/v2\/media\/729210"}],"wp:attachment":[{"href":"https:\/\/www.europesays.com\/es\/wp-json\/wp\/v2\/media?parent=729209"}],"wp:term":[{"taxonomy":"category","embeddable":true,"href":"https:\/\/www.europesays.com\/es\/wp-json\/wp\/v2\/categories?post=729209"},{"taxonomy":"post_tag","embeddable":true,"href":"https:\/\/www.europesays.com\/es\/wp-json\/wp\/v2\/tags?post=729209"}],"curies":[{"name":"wp","href":"https:\/\/api.w.org\/{rel}","templated":true}]}}