{"id":729299,"date":"2026-08-24T21:59:17","date_gmt":"2026-08-24T21:59:17","guid":{"rendered":"https:\/\/www.europesays.com\/es\/729299\/"},"modified":"2026-08-24T21:59:17","modified_gmt":"2026-08-24T21:59:17","slug":"el-iphone-mas-espectacular-que-apple-ha-disenado-en-anos-baja-mas-de-350-euros","status":"publish","type":"post","link":"https:\/\/www.europesays.com\/es\/729299\/","title":{"rendered":"El iPhone m\u00e1s espectacular que Apple ha dise\u00f1ado en a\u00f1os baja m\u00e1s de 350 euros"},"content":{"rendered":"<p>Durante mucho tiempo hemos aceptado casi sin cuestionarlo que un m\u00f3vil de <a title=\"gama alta\" href=\"https:\/\/www.larazon.es\/tecnologia-consumo\/moviles\/he-probado-toda-la-gama-alta-este-ano-y-estos-son-los-3-moviles-que-espero-con-mas-ganas-de-2026_2025122469930c2a1817b41eb64b0f53.html\" target=\"_blank\" rel=\"nofollow noopener\">gama alta<\/a> ten\u00eda que ser tambi\u00e9n <b>grande, pesado<\/b> y estar lleno de c\u00e1maras. El <a title=\"iPhone Air\" href=\"https:\/\/www.larazon.es\/tecnologia-consumo\/iphone-17-air-esta-aqui-modelo-que-redefine-diseno-smartphone-apple_2025090968c068497dd380649b1d1a70.html\" target=\"_blank\" rel=\"nofollow noopener\">iPhone Air<\/a> naci\u00f3 justo para <b>cuestionar esa idea<\/b>. <a title=\"Apple\" href=\"https:\/\/www.larazon.es\/tecnologia-consumo\/apple\/\" target=\"_blank\" rel=\"nofollow noopener\">Apple<\/a> no intent\u00f3 convertirlo en otro Pro ni en un sustituto directo de lo que ya ten\u00eda en el cat\u00e1logo. En su lugar, dise\u00f1\u00f3 un tel\u00e9fono alrededor de una sensaci\u00f3n mucho m\u00e1s dif\u00edcil de medir, que llevar <b>un m\u00f3vil grande<\/b> vuelva a sentirse como algo <b>ligero y c\u00f3modo<\/b>.<\/p>\n<p>Y eso es lo que m\u00e1s <b>ha terminado convenciendo<\/b> con el paso del tiempo. Cuando lo probamos, ya lo definimos como <b>uno de los dispositivos m\u00e1s impresionantes<\/b> que hab\u00edamos probado, tanto por construcci\u00f3n como por dise\u00f1o. Y despu\u00e9s de haber pasado <b>m\u00e1s de 100 d\u00edas con \u00e9l<\/b>, segu\u00eda destacando por lo<b> manejable que resulta<\/b> y lo diferente que se siente frente a un Pro Max. Ahora hay que sumar un argumento bastante menos subjetivo, porque la versi\u00f3n de 256 GB pasa de los <a title=\"1219 euros de la tienda de Apple\" href=\"https:\/\/www.apple.com\/es\/iphone-air\/\" rel=\"nofollow noopener\" target=\"_blank\">1219 euros de la tienda de Apple<\/a> a los <a title=\"868 euros de esta oferta de Amazon\" href=\"https:\/\/www.amazon.es\/dp\/B0FQG9JVF5\/?tag=lr-tecnologia-ofertas-eva-21\" rel=\"nofollow sponsored noopener\" target=\"_blank\">868 euros de esta oferta de Amazon<\/a>. Una <b>rebaja de m\u00e1s de 300 euros<\/b> que hace mucho m\u00e1s f\u00e1cil aceptar las decisiones que Apple tom\u00f3 para conseguir un iPhone as\u00ed.<\/p>\n<p>Los 5,6 mil\u00edmetros del iPhone Air son mucho m\u00e1s que una cifra bonita<\/p>\n<p>Apple lo presenta como <b>el iPhone m\u00e1s fino<\/b> que ha fabricado nunca. Su grosor se queda en <b>solo 5,6 mm<\/b> y pesa <b>165 gramos<\/b>, pese a mantener una pantalla de 6,5 pulgadas. S\u00e9 que sobre el papel un par de mil\u00edmetros o unas decenas de granos pueden parecer irrelevantes, pero <b>en la mano se nota<\/b>, y mucho. Llevarlo en el bolsillo frente a <a title=\"un Pro Max\" href=\"https:\/\/www.amazon.es\/dp\/B0FQGF6ZK1\/?tag=lr-tecnologia-ofertas-eva-21\" rel=\"nofollow sponsored noopener\" target=\"_blank\">un Pro Max<\/a> es otro mundo. Lo que ha intentado Apple es que una pantalla grande deje de venir necesariamente acompa\u00f1ada por un dispositivo pesado y grueso. La estructura utiliza <b>titanio de grado 5<\/b> y buena parte de los componentes internos se concentran en el m\u00f3dulo superior para dejar espacio al resto del dispositivo. El frontal emplea <b>Ceramic Shield 2<\/b> y Apple asegura que esta construcci\u00f3n <b>mejora considerablemente la resistencia<\/b> frente a ara\u00f1azos y roturas.<\/p>\n<p>La pantalla del iPhone Air es una <b>Super Retina XDR OLED<\/b> de 6,5 pulgadas. Pero lo realmente importante est\u00e1 en algo que, durante a\u00f1os, Apple reserv\u00f3 para sus tel\u00e9fonos Pro: <b>ProMotion hasta 120 Hz<\/b>. Tambi\u00e9n incorpora <b>pantalla siempre activa<\/b> y puede reducir la frecuencia hasta 1 Hz cuando no necesita mantener una alta <a title=\"tasa de refresco\" href=\"https:\/\/www.larazon.es\/tecnologia-consumo\/tecnologia\/tasa-refresco-pantalla-movil-que-es_20200302699768c29243cc133c541c84.html\" target=\"_blank\" rel=\"nofollow noopener\">tasa de refresco<\/a>. Es una diferencia que se aprecia al desplazarse por p\u00e1ginas web, <a title=\"redes sociales\" href=\"https:\/\/www.larazon.es\/tecnologia-consumo\/redes-sociales\/\" target=\"_blank\" rel=\"nofollow noopener\">redes sociales<\/a> o simplemente moverse por iOS, porque resulta <b>mucho m\u00e1s fluido<\/b> que en los antiguos paneles de 60 Hz. El brillo alcanza los <b>3000 nits<\/b> y vienen acompa\u00f1ados de un <b>tratamiento antirreflejos<\/b> mejorado.<\/p>\n<p>Dentro encontramos el <b>chip A19 Pro<\/b>. Apple podr\u00eda haber utilizado el dise\u00f1o del Air como excusa para montar un procesador claramente inferior, pero no lo hizo. El rendimiento est\u00e1 mucho m\u00e1s <b>cerca del terreno Pro<\/b> que de un modelo b\u00e1sico, algo que en <a title=\"nuestro an\u00e1lisis del iPhone Air\" href=\"https:\/\/www.larazon.es\/tecnologia-consumo\/apple\/iphone-air-analisis-el-modelo-mas-fino-de-la-historia-de-apple-que-abre-una-nueva-era_20250930699352792f00a0468810a0aa.html\" target=\"_blank\" rel=\"nofollow noopener\">nuestro an\u00e1lisis del iPhone Air<\/a> qued\u00f3 reflejado en una <b>experiencia r\u00e1pida y fluida<\/b> incluso con tareas exigentes. Viene acompa\u00f1ado de <b>12 GB de RAM<\/b> y, en esta versi\u00f3n, de 256 GB de almacenamiento interno.<\/p>\n<p>La principal renuncia del iPhone Air est\u00e1 en su <b>sistema fotogr\u00e1fico<\/b>. La parte trasera incorpora <b>una \u00fanica c\u00e1mara <\/b>Fusion de 48 megap\u00edxeles. Este sensor ofrece <b>diferentes encuadres<\/b> y un zoom 2x, pero es verdad que f\u00edsicamente no encontramos ni un ultra gran angular ni un teleobjetivo dedicado. Despu\u00e9s de <a title=\"meses de uso\" href=\"https:\/\/www.larazon.es\/tecnologia-consumo\/apple\/he-usado-el-iphone-air-durante-100-dias-y-estas-tres-cosas-no-dejan-de-sorprenderme-a-diario_2026012569933df32f00a04688106bc5.html\" target=\"_blank\" rel=\"nofollow noopener\">meses de uso<\/a>, segu\u00eda siendo la \u00fanica ausencia que ech\u00e1bamos de menos. Es verdad que, si la enorme mayor\u00eda de tus fotos salen de la c\u00e1mara principal, el compromiso ser\u00e1 mucho menos importante. Adem\u00e1s, la c\u00e1mara <b>frontal Center Stage<\/b> de 18 megap\u00edxeles introduce un <b>sensor cuadrado<\/b> que permite cambiar el encuadre sin tener que girar f\u00edsicamente el tel\u00e9fono.<\/p>\n<p>S\u00e9 que la autonom\u00eda fue la mayor duda cuando Apple present\u00f3 este tel\u00e9fono. Aun as\u00ed, se anunciaron <b>hasta 27 horas de reproducci\u00f3n <\/b>de v\u00eddeo, as\u00ed que permite completar sin problemas jornadas normales. De todos modos, si crees que lo puedes pasar mal en este sentido, siempre puedes optar por la <a title=\"bater\u00eda MagSafe de Apple\" href=\"https:\/\/www.amazon.es\/dp\/B0FQFZLW4K\/?tag=lr-tecnologia-ofertas-eva-21\" rel=\"nofollow sponsored noopener\" target=\"_blank\">bater\u00eda MagSafe de Apple<\/a> que nos dar\u00e1 algo m\u00e1s de margen. Adem\u00e1s, al tener MagSafe, permite utilizar cargadores, soportes, carteras y otros accesorios magn\u00e9ticos compatibles. Interesante decir tambi\u00e9n que el iPhone Air funciona exclusivamente <a title=\"mediante eSIM\" href=\"https:\/\/www.larazon.es\/tecnologia-consumo\/que-esim_2025042667ffd11247c02c000147ca3d.html\" target=\"_blank\" rel=\"nofollow noopener\">mediante eSIM<\/a> para aprovechar al m\u00e1ximo el espacio interno y eliminar el alojamiento de tarjeta f\u00edsica.<\/p>\n<p>Como dec\u00edamos al principio, el iPhone Air <b>sali\u00f3 al mercado por 1219 euros<\/b>. Esa cifra lo colocaba en una situaci\u00f3n complicada, porque estaba suficientemente cerca de los modelos Pro como para que resultase inevitable preguntarse si merec\u00eda la pena renunciar a c\u00e1maras y autonom\u00eda a cambio del dise\u00f1o. Ahora <a title=\"est\u00e1 rebajado a 868 euros\" href=\"https:\/\/www.amazon.es\/dp\/B0FQG9JVF5\/?tag=lr-tecnologia-ofertas-eva-21\" rel=\"nofollow sponsored noopener\" target=\"_blank\">est\u00e1 rebajado a 868 euros<\/a>, son <b>351 euros menos<\/b> respecto al precio de lanzamiento. Y este es uno de los productos donde una baja de precio <b>cambia mucho la recomendaci\u00f3n<\/b>, haci\u00e9ndola m\u00e1s f\u00e1cil.<\/p>\n<p>Este art\u00edculo est\u00e1 pensado para ayudarte a descubrir productos de tu inter\u00e9s o para que tomes una mejor decisi\u00f3n de compra. Algunos de los enlaces que incluye son de afiliados, por lo que si realizas una compra a trav\u00e9s de ellos La Raz\u00f3n podr\u00eda recibir una peque\u00f1a comisi\u00f3n. Este hecho no influye en nuestras recomendaciones ni en el precio que pagas por el producto.<\/p>\n","protected":false},"excerpt":{"rendered":"Durante mucho tiempo hemos aceptado casi sin cuestionarlo que un m\u00f3vil de gama alta ten\u00eda que ser tambi\u00e9n&hellip;\n","protected":false},"author":2,"featured_media":729300,"comment_status":"","ping_status":"","sticky":false,"template":"","format":"standard","meta":{"footnotes":""},"categories":[81],"tags":[2823,119,123,124,25,24,2822,117,121,122,23,118,120],"class_list":["post-729299","post","type-post","status-publish","format-standard","has-post-thumbnail","category-ciencia-y-tecnologia","tag-apple","tag-ciencia","tag-ciencia-y-tecnologia","tag-cienciaytecnologia","tag-es","tag-espana","tag-iphone","tag-science","tag-science-and-technology","tag-scienceandtechnology","tag-spain","tag-technology","tag-tecnologia"],"share_on_mastodon":{"url":"https:\/\/pubeurope.com\/@es\/117152734689032013","error":""},"_links":{"self":[{"href":"https:\/\/www.europesays.com\/es\/wp-json\/wp\/v2\/posts\/729299","targetHints":{"allow":["GET"]}}],"collection":[{"href":"https:\/\/www.europesays.com\/es\/wp-json\/wp\/v2\/posts"}],"about":[{"href":"https:\/\/www.europesays.com\/es\/wp-json\/wp\/v2\/types\/post"}],"author":[{"embeddable":true,"href":"https:\/\/www.europesays.com\/es\/wp-json\/wp\/v2\/users\/2"}],"replies":[{"embeddable":true,"href":"https:\/\/www.europesays.com\/es\/wp-json\/wp\/v2\/comments?post=729299"}],"version-history":[{"count":0,"href":"https:\/\/www.europesays.com\/es\/wp-json\/wp\/v2\/posts\/729299\/revisions"}],"wp:featuredmedia":[{"embeddable":true,"href":"https:\/\/www.europesays.com\/es\/wp-json\/wp\/v2\/media\/729300"}],"wp:attachment":[{"href":"https:\/\/www.europesays.com\/es\/wp-json\/wp\/v2\/media?parent=729299"}],"wp:term":[{"taxonomy":"category","embeddable":true,"href":"https:\/\/www.europesays.com\/es\/wp-json\/wp\/v2\/categories?post=729299"},{"taxonomy":"post_tag","embeddable":true,"href":"https:\/\/www.europesays.com\/es\/wp-json\/wp\/v2\/tags?post=729299"}],"curies":[{"name":"wp","href":"https:\/\/api.w.org\/{rel}","templated":true}]}}