{"id":72942,"date":"2025-08-26T07:52:09","date_gmt":"2025-08-26T07:52:09","guid":{"rendered":"https:\/\/www.europesays.com\/es\/72942\/"},"modified":"2025-08-26T07:52:09","modified_gmt":"2025-08-26T07:52:09","slug":"dani-martin-se-despide-de-su-juani-roto-de-dolor-veronica-echegui-era-la-penelope-de-jamon-jamon-la-rosalia-de-saoko-papi-saoko-la-artista-mas-pura-de-todas-las-artist","status":"publish","type":"post","link":"https:\/\/www.europesays.com\/es\/72942\/","title":{"rendered":"Dani Mart\u00edn se despide de su \u2018Juani\u2019 roto de dolor: \u201cVer\u00f3nica Echegui era la Pen\u00e9lope de Jam\u00f3n, jam\u00f3n, la Rosal\u00eda de Saoko, papi, saoko, la artista m\u00e1s pura de todas las artistas\u00bb"},"content":{"rendered":"<p>El cantante se lamentaba adem\u00e1s de que hac\u00eda un tiempo que no ve\u00eda a su amiga. \u201cHac\u00eda tiempo que no la ve\u00eda, hasta esta ma\u00f1ana.No sab\u00eda que hoy nos encontrar\u00edamos, as\u00ed es esta vida, que no es nuestra. <strong>Ojal\u00e1 no haberte visto hoy, que Bigas siguiera tambi\u00e9n aqu\u00ed y habernos ido a comer con \u00e9l a su huerta<\/strong> ajos, aceite, hortalizas, su vino tan rico y brindar por todo lo que nos quedara por hacer. Pero esta cosa tan caprichosa y preciosa que llamamos vida no lo ha preparado as\u00ed. Eres \u00fanica, inolvidable, terremoto, belleza, intensa, energ\u00e9tica. Hoy tambi\u00e9n estabas preciosa, as\u00ed eres t\u00fa, La Vero. Mujer gigante que me regal\u00f3 tanto. Mujer libre, an\u00e1rquica y hermosa\u201d, dec\u00eda con una gran emoci\u00f3n ante la p\u00e9rdida de su amiga.<\/p>\n<p>\u00abOjal\u00e1 jam\u00e1s hubiera tenido que escribir esto. La Vero, nuestra Vero (retiro lo de nuestra, ella era suya y a veces un ratito de los suyos), vuela libre, como siempre lo has hecho. <strong>Sal\u00fadame por ah\u00ed a alguna y alguno que hace tiempo no veo. Te quiero, Eche<\/strong>. \u201cComo en un mar eterno quiero ser yo libre amor. Para que cuando cante llegar a tu coraz\u00f3n\u201d, terminaba Mart\u00edn recordando uno de los versos de la canci\u00f3n Como un mar eterno de <strong>Hanna<\/strong> y que form\u00f3 parte de la banda sonora de la pel\u00edcula que ambos protagonizaron.<\/p>\n<p>Compa\u00f1eros que eran grandes amigos<\/p>\n<p>El ex l\u00edder de <a href=\"https:\/\/www.revistavanityfair.es\/cultura\/articulos\/carlos-vazquez-moreno-tibu-manager-el-canto-de-loco-robo-prision\/45330\" rel=\"nofollow noopener\" target=\"_blank\"><strong>El canto del loco<\/strong><\/a> fue uno de los amigos de la actriz que este lunes se acercaron de manera privada y discreta al tanatorio para despedir a Ver\u00f3nica Echegui, fallecida a los 42 a\u00f1os como consecuencia de una enfermedad. <a href=\"https:\/\/www.revistavanityfair.es\/cultura\/entretenimiento\/articulos\/veronica-echegui-entrevista-explota-explota-raffaella-carra\/46979\" rel=\"nofollow noopener\" target=\"_blank\">La int\u00e9rprete de Explota Explota<\/a> ha dejado un gran vac\u00edo en su familia y tambi\u00e9n en sus amigos, entre los que hay muchos compa\u00f1eros de profesi\u00f3n. Una de sus amigas m\u00e1s cercanas era <a href=\"https:\/\/www.revistavanityfair.es\/articulos\/maria-adanez-entrevista-la-que-se-avecina-carrera-series-obra-teatro\" rel=\"nofollow noopener\" target=\"_blank\"><strong>Mar\u00eda Ad\u00e1nez<\/strong><\/a>, \u00edntima tambi\u00e9n de <a href=\"https:\/\/www.revistavanityfair.es\/la-revista\/articulos\/alex-garcia-entrevista-extrema-incendios-teatro\/22965\" rel=\"nofollow noopener\" target=\"_blank\"><strong>\u00c1lex Garc\u00eda<\/strong><\/a>, pareja de Ver\u00f3nica durante m\u00e1s de 12 a\u00f1os y con el que comparti\u00f3 escenario hace a\u00f1os. \u201cEs una grand\u00edsima p\u00e9rdida, se ha ido una de las grandes actrices de este pa\u00eds, una mujer incre\u00edble, maravillosa, Ver\u00f3nica era todo luz, el talento a raudales, <strong>lo ten\u00eda todo<\/strong>\u201d, dec\u00eda la actriz sobre su amiga sin poder contener las l\u00e1grimas.<\/p>\n<p>Instagram content<\/p>\n<p>This content can also be viewed on the site it <a href=\"https:\/\/www.instagram.com\/p\/DNyFE6K2NE9\" target=\"_blank\" rel=\"nofollow noreferrer noopener\" aria-label=\"Opens in a new window\" class=\"BaseWrap-sc-gzmcOU BaseText-eqOrNE BaseLink-eTpkqh ConsentBannerLink-dEGWLe deqABF cPEMFS upmqy\">originates<\/a> from.<\/p>\n<p><script async src=\"\/\/www.instagram.com\/embed.js\"><\/script><\/p>\n","protected":false},"excerpt":{"rendered":"El cantante se lamentaba adem\u00e1s de que hac\u00eda un tiempo que no ve\u00eda a su amiga. \u201cHac\u00eda tiempo&hellip;\n","protected":false},"author":2,"featured_media":72943,"comment_status":"","ping_status":"","sticky":false,"template":"","format":"standard","meta":{"footnotes":""},"categories":[91],"tags":[28670,12374,146,147,25,24,23,28225],"class_list":{"0":"post-72942","1":"post","2":"type-post","3":"status-publish","4":"format-standard","5":"has-post-thumbnail","7":"category-entretenimiento","8":"tag-alex-garcia","9":"tag-cine-espanol","10":"tag-entertainment","11":"tag-entretenimiento","12":"tag-es","13":"tag-espana","14":"tag-spain","15":"tag-veronica-echegui"},"share_on_mastodon":{"url":"","error":""},"_links":{"self":[{"href":"https:\/\/www.europesays.com\/es\/wp-json\/wp\/v2\/posts\/72942","targetHints":{"allow":["GET"]}}],"collection":[{"href":"https:\/\/www.europesays.com\/es\/wp-json\/wp\/v2\/posts"}],"about":[{"href":"https:\/\/www.europesays.com\/es\/wp-json\/wp\/v2\/types\/post"}],"author":[{"embeddable":true,"href":"https:\/\/www.europesays.com\/es\/wp-json\/wp\/v2\/users\/2"}],"replies":[{"embeddable":true,"href":"https:\/\/www.europesays.com\/es\/wp-json\/wp\/v2\/comments?post=72942"}],"version-history":[{"count":0,"href":"https:\/\/www.europesays.com\/es\/wp-json\/wp\/v2\/posts\/72942\/revisions"}],"wp:featuredmedia":[{"embeddable":true,"href":"https:\/\/www.europesays.com\/es\/wp-json\/wp\/v2\/media\/72943"}],"wp:attachment":[{"href":"https:\/\/www.europesays.com\/es\/wp-json\/wp\/v2\/media?parent=72942"}],"wp:term":[{"taxonomy":"category","embeddable":true,"href":"https:\/\/www.europesays.com\/es\/wp-json\/wp\/v2\/categories?post=72942"},{"taxonomy":"post_tag","embeddable":true,"href":"https:\/\/www.europesays.com\/es\/wp-json\/wp\/v2\/tags?post=72942"}],"curies":[{"name":"wp","href":"https:\/\/api.w.org\/{rel}","templated":true}]}}