{"id":729441,"date":"2026-08-25T00:07:20","date_gmt":"2026-08-25T00:07:20","guid":{"rendered":"https:\/\/www.europesays.com\/es\/729441\/"},"modified":"2026-08-25T00:07:20","modified_gmt":"2026-08-25T00:07:20","slug":"el-chelsea-vence-en-la-guerra-de-goles-entre-xabi-alonso-y-arbeloa","status":"publish","type":"post","link":"https:\/\/www.europesays.com\/es\/729441\/","title":{"rendered":"El Chelsea vence en la guerra de goles entre Xabi Alonso y Arbeloa"},"content":{"rendered":"<p class=\"ft-text\"><strong>Lo que el Real Madrid uni\u00f3, que lo separe la primera jornada de la Premier League<\/strong>. <a class=\"ft-link ft-link--decoration\" href=\"https:\/\/www.sport.es\/es\/noticias\/premier-league\/arbeloa-deja-claro-xabi-alonso-133546435\" rel=\"nofollow noopener\" target=\"_blank\">El Fulham de \u00c1lvaro Arbeloa y el Chelsea de Xabi Alonso<\/a>, ambos t\u00e9cnicos blancos la pasada temporada, protagonizaron un golpe a golpe brutal en Craven Cottage que acab\u00f3 del lado &#8216;blue&#8217;,<strong> venciendo en el derbi londinense por 2-3. <\/strong><\/p>\n<p class=\"ft-text\">Aunque era mucha la expectativa en el duelo entre ambos entrenadores con pasado madridista, poco tiempo hubo para hablar de otra cosa que no fueran los goles. 32 segundos, exactamente<strong>, tard\u00f3 Joao Pedro en abrir la lata, aprovechando un fallo en la salida &#8216;cottager&#8217; para apuntarse el 0-1.<\/strong><\/p>\n<p class=\"ft-text\">Era el gol tempranero una se\u00f1al de lo que vendr\u00eda. Aunque el &#8216;jab&#8217; de derecha no hizo tambalear a los locales, que se replantearon al completo <strong>hasta dar m\u00e1s de un problema en la porter\u00eda del dubitativo Robert S\u00e1nchez. <\/strong><\/p>\n<p class=\"ft-text\">Fue <strong>Josh King el que destap\u00f3 sus inseguridades<\/strong>, empatando el duelo al 23&#8242; con total responsabilidad del portero espa\u00f1ol.<\/p>\n<p class=\"ft-text\">Corrigi\u00f3, eso s\u00ed, el rumbo el Chelsea antes del descanso, dando tranquilidad<strong> gracias al fichaje m\u00e1s caro del mercado: Morgan Rogers. <\/strong>El ex del Aston Villa, comprado en 130 millones de euros, recogi\u00f3 un centro de Lacroix y mand\u00f3 todo 1-2 a los vestuarios. <\/p>\n<p class=\"ft-text\">A la vuelta, casi de inmediato,<strong> Cole Palmer <\/strong>tambi\u00e9n dijo presente, r<strong>ecibiendo una pelota de Joao Pedro para el 1-3 que pon\u00eda tierra de por medio.<\/strong><\/p>\n<p class=\"ft-text\">Pero tampoco ser\u00eda ese el \u00faltimo grito de celebraci\u00f3n del partido. <strong>Porque Gonzalo Garc\u00eda debut\u00f3 anotando de manera oficial con el Fulham, apunt\u00e1ndose el 2-3 en el minuto 54. <\/strong>No fue suficiente, eso s\u00ed, para empatar. Y pudo aumentar la ventaja el Chelsea con el que habr\u00eda sido el doblete de Joao Pedro, aunque su diana fue anulada por fuera de juego.<\/p>\n","protected":false},"excerpt":{"rendered":"Lo que el Real Madrid uni\u00f3, que lo separe la primera jornada de la Premier League. El Fulham&hellip;\n","protected":false},"author":2,"featured_media":729442,"comment_status":"","ping_status":"","sticky":false,"template":"","format":"standard","meta":{"footnotes":""},"categories":[268],"tags":[13033,14015,168,25,24,280,29785,282,5815,69,281,23,167,5146,1781,10344],"class_list":["post-729441","post","type-post","status-publish","format-standard","has-post-thumbnail","category-futbol","tag-alvaro-arbeloa","tag-chelsea","tag-deportes","tag-es","tag-espana","tag-football","tag-fulham","tag-futbol","tag-goles","tag-guerra","tag-soccer","tag-spain","tag-sports","tag-vence","tag-xabi","tag-xabi-alonso"],"share_on_mastodon":{"url":"https:\/\/pubeurope.com\/@es\/117153238013445844","error":""},"_links":{"self":[{"href":"https:\/\/www.europesays.com\/es\/wp-json\/wp\/v2\/posts\/729441","targetHints":{"allow":["GET"]}}],"collection":[{"href":"https:\/\/www.europesays.com\/es\/wp-json\/wp\/v2\/posts"}],"about":[{"href":"https:\/\/www.europesays.com\/es\/wp-json\/wp\/v2\/types\/post"}],"author":[{"embeddable":true,"href":"https:\/\/www.europesays.com\/es\/wp-json\/wp\/v2\/users\/2"}],"replies":[{"embeddable":true,"href":"https:\/\/www.europesays.com\/es\/wp-json\/wp\/v2\/comments?post=729441"}],"version-history":[{"count":0,"href":"https:\/\/www.europesays.com\/es\/wp-json\/wp\/v2\/posts\/729441\/revisions"}],"wp:featuredmedia":[{"embeddable":true,"href":"https:\/\/www.europesays.com\/es\/wp-json\/wp\/v2\/media\/729442"}],"wp:attachment":[{"href":"https:\/\/www.europesays.com\/es\/wp-json\/wp\/v2\/media?parent=729441"}],"wp:term":[{"taxonomy":"category","embeddable":true,"href":"https:\/\/www.europesays.com\/es\/wp-json\/wp\/v2\/categories?post=729441"},{"taxonomy":"post_tag","embeddable":true,"href":"https:\/\/www.europesays.com\/es\/wp-json\/wp\/v2\/tags?post=729441"}],"curies":[{"name":"wp","href":"https:\/\/api.w.org\/{rel}","templated":true}]}}