{"id":729449,"date":"2026-08-25T00:15:20","date_gmt":"2026-08-25T00:15:20","guid":{"rendered":"https:\/\/www.europesays.com\/es\/729449\/"},"modified":"2026-08-25T00:15:20","modified_gmt":"2026-08-25T00:15:20","slug":"australia-confirma-el-primer-caso-de-gripe-aviar-h5n1-en-un-mamifero","status":"publish","type":"post","link":"https:\/\/www.europesays.com\/es\/729449\/","title":{"rendered":"Australia confirma el primer caso de gripe aviar H5N1 en un mam\u00edfero"},"content":{"rendered":"<p><a href=\"https:\/\/www.independentespanol.com\/topic\/australia\" rel=\"nofollow noopener\" target=\"_blank\">Australia<\/a> confirm\u00f3 su primer <a rel=\"nofollow noopener\" target=\"_blank\" href=\"https:\/\/www.independent.co.uk\/news\/world\/australasia\/australia-h5n1-bird-flu-vaccine-native-birds-b3030841.html\">caso de gripe aviar H5N1<\/a> en un mam\u00edfero tras realizar pruebas a una <a href=\"https:\/\/www.independentespanol.com\/topic\/seal\" rel=\"nofollow noopener\" target=\"_blank\">foca peletera<\/a> de nariz larga encontrada en <a href=\"https:\/\/www.independentespanol.com\/topic\/south-australia\" rel=\"nofollow noopener\" target=\"_blank\">Australia Meridional<\/a>.<\/p>\n<p>La ministra federal de Agricultura, Julie Collins, declar\u00f3 el domingo que el primer caso en un mam\u00edfero se registr\u00f3 en una foca encontrada en Beachport, a 300 km al sur de Adelaida.<\/p>\n<p>\u201cSi bien se trata de un hecho preocupante, no es de extra\u00f1ar que comencemos a observar infecciones en otros animales salvajes, en particular en mam\u00edferos marinos, especialmente en \u00e1reas donde existen altas tasas de infecci\u00f3n en aves silvestres\u201d, declar\u00f3 a los periodistas.<\/p>\n<p><a href=\"https:\/\/www.independentespanol.com\/tag\/australia-0\" rel=\"nofollow noopener\" target=\"_blank\">Australia<\/a> se enfrent\u00f3 a un aumento de casos de <a href=\"https:\/\/www.independentespanol.com\/tag\/gripe-aviar\" rel=\"nofollow noopener\" target=\"_blank\">gripe aviar<\/a> altamente pat\u00f3gena tras su llegada al pa\u00eds en junio. Este mes se registraron las primeras muertes masivas de aves marinas a causa del <a href=\"https:\/\/www.independentespanol.com\/topic\/virus\" rel=\"nofollow noopener\" target=\"_blank\">virus<\/a>, lo que supone una escalada del brote que comenz\u00f3 tras la detecci\u00f3n inicial del <a href=\"https:\/\/www.independentespanol.com\/tag\/virus\" rel=\"nofollow noopener\" target=\"_blank\">virus<\/a> en aves marinas migratorias, antes de su propagaci\u00f3n a especies aut\u00f3ctonas.<\/p>\n<p>La foca, una de las 100.000 que se estima que habitan en las aguas del estado, fue encontrada muerta sin presentar signos de lesiones, seg\u00fan informaron las autoridades.<\/p>\n<p>El ministro declar\u00f3: \u201cMe informaron que, por el momento, la detecci\u00f3n no parece estar relacionada con otros mam\u00edferos marinos enfermos o muertos. Es probable que la infecci\u00f3n de este animal en particular se haya producido debido a la exposici\u00f3n a aves silvestres infectadas o al entorno que comparten\u201d.<\/p>\n<p>Collins a\u00f1adi\u00f3: \u201cUna vez que la <a href=\"https:\/\/www.independentespanol.com\/topic\/bird-flu\" rel=\"nofollow noopener\" target=\"_blank\">gripe aviar<\/a> H5 se propaga en el medio ambiente natural, es imposible evitar p\u00e9rdidas significativas\u201d.<\/p>\n<p>Seg\u00fan la Australian Broadcasting Corporation, se registraron 297 casos positivos de gripe aviar en la naci\u00f3n insular, 194 de ellos en Australia meridional. \u201cPor el momento, no hay indicios de infecci\u00f3n en nuestros sistemas av\u00edcolas o agr\u00edcolas\u201d, declar\u00f3 Collins.<\/p>\n<p>A principios de este mes, las autoridades australianas anunciaron que vacunar\u00edan a las poblaciones de aves aut\u00f3ctonas en riesgo contra la letal cepa H5N1 de la gripe aviar. Los datos gubernamentales muestran que aproximadamente el 45 % de las 850 especies de aves de Australia son end\u00e9micas, lo que significa que son exclusivas del pa\u00eds y no se encuentran en ning\u00fan otro lugar del planeta.<\/p>\n<p>Australia fue el \u00faltimo continente en reportar casos de gripe aviar, aunque el virus se detect\u00f3 a finales de 2025 en el territorio subant\u00e1rtico de la isla Heard. Seg\u00fan los medios locales, m\u00e1s de 13.000 cr\u00edas de foca murieron a causa del virus en la isla.<\/p>\n<p>Las focas corren un alto riesgo de contraer el virus, declar\u00f3 la jefa veterinaria de Australia meridional, Skye Fruean, porque viven muy cerca de aves silvestres en afloramientos rocosos de la costa. \u201cSin duda, estar\u00edan expuestas a niveles muy altos del virus en su entorno\u201c, afirm\u00f3 Fruean en declaraciones televisadas.<\/p>\n<p>Traducci\u00f3n de<a href=\"https:\/\/www.independentespanol.com\/author\/olivia-gorsin\" rel=\"nofollow noopener\" target=\"_blank\"> Olivia Gorsin<\/a><\/p>\n","protected":false},"excerpt":{"rendered":"Australia confirm\u00f3 su primer caso de gripe aviar H5N1 en un mam\u00edfero tras realizar pruebas a una foca&hellip;\n","protected":false},"author":2,"featured_media":729450,"comment_status":"","ping_status":"","sticky":false,"template":"","format":"standard","meta":{"footnotes":""},"categories":[92],"tags":[4699,25,24,12949,165,166,23,2275],"class_list":["post-729449","post","type-post","status-publish","format-standard","has-post-thumbnail","category-salud","tag-australia","tag-es","tag-espana","tag-gripe-aviar","tag-health","tag-salud","tag-spain","tag-virus"],"share_on_mastodon":{"url":"https:\/\/pubeurope.com\/@es\/117153269588408747","error":""},"_links":{"self":[{"href":"https:\/\/www.europesays.com\/es\/wp-json\/wp\/v2\/posts\/729449","targetHints":{"allow":["GET"]}}],"collection":[{"href":"https:\/\/www.europesays.com\/es\/wp-json\/wp\/v2\/posts"}],"about":[{"href":"https:\/\/www.europesays.com\/es\/wp-json\/wp\/v2\/types\/post"}],"author":[{"embeddable":true,"href":"https:\/\/www.europesays.com\/es\/wp-json\/wp\/v2\/users\/2"}],"replies":[{"embeddable":true,"href":"https:\/\/www.europesays.com\/es\/wp-json\/wp\/v2\/comments?post=729449"}],"version-history":[{"count":0,"href":"https:\/\/www.europesays.com\/es\/wp-json\/wp\/v2\/posts\/729449\/revisions"}],"wp:featuredmedia":[{"embeddable":true,"href":"https:\/\/www.europesays.com\/es\/wp-json\/wp\/v2\/media\/729450"}],"wp:attachment":[{"href":"https:\/\/www.europesays.com\/es\/wp-json\/wp\/v2\/media?parent=729449"}],"wp:term":[{"taxonomy":"category","embeddable":true,"href":"https:\/\/www.europesays.com\/es\/wp-json\/wp\/v2\/categories?post=729449"},{"taxonomy":"post_tag","embeddable":true,"href":"https:\/\/www.europesays.com\/es\/wp-json\/wp\/v2\/tags?post=729449"}],"curies":[{"name":"wp","href":"https:\/\/api.w.org\/{rel}","templated":true}]}}