{"id":72946,"date":"2025-08-26T07:54:15","date_gmt":"2025-08-26T07:54:15","guid":{"rendered":"https:\/\/www.europesays.com\/es\/72946\/"},"modified":"2025-08-26T07:54:15","modified_gmt":"2025-08-26T07:54:15","slug":"trump-amenaza-la-independencia-de-la-fed-con-el-cese-de-una-de-sus-gobernadoras","status":"publish","type":"post","link":"https:\/\/www.europesays.com\/es\/72946\/","title":{"rendered":"Trump amenaza la independencia de la Fed con el cese de una de sus gobernadoras"},"content":{"rendered":"<p class=\"article-text\">\n        El presidente Donald Trump ha anunciado este lunes por la noche que ha cesado a Lisa Cook, que fue nombrada por el expresidente Joe Biden como miembro de la junta de gobernadores de la Reserva Federal. En una maniobra de dudosa legalidad, el mandatario ha citado acusaciones de que Cook present\u00f3 informaci\u00f3n fraudulenta en solicitudes de hipotecas. El movimiento hace tambalear la independencia del banco central estadounidense, cuyo presidente, Jerome Powell, ya ha sufrido diversas amenazas por parte de Trump de ser destituido por no bajar los tipos de inter\u00e9s.\n    <\/p>\n<p class=\"article-text\">\n        \u201cHe determinado que hay causa suficiente para destituirla de su cargo\u201d, ha escrito Trump en una carta a Cook que ha compartido tambi\u00e9n en Truth Social. El presidente ha invocado el poder que le otorga el estatuto fundacional de la Fed para destituir uno de sus miembros con causa. La cuesti\u00f3n es que Trump se basa en unas acusaciones contra Cook.\n    <\/p>\n<p class=\"article-text\">\n        El director de la Agencia Federal de Financiamiento de Viviendas, Bill Pute, hab\u00eda asegurado que Cook solicit\u00f3 en 2021 hipotecas para dos propiedades &#8211; una en Michigan y otra en Atlanta- que describi\u00f3 como su principal residencia en documentos que present\u00f3 con 14 de d\u00edas de diferencia. Despu\u00e9s de lanzar la acusaci\u00f3n, Pulte asegur\u00f3 que presentar\u00eda la informaci\u00f3n al Departamento de Justicia en una remisi\u00f3n penal.\n    <\/p>\n<p class=\"article-text\">\n        Por su lado, Cook expuso la semana pasada que hab\u00eda sabido del caso a trav\u00e9s de los medios de comunicaci\u00f3n. \u201cNo tengo intenci\u00f3n de que me presionen para que renuncie a mi puesto por algunas preguntas planteadas en un tuit\u201d, a\u00f1adi\u00f3 Cook, quien ha sido la primera mujer negra en formar parte de la junta de gobernadores de la Fed.\n    <\/p>\n<p class=\"article-text\">\n        El cese de Cook tambi\u00e9n viene acompa\u00f1ado de una amenaza velada hacia Powell por los tipos de inter\u00e9s. En la misma carta donde se comunica su despido, Trump tambi\u00e9n hace referencia a la \u201ctremenda responsabilidad\u201d que tiene la Fed en la fijaci\u00f3n de los tipos de inter\u00e9s, y la regulaci\u00f3n de la reserva y de los bancos miembros.\n    <\/p>\n<p class=\"article-text\">\n        \u201cEl pueblo estadounidense debe poder confiar plenamente en la honestidad de los miembros encargados de establecer las pol\u00edticas y supervisar la Reserva Federal\u201d, afirma el mandatario. Precisamente, el despido de Cook cimienta la desconfianza hacia la Fed, cuyas decisiones han servido hasta el momento como referencia para el banco central europeo. Las presiones contra el \u00f3rgano ponen en riesgo el uso del patr\u00f3n d\u00f3lar como valor de referencia.\n    <\/p>\n<p class=\"article-text\">\n        El despido de Cook deja una segunda vacante en la junta de gobernadores, despu\u00e9s de que a principios de agosto Adriana Kugler &#8211; tambi\u00e9n puesta en el cargo por Biden- abandonara el puesto como gobernadora antes de que expirara el 31 de enero de 2026. Para este lugar, Trump ya ha nominado a un nuevo suplente: Stephen Miran, el presidente del Consejo de Asesores Econ\u00f3micos de la Casa Blanca. Su puesto como nuevo gobernador debe ser ratificada por el Senado a\u00fan, pero viendo los antecedentes con las nominaciones de los secretarios de gobierno, posiblemente Miran sea aprobado.\n    <\/p>\n<p class=\"article-text\">\n        Miran es conocido por sus posiciones cr\u00edticas con la Fed y por haber sido uno de los principales defensores de los aranceles del presidente. Con Miran en la Reserva Federal consegu\u00eda poner a uno de los suyos dentro del banco para hacer presi\u00f3n. El despido de Cook deja otro puesto que le permitir\u00eda colocar al mandatario otro de los suyos.\n    <\/p>\n<p class=\"article-text\">\n        El despido de la gobernadora y la nominaci\u00f3n de nuevos candidatos, llega poco antes de que expire la presidencia de Powell a finales de mayo de 2026. Los gobernadores pueden ser postulados como candidatos a presidir el \u00f3rgano. El proceso para elegir a un nuevo presidente de la Fed es el mismo que para los gobernadores: el presidente de EEUU nombra a un candidato y el Senado debe ratificarlo para que ocupe el cargo durante cuatro a\u00f1os.\n    <\/p>\n<p>    <a href=\"https:\/\/www.eldiario.es\/economia\/trump-redobla-ofensiva-fed-economia-empieza-acusar-efectos-guerra-comercial_1_12472901.html\" data-mrf-recirculation=\"saber-mas-abajo\" data-dl-event=\"saber-mas-abajo\" rel=\"nofollow noopener\" target=\"_blank\"><\/p>\n<p class=\"know-more__title\">Trump redobla su ofensiva contra la Fed mientras la econom\u00eda empieza a acusar los efectos de la guerra comercial\n<\/p>\n<p>            <img decoding=\"async\" class=\"lazy\" loading=\"lazy\" data-src=\"https:\/\/static.eldiario.es\/clip\/c9e779a6-85f6-4b96-9f47-c36fccf43bc2_16-9-aspect-ratio_default_0.jpg\" src=\"data:image\/svg+xml,%3Csvg xmlns=\" http:=\"\" viewbox=\"0 0 880 495\" alt=\"Trump redobla su ofensiva contra la Fed mientras la econom\u00eda empieza a acusar los efectos de la guerra comercial\"\/><\/p>\n<p>                        <\/a><\/p>\n<p class=\"article-text\">\n        Las pol\u00edticas monetarias se deciden a trav\u00e9s del Comit\u00e9 Federal del Mercado Abierto (FOMC), que incluye a los siete gobernadores de la junta, el presidente de la Fed, el vicepresidente, el presidente del Banco de la Reserva Federal de Nueva York, y cuatro presidentes de otros bancos de la Fed que van rotando anualmente. En total, son doce votos los que se emiten. Aunque con la nominaci\u00f3n de dos gobernadores Trump no tiene el poder de inclinar la votaci\u00f3n hacia un lado u otro, s\u00ed que podr\u00eda influir desde dentro en las decisiones.\n    <\/p>\n","protected":false},"excerpt":{"rendered":"El presidente Donald Trump ha anunciado este lunes por la noche que ha cesado a Lisa Cook, que&hellip;\n","protected":false},"author":2,"featured_media":72947,"comment_status":"","ping_status":"","sticky":false,"template":"","format":"standard","meta":{"footnotes":""},"categories":[80],"tags":[4213,82,8842,95,94,25,24,939,28671,3833,23,936],"class_list":{"0":"post-72946","1":"post","2":"type-post","3":"status-publish","4":"format-standard","5":"has-post-thumbnail","7":"category-economia","8":"tag-amenaza","9":"tag-business","10":"tag-cese","11":"tag-economia","12":"tag-economy","13":"tag-es","14":"tag-espana","15":"tag-fed","16":"tag-gobernadoras","17":"tag-independencia","18":"tag-spain","19":"tag-trump"},"share_on_mastodon":{"url":"","error":""},"_links":{"self":[{"href":"https:\/\/www.europesays.com\/es\/wp-json\/wp\/v2\/posts\/72946","targetHints":{"allow":["GET"]}}],"collection":[{"href":"https:\/\/www.europesays.com\/es\/wp-json\/wp\/v2\/posts"}],"about":[{"href":"https:\/\/www.europesays.com\/es\/wp-json\/wp\/v2\/types\/post"}],"author":[{"embeddable":true,"href":"https:\/\/www.europesays.com\/es\/wp-json\/wp\/v2\/users\/2"}],"replies":[{"embeddable":true,"href":"https:\/\/www.europesays.com\/es\/wp-json\/wp\/v2\/comments?post=72946"}],"version-history":[{"count":0,"href":"https:\/\/www.europesays.com\/es\/wp-json\/wp\/v2\/posts\/72946\/revisions"}],"wp:featuredmedia":[{"embeddable":true,"href":"https:\/\/www.europesays.com\/es\/wp-json\/wp\/v2\/media\/72947"}],"wp:attachment":[{"href":"https:\/\/www.europesays.com\/es\/wp-json\/wp\/v2\/media?parent=72946"}],"wp:term":[{"taxonomy":"category","embeddable":true,"href":"https:\/\/www.europesays.com\/es\/wp-json\/wp\/v2\/categories?post=72946"},{"taxonomy":"post_tag","embeddable":true,"href":"https:\/\/www.europesays.com\/es\/wp-json\/wp\/v2\/tags?post=72946"}],"curies":[{"name":"wp","href":"https:\/\/api.w.org\/{rel}","templated":true}]}}