{"id":729467,"date":"2026-08-25T00:30:14","date_gmt":"2026-08-25T00:30:14","guid":{"rendered":"https:\/\/www.europesays.com\/es\/729467\/"},"modified":"2026-08-25T00:30:14","modified_gmt":"2026-08-25T00:30:14","slug":"esta-es-la-portada-de-sport-hoy-martes-25-de-agosto-de-2026","status":"publish","type":"post","link":"https:\/\/www.europesays.com\/es\/729467\/","title":{"rendered":"Esta es la portada de SPORT, hoy martes 25 de agosto de 2026"},"content":{"rendered":"<p class=\"ft-text\">\u00abJuli\u00e1n, al rojo vivo\u00bb es el gran titular de nuestra portada de hoy martes 24 de agosto de 2026. <strong>El Atl\u00e9tico se niega a negociar con el Bar\u00e7a por el delantero pese al divorcio con la grada<\/strong>, pero Deco esperar\u00e1 al delantero hasta el final.<\/p>\n<p class=\"ft-text\">El argentino insiste en su deseo de vestir de azulgrana y descarta volver a la Premier League aunque los colchoneros le empujan. <strong>El Arsenal es el que m\u00e1s est\u00e1 pujando para tratar de llevarse al delantero del Atl\u00e9tico de Madrid.<\/strong><\/p>\n<p><img decoding=\"async\" src=\"https:\/\/www.europesays.com\/es\/wp-content\/uploads\/2026\/08\/dbeba858-15b5-4c59-8729-2fcfca1ed697_alta-libre-aspect-ratio_default_0_x853y699.jpg\" width=\"1200\" height=\"1474\" alt=\"Esta es la portada de SPORT\" class=\"ft-helper-img-rd\" loading=\"lazy\" fetchpriority=\"auto\"\/><\/p>\n<p class=\"ft-helper-fontColor-quaternary ft-helper-fontSize-body-S ft-helper-spacer-t-xxs\">Esta es la portada de SPORT  \/ SPORT<\/p>\n<p class=\"ft-text\">Adem\u00e1s, arranca el centenario del basket blaugrana, con un a\u00f1o de celebraciones; <strong>Xavi Hern\u00e1ndez toma el mando en los Pa\u00edses Bajos<\/strong>, relevando a Ronald Koeman en el cargo tal y como hiciera en el FC Barcelona; y Alejandro Balde, molesto con su situaci\u00f3n en el club azulgrana.<\/p>\n<p class=\"ft-text\">Por \u00faltimo, Asencio trata de evitar la visita al quir\u00f3fano y el granizo oblig\u00f3 a anular la tercera etapa de La Vuelta a Espa\u00f1a.<\/p>\n","protected":false},"excerpt":{"rendered":"\u00abJuli\u00e1n, al rojo vivo\u00bb es el gran titular de nuestra portada de hoy martes 24 de agosto de&hellip;\n","protected":false},"author":2,"featured_media":729468,"comment_status":"","ping_status":"","sticky":false,"template":"","format":"standard","meta":{"footnotes":""},"categories":[268],"tags":[9546,2296,168,25,24,280,282,315,7797,338,281,23,3020,167],"class_list":["post-729467","post","type-post","status-publish","format-standard","has-post-thumbnail","category-futbol","tag-9546","tag-barca","tag-deportes","tag-es","tag-espana","tag-football","tag-futbol","tag-hoy","tag-martes","tag-portada","tag-soccer","tag-spain","tag-sport","tag-sports"],"share_on_mastodon":{"url":"https:\/\/pubeurope.com\/@es\/117153328540657925","error":""},"_links":{"self":[{"href":"https:\/\/www.europesays.com\/es\/wp-json\/wp\/v2\/posts\/729467","targetHints":{"allow":["GET"]}}],"collection":[{"href":"https:\/\/www.europesays.com\/es\/wp-json\/wp\/v2\/posts"}],"about":[{"href":"https:\/\/www.europesays.com\/es\/wp-json\/wp\/v2\/types\/post"}],"author":[{"embeddable":true,"href":"https:\/\/www.europesays.com\/es\/wp-json\/wp\/v2\/users\/2"}],"replies":[{"embeddable":true,"href":"https:\/\/www.europesays.com\/es\/wp-json\/wp\/v2\/comments?post=729467"}],"version-history":[{"count":0,"href":"https:\/\/www.europesays.com\/es\/wp-json\/wp\/v2\/posts\/729467\/revisions"}],"wp:featuredmedia":[{"embeddable":true,"href":"https:\/\/www.europesays.com\/es\/wp-json\/wp\/v2\/media\/729468"}],"wp:attachment":[{"href":"https:\/\/www.europesays.com\/es\/wp-json\/wp\/v2\/media?parent=729467"}],"wp:term":[{"taxonomy":"category","embeddable":true,"href":"https:\/\/www.europesays.com\/es\/wp-json\/wp\/v2\/categories?post=729467"},{"taxonomy":"post_tag","embeddable":true,"href":"https:\/\/www.europesays.com\/es\/wp-json\/wp\/v2\/tags?post=729467"}],"curies":[{"name":"wp","href":"https:\/\/api.w.org\/{rel}","templated":true}]}}