{"id":72982,"date":"2025-08-26T08:15:08","date_gmt":"2025-08-26T08:15:08","guid":{"rendered":"https:\/\/www.europesays.com\/es\/72982\/"},"modified":"2025-08-26T08:15:08","modified_gmt":"2025-08-26T08:15:08","slug":"8-prendas-de-zara-y-mango-que-seran-tendencia-este-otono-pero-puedes-llevar-desde-hoy-el-mundo","status":"publish","type":"post","link":"https:\/\/www.europesays.com\/es\/72982\/","title":{"rendered":"8 prendas de Zara y Mango que ser\u00e1n tendencia este oto\u00f1o, pero puedes llevar desde hoy &#8211; El Mundo"},"content":{"rendered":"<ol>\n<li><a href=\"https:\/\/news.google.com\/rss\/articles\/CBMigAFBVV95cUxOUm5RSW9HV3ppYjZYT3l2Nkl2N0VDak5IejZEbDF1RThZbl83OU9HY1B5MlNqSWVZb2VEbmk4OFpfOUZnd3VXblA1R3ZWbkd5ZUZuY0FDbnZLd3BRVE1ZYy1SeGNMNlc2dk1zU09vZ0l2eGEzekhyQ2JCMmc3eDk2Rg?oc=5\" target=\"_blank\" rel=\"nofollow noopener\">8 prendas de Zara y Mango que ser\u00e1n tendencia este oto\u00f1o, pero puedes llevar desde hoy<\/a>&nbsp;&nbsp;El Mundo<\/li>\n<li><a href=\"https:\/\/news.google.com\/rss\/articles\/CBMi1wFBVV95cUxNdDJTalpuSE5TZkRtRE1LXzF5R0RHSWZmQ1lkbUlRV0dUcWZIUkw0dTlZVnN3S2N0Rk90SUYweHpWRHRNWWVkakZoRG5oeGg1eW5URTZGQWdJV29DUmRnalFNTjZFQ3BUVzB4dWdVWWZCdl9xd0tHNUkwYUtDYzBuTktzbnFFUFQxazhnbElud2c5OW9JbENqSldpcGdRUVQzY2JLNU1sVHVSTGVOUnczS21rMkloRUthT2VZV2dNWmlPTTB5dEEwVlVqWGxXNy1wSC1sY2xxONIB3AFBVV95cUxNYW81Rnc5MVpTNVlmQklBRUYwazNjMnR3d3lGZjRtdElaamFpOEFtZFFTbGp4bl9CMG90cHc4cmhOa1NwTEZTcmdlWno5bU9wcXBjQmZHSlVuaVZHUHZYV3l5RmgzZ3R6aVdqekVJc0dmNk1NMUR0RXNFWXBfNjEtS240Tkk3eHhvdjhIQkx2cHNTTXU1Yk5nTDZnYm5VNmM2ZXBLY1NtOTVESDlTWU5zNnk1SUlrenhZMnc4RUVUM2V1WnV3T2ZiTXJXY25uaTk3aFpibVNVM19BUVhK?oc=5\" target=\"_blank\" rel=\"nofollow noopener\">Las chaquetas de punto de Zara m\u00e1s bonitas para el oto\u00f1o 2025: gustosas, pura tendencia e&#8230;<\/a>&nbsp;&nbsp;Trendencias<\/li>\n<li><a href=\"https:\/\/news.google.com\/rss\/articles\/CBMixgFBVV95cUxNNmxpUDlUZXJKSmdVUlFVbk9ZWmdCRnlvQlRWcWwzT2pVYU1kSXFUNVVsXzh2YUxuVm9Bc2x1aUc3cU9LWGdEbFBlVjZDZGNwT1lzTWZEaHVvWHJJSkF1cklOUnJlemFqMUVJcmVFRDZpSTAxa0dOTkZyZkY2X21JT3J5OGFLbk5CRjB2V1RkSDF4dDVvSWZQTFFOamM5YVJsOUdvQTdWNjVLTDNhZVFwS192VXBRMFhnMFhQd25qU29XSS02T1E?oc=5\" target=\"_blank\" rel=\"nofollow noopener\">7 chaquetas, vestidos y jers\u00e9is finos de la nueva colecci\u00f3n de Zara que las expertas en moda agotar\u00e1n antes de entretiempo<\/a>&nbsp;&nbsp;Cosmopolitan<\/li>\n<li><a href=\"https:\/\/news.google.com\/rss\/articles\/CBMivgFBVV95cUxQOHZiTFhSUWRDTUtMUFI5T05Kc3FONDFoejVsZV84NkNJcVBnRlJ5WDM5YVE4bHBZRkphZmdMUkEzQ0RrZkFZSm5sQzJPZHlabG95a0pHc0lOd2E0RjIzRWNhU0FVYVJlNWZuNEdJVHdibFJKUjl0Q1ZpdldtOXN6REd5d2ZkZ3ctaVlyRjZNaUtRREpRTVgybkJlelpwMHRadXFncU42aEFnWjI4dXppX3hfeHNCd1ctTmZRLXR30gHDAUFVX3lxTE0wRVlnaGx3Y3BVUndoTWgxY25mS0xERFFheHo1YjlNX05pTUxxSDM2NVZTQkZ2TllDdk41YWhWaUw3cGNQa3BuQ1dURExQT04xU2d1LUVFZW5helpNbWhqNTdfRkxXR3JpZWtjSVhHWnFTZmk1MTZNTm9tdnpIUUprN2dXN0U2c0VDY3NOWFRnNExNNkZwLWl5WWJYdEQtRkV5cExGdFVuY2tkOHhCaE51WThYYldzcG83SU9PR2ozS3Jqdw?oc=5\" target=\"_blank\" rel=\"nofollow noopener\">Lunes de novedades de Zara con las prendas de abrigo que van a comprar las expertas este oto\u00f1o: una chaqueta de ante, un jersey de lana y m\u00e1s<\/a>&nbsp;&nbsp;Vanitatis<\/li>\n<li><a href=\"https:\/\/news.google.com\/rss\/articles\/CBMiuAFBVV95cUxQZUZ6SUpSeDhpVFhRMDlxbmt2dlgyaUllOUpwcWx4OVdybWg0aWNjdXJUQ3BucGtKa0xodS1EcFR1N1FpMVA3YWw1aFE3cXFWR1BjZG1BSVZsUWRDSG1SYnBrY0JVVGZlYjlXZmZoRnhDT1FZZjZZS2JfUGNFM2J5dVY1QXlaNDZWel9wZWdZNjBIdDZDd1B2R0VYWml6RjE2QXNSelM2dnlPM2NiaXJWRWk2eFdoN3Ut0gG-AUFVX3lxTFB4a1JPRGdWUk1UWVBteE1yS0FPLU9mQzUwZ2F6YW5vblFWbktPZ0tFS18zLXNvY2JKb0lTT19ranJxNk5XcHg1M252MzNhTm05QWNSdUpqNWRJckZUcUtpZW1GcjFhanJOZUs4cXR0MVNDU1haV242R1lXOFVRV1JVQVh1UDhxSHFSWjB1eENiaHcxRGkzZFk1WTljVmRaeENXMEhtSG9NRnNBT2R3MS14cDFmLWYxYWg1OFhxVkE?oc=5\" target=\"_blank\" rel=\"nofollow noopener\">Estas son las chaquetas de Zara que se van a hacer virales este oto\u00f1o: perfectas para el entretiempo<\/a>&nbsp;&nbsp;Mujerhoy<\/li>\n<\/ol>\n","protected":false},"excerpt":{"rendered":"8 prendas de Zara y Mango que ser\u00e1n tendencia este oto\u00f1o, pero puedes llevar desde hoy&nbsp;&nbsp;El Mundo Las&hellip;\n","protected":false},"author":2,"featured_media":72983,"comment_status":"","ping_status":"","sticky":false,"template":"","format":"standard","meta":{"footnotes":""},"categories":[91],"tags":[146,147,25,24,3907,1023,12190,23,6761,1793,11068,28682,7335],"class_list":{"0":"post-72982","1":"post","2":"type-post","3":"status-publish","4":"format-standard","5":"has-post-thumbnail","7":"category-entretenimiento","8":"tag-entertainment","9":"tag-entretenimiento","10":"tag-es","11":"tag-espana","12":"tag-mango","13":"tag-moda","14":"tag-otono","15":"tag-spain","16":"tag-tresb","17":"tag-verano","18":"tag-yodona","19":"tag-yodona-moda","20":"tag-zara"},"share_on_mastodon":{"url":"","error":""},"_links":{"self":[{"href":"https:\/\/www.europesays.com\/es\/wp-json\/wp\/v2\/posts\/72982","targetHints":{"allow":["GET"]}}],"collection":[{"href":"https:\/\/www.europesays.com\/es\/wp-json\/wp\/v2\/posts"}],"about":[{"href":"https:\/\/www.europesays.com\/es\/wp-json\/wp\/v2\/types\/post"}],"author":[{"embeddable":true,"href":"https:\/\/www.europesays.com\/es\/wp-json\/wp\/v2\/users\/2"}],"replies":[{"embeddable":true,"href":"https:\/\/www.europesays.com\/es\/wp-json\/wp\/v2\/comments?post=72982"}],"version-history":[{"count":0,"href":"https:\/\/www.europesays.com\/es\/wp-json\/wp\/v2\/posts\/72982\/revisions"}],"wp:featuredmedia":[{"embeddable":true,"href":"https:\/\/www.europesays.com\/es\/wp-json\/wp\/v2\/media\/72983"}],"wp:attachment":[{"href":"https:\/\/www.europesays.com\/es\/wp-json\/wp\/v2\/media?parent=72982"}],"wp:term":[{"taxonomy":"category","embeddable":true,"href":"https:\/\/www.europesays.com\/es\/wp-json\/wp\/v2\/categories?post=72982"},{"taxonomy":"post_tag","embeddable":true,"href":"https:\/\/www.europesays.com\/es\/wp-json\/wp\/v2\/tags?post=72982"}],"curies":[{"name":"wp","href":"https:\/\/api.w.org\/{rel}","templated":true}]}}