{"id":729839,"date":"2026-08-25T06:17:25","date_gmt":"2026-08-25T06:17:25","guid":{"rendered":"https:\/\/www.europesays.com\/es\/729839\/"},"modified":"2026-08-25T06:17:25","modified_gmt":"2026-08-25T06:17:25","slug":"el-corredor-riojano-alex-toledo-campeon-nacional-de-pump-trak","status":"publish","type":"post","link":"https:\/\/www.europesays.com\/es\/729839\/","title":{"rendered":"El corredor riojano Alex Toledo, campe\u00f3n nacional de Pump Trak"},"content":{"rendered":"<p><a href=\"#\" onclick=\"window.open('https:\/\/www.facebook.com\/sharer.php?u=https:\/\/nuevecuatrouno.com\/2026\/08\/23\/el-corredor-riojano-alex-toledo-campeon-nacional-de-pump-trak-en-categoria-junior\/&amp;t=El corredor riojano Alex Toledo, campe\u00f3n nacional de Pump Trak en categor\u00eda j\u00fanior', 'facebookShare', 'width=626,height=436'); return false;\" title=\"Facebook\"><\/p>\n<p>COMPARTE<\/p>\n<p><\/a><br \/>\n<a href=\"#\" onclick=\"window.open('https:\/\/x.com\/share?text=El corredor riojano Alex Toledo, campe\u00f3n nacional de Pump Trak en categor\u00eda j\u00fanior -&amp;url=https:\/\/nuevecuatrouno.com\/2026\/08\/23\/el-corredor-riojano-alex-toledo-campeon-nacional-de-pump-trak-en-categoria-junior\/', 'twitterShare', 'width=626,height=436'); return false;\" title=\"X\"><img decoding=\"async\" src=\"https:\/\/www.europesays.com\/es\/wp-content\/uploads\/2026\/08\/1787638644_205_x-twitter-art.png\" style=\"padding-top: 6px;\"\/>POSTEA<\/a><br \/>\n<a href=\"whatsapp:\/\/send?text=El corredor riojano Alex Toledo, campe\u00f3n nacional de Pump Trak en categor\u00eda j\u00fanior https:\/\/nuevecuatrouno.com\/2026\/08\/23\/el-corredor-riojano-alex-toledo-campeon-nacional-de-pump-trak-en-categoria-junior\/\" rel=\"nofollow\"><\/p>\n<p>WHATSAPP<\/p>\n<p><\/a><br \/>\n<a href=\"http:\/\/nuevecuatrouno.com\/cdn-cgi\/l\/email-protection#ecd39f998e86898f98d1a980cc8f839e9e8988839ecc9e8583868d8283ccad808994ccb88380898883c0cc8f8d819c892f5f82cc828d8f8583828d80cc8889ccbc99819cccb89e8d87cc8982cc8f8d98898b839e2f418dcc862f568285839eca8d819cd7aea3a8b5d12e53bd992f45cc9a85888dd3cca489cc9a859f9883cc899f9889cc8d9e982f418f998083cc8982cc8299899a898f998d989e83998283c28f8381cc95cc8f9e8983cc9d9989cc9889cc9c99898889cc858298899e899f8d9ed6cc8498989c9fd6c3c38299899a898f998d989e83998283c28f8381c3dedcdedac3dcd4c3dedfc38980c18f839e9e8988839ec19e8583868d8283c18d808994c1988380898883c18f8d819c898382c1828d8f8583828d80c18889c19c99819cc1989e8d87c18982c18f8d98898b839e858dc186998285839ec3\" rel=\"nofollow noopener\" target=\"_blank\"><\/p>\n<p>Email<\/p>\n<p><\/a><\/p>\n<p>El ciclista \u00c1lex Toledo Arnedo se ha proclamado Campe\u00f3n de Espa\u00f1a J\u00fanior de la modalidad Pump Track, en el Campeonato que se ha celebrado en la localidad gallega de Mond\u00e1riz.<\/p>\n<p>Con esta victoria en la categor\u00eda j\u00fanior, el joven rider natural de Igea suma su segundo campeonato nacional seguido, tras haber conquistado el t\u00edtulo cadete en 2025.<\/p>\n<p>\u00c1lex Toledo milita en la Pe\u00f1a Ciclista Sendero de Arnedo (La Rioja) y este \u00e9xito consolida su excelente progresi\u00f3n a nivel nacional y refuerza su preparaci\u00f3n de cara al Campeonato del Mundo de Pump Track, que se celebrar\u00e1 pr\u00f3ximamente en China.<\/p>\n<p><img decoding=\"async\" src=\"https:\/\/www.europesays.com\/es\/wp-content\/uploads\/2026\/08\/1787638645_529_cabecera-nuevecuatrouno-2026.png\"\/><\/p>\n","protected":false},"excerpt":{"rendered":"COMPARTE POSTEA WHATSAPP Email El ciclista \u00c1lex Toledo Arnedo se ha proclamado Campe\u00f3n de Espa\u00f1a J\u00fanior de la&hellip;\n","protected":false},"author":2,"featured_media":729840,"comment_status":"","ping_status":"","sticky":false,"template":"","format":"standard","meta":{"footnotes":""},"categories":[273],"tags":[808,129866,313,312,168,25,24,23,167],"class_list":["post-729839","post","type-post","status-publish","format-standard","has-post-thumbnail","category-ciclismo","tag-ahora","tag-alex-toledo","tag-ciclismo","tag-cycling","tag-deportes","tag-es","tag-espana","tag-spain","tag-sports"],"share_on_mastodon":{"url":"https:\/\/pubeurope.com\/@es\/117154693069994092","error":""},"_links":{"self":[{"href":"https:\/\/www.europesays.com\/es\/wp-json\/wp\/v2\/posts\/729839","targetHints":{"allow":["GET"]}}],"collection":[{"href":"https:\/\/www.europesays.com\/es\/wp-json\/wp\/v2\/posts"}],"about":[{"href":"https:\/\/www.europesays.com\/es\/wp-json\/wp\/v2\/types\/post"}],"author":[{"embeddable":true,"href":"https:\/\/www.europesays.com\/es\/wp-json\/wp\/v2\/users\/2"}],"replies":[{"embeddable":true,"href":"https:\/\/www.europesays.com\/es\/wp-json\/wp\/v2\/comments?post=729839"}],"version-history":[{"count":0,"href":"https:\/\/www.europesays.com\/es\/wp-json\/wp\/v2\/posts\/729839\/revisions"}],"wp:featuredmedia":[{"embeddable":true,"href":"https:\/\/www.europesays.com\/es\/wp-json\/wp\/v2\/media\/729840"}],"wp:attachment":[{"href":"https:\/\/www.europesays.com\/es\/wp-json\/wp\/v2\/media?parent=729839"}],"wp:term":[{"taxonomy":"category","embeddable":true,"href":"https:\/\/www.europesays.com\/es\/wp-json\/wp\/v2\/categories?post=729839"},{"taxonomy":"post_tag","embeddable":true,"href":"https:\/\/www.europesays.com\/es\/wp-json\/wp\/v2\/tags?post=729839"}],"curies":[{"name":"wp","href":"https:\/\/api.w.org\/{rel}","templated":true}]}}