{"id":729893,"date":"2026-08-25T07:09:21","date_gmt":"2026-08-25T07:09:21","guid":{"rendered":"https:\/\/www.europesays.com\/es\/729893\/"},"modified":"2026-08-25T07:09:21","modified_gmt":"2026-08-25T07:09:21","slug":"el-real-madrid-de-llull-estara-en-la-primera-supercopa","status":"publish","type":"post","link":"https:\/\/www.europesays.com\/es\/729893\/","title":{"rendered":"El Real Madrid de Llull estar\u00e1 en la primera Supercopa"},"content":{"rendered":"<p>El Departamento de Cultura y Turismo de Abu Dabi (DCT Abu Dhabi) y la <a href=\"https:\/\/www.menorca.info\/etiqueta\/euroliga.html?utm_source=Inline-tag&amp;utm_medium=internal\" rel=\"nofollow noopener\" target=\"_blank\">Euroliga<\/a> de <a href=\"https:\/\/www.menorca.info\/etiqueta\/baloncesto.html?utm_source=Inline-tag&amp;utm_medium=internal\" rel=\"nofollow noopener\" target=\"_blank\">baloncesto<\/a> han anunciado este lunes que<strong> la primera edici\u00f3n de la Supercopa de la Euroliga tendr\u00e1 lugar en el Etihad Arena de la isla de Yas<\/strong>, Abu Dabi, los d\u00edas 18 y 19 de septiembre.<\/p>\n<p>En ella<strong> participar\u00e1n cuatro clubes de \u00e9lite:<\/strong> el vigente campe\u00f3n de la Euroliga, Olympiacos Piraeus; el campe\u00f3n de la Euroliga 2025, Fenerbah\u00e7e Tarfin Istanbul; el finalista de 2026, el <a href=\"https:\/\/www.menorca.info\/etiqueta\/Real+Madrid.html?utm_source=Inline-tag&amp;utm_medium=internal\" rel=\"nofollow noopener\" target=\"_blank\">Real Madrid<\/a> de <a href=\"https:\/\/www.menorca.info\/etiqueta\/Sergio+Llull.html?utm_source=Inline-tag&amp;utm_medium=internal\" rel=\"nofollow noopener\" target=\"_blank\">Sergio Llull<\/a>; y Dubai Basketball, en representaci\u00f3n de los Emiratos \u00c1rabes Unidos, para un evento de dos d\u00edas que inaugurar\u00e1 oficialmente la temporada de baloncesto de clubes europeos.<\/p>\n<p><strong>La competici\u00f3n seguir\u00e1 un formato de Final Four, con dos partidos cada d\u00eda.<\/strong> El viernes 18 de septiembre, el Olympiacos Piraeus se enfrentar\u00e1 al Fenerbah\u00e7e Tarfin Istanbul a las 15 horas, mientras que el Dubai Basketball se medir\u00e1 al Real Madrid a las 18 horas. El torneo concluir\u00e1 el s\u00e1bado 19 de septiembre con el partido por el tercer puesto a las 15 horas, seguido de la primera final de la Supercopa de Baloncesto de la Euroliga a las 18 horas.<\/p>\n<p>El presidente de la Euroliga de Baloncesto, Dejan Bodiroga, apunt\u00f3 que<strong> el lanzamiento de la Supercopa de la Euroliga \u00abmarca un nuevo e ilusionante cap\u00edtulo\u00bb<\/strong> para el baloncesto de clubes europeo.<\/p>\n","protected":false},"excerpt":{"rendered":"El Departamento de Cultura y Turismo de Abu Dabi (DCT Abu Dhabi) y la Euroliga de baloncesto han&hellip;\n","protected":false},"author":2,"featured_media":729894,"comment_status":"","ping_status":"","sticky":false,"template":"","format":"standard","meta":{"footnotes":""},"categories":[269],"tags":[299,298,168,25,24,833,3048,1692,23,167],"class_list":["post-729893","post","type-post","status-publish","format-standard","has-post-thumbnail","category-baloncesto","tag-baloncesto","tag-basketball","tag-deportes","tag-es","tag-espana","tag-euroliga","tag-real-madrid","tag-sergio-llull","tag-spain","tag-sports"],"share_on_mastodon":{"url":"https:\/\/pubeurope.com\/@es\/117154897532351012","error":""},"_links":{"self":[{"href":"https:\/\/www.europesays.com\/es\/wp-json\/wp\/v2\/posts\/729893","targetHints":{"allow":["GET"]}}],"collection":[{"href":"https:\/\/www.europesays.com\/es\/wp-json\/wp\/v2\/posts"}],"about":[{"href":"https:\/\/www.europesays.com\/es\/wp-json\/wp\/v2\/types\/post"}],"author":[{"embeddable":true,"href":"https:\/\/www.europesays.com\/es\/wp-json\/wp\/v2\/users\/2"}],"replies":[{"embeddable":true,"href":"https:\/\/www.europesays.com\/es\/wp-json\/wp\/v2\/comments?post=729893"}],"version-history":[{"count":0,"href":"https:\/\/www.europesays.com\/es\/wp-json\/wp\/v2\/posts\/729893\/revisions"}],"wp:featuredmedia":[{"embeddable":true,"href":"https:\/\/www.europesays.com\/es\/wp-json\/wp\/v2\/media\/729894"}],"wp:attachment":[{"href":"https:\/\/www.europesays.com\/es\/wp-json\/wp\/v2\/media?parent=729893"}],"wp:term":[{"taxonomy":"category","embeddable":true,"href":"https:\/\/www.europesays.com\/es\/wp-json\/wp\/v2\/categories?post=729893"},{"taxonomy":"post_tag","embeddable":true,"href":"https:\/\/www.europesays.com\/es\/wp-json\/wp\/v2\/tags?post=729893"}],"curies":[{"name":"wp","href":"https:\/\/api.w.org\/{rel}","templated":true}]}}