{"id":729913,"date":"2026-08-25T07:24:17","date_gmt":"2026-08-25T07:24:17","guid":{"rendered":"https:\/\/www.europesays.com\/es\/729913\/"},"modified":"2026-08-25T07:24:17","modified_gmt":"2026-08-25T07:24:17","slug":"sanchez-encara-un-nuevo-curso-politico-con-la-crisis-de-ceuta-los-presupuestos-y-las-elecciones-de-2027","status":"publish","type":"post","link":"https:\/\/www.europesays.com\/es\/729913\/","title":{"rendered":"S\u00e1nchez encara un nuevo curso pol\u00edtico con la crisis de Ceuta, los Presupuestos y las elecciones de 2027"},"content":{"rendered":"<p>El nuevo curso pol\u00edtico <strong>arranca este martes 25 de agosto<\/strong> con el regreso del Gobierno a la actividad y con un primer gran asunto sobre la mesa: <a href=\"https:\/\/es.euronews.com\/my-europe\/2026\/08\/24\/espana-pide-fondos-de-emergencia-a-bruselas-para-afrontar-la-crisis-migratoria-en-ceuta\" rel=\"nofollow noopener\" target=\"_blank\">la crisis migratoria de Ceuta.<\/a> <\/p>\n<p>          <img decoding=\"async\" class=\"c-ad__placeholder__logo\" src=\"https:\/\/static.euronews.com\/website\/images\/logos\/logo-euronews-stacked-outlined-72x72-grey-9.svg\" width=\"72\" height=\"72\" alt=\"\" loading=\"lazy\"\/><br \/>\n          PUBLICIDAD<\/p>\n<p>          <img decoding=\"async\" class=\"c-ad__placeholder__logo\" src=\"https:\/\/static.euronews.com\/website\/images\/logos\/logo-euronews-stacked-outlined-72x72-grey-9.svg\" width=\"72\" height=\"72\" alt=\"\" loading=\"lazy\"\/><br \/>\n          PUBLICIDAD<\/p>\n<p>El Ejecutivo retoma su agenda <a href=\"https:\/\/es.euronews.com\/my-europe\/2026\/07\/10\/sanchez-disfrutara-de-cinco-semanas-de-vacaciones-cuanto-descansaran-los-demas-lideres-eur\" rel=\"nofollow noopener\" target=\"_blank\">despu\u00e9s del par\u00f3n estival<\/a> mientras la oposici\u00f3n mantiene la presi\u00f3n por la gesti\u00f3n de la llegada masiva de migrantes y, especialmente, por la situaci\u00f3n de <strong>los menores no acompa\u00f1ados.<\/strong><\/p>\n<p>Ocho ministros comparecer\u00e1n durante los pr\u00f3ximos d\u00edas en el Congreso para explicar la actuaci\u00f3n del Gobierno. Al margen de este asunto, S\u00e1nchez afronta un curso especialmente exigente, con los Presupuestos, la debilidad de su mayor\u00eda parlamentaria y las elecciones de 2027 como principales desaf\u00edos.<\/p>\n<p>La crisis migratoria de Ceuta abre el nuevo curso pol\u00edtico<\/p>\n<p>El reparto de los menores, la acogida de los migrantes que todav\u00eda permanecen en la ciudad y la relaci\u00f3n con Marruecos concentran buena parte del conflicto pol\u00edtico.<\/p>\n<p>Seg\u00fan las \u00faltimas cifras del Gobierno, unos <strong>5.000 migrantes permanecen todav\u00eda en Ceuta<\/strong>. Adem\u00e1s, alrededor de <a href=\"https:\/\/es.euronews.com\/my-europe\/2026\/08\/20\/desalojan-el-gran-asentamiento-de-inmigrantes-de-la-playa-del-trampolin-en-ceuta\" rel=\"nofollow noopener\" target=\"_blank\">500 han regresado al asentamiento<\/a>de El Trampol\u00edn despu\u00e9s de su desalojo, evidenciando las dificultades para encontrar una soluci\u00f3n estable.<\/p>\n<p>El Gobierno trabaja en el traslado urgente de unos 500 menores a la Pen\u00ednsula y ha habilitado recursos temporales de acogida, mientras la Ciudad Aut\u00f3noma reclama una mayor implicaci\u00f3n del Ejecutivo.<\/p>\n<p>Los Presupuestos ponen a prueba la mayor\u00eda de S\u00e1nchez<\/p>\n<p>La crisis de Ceuta ser\u00e1 solo el primer cap\u00edtulo de un curso pol\u00edtico cargado. El Gobierno tendr\u00e1 que<strong>intentar aprobar<\/strong> los Presupuestos Generales del Estado para 2027, despu\u00e9s de encadenar dificultades parlamentarias y de sufrir en julio<a href=\"https:\/\/es.euronews.com\/my-europe\/2026\/07\/23\/el-congreso-vuelve-a-rechazar-la-senda-de-deficit-con-los-votos-en-contra-del-pp-vox-y-jun\" rel=\"nofollow noopener\" target=\"_blank\"> el rechazo de la senda del d\u00e9ficit.<\/a><\/p>\n<p>El Gobierno necesita reunir apoyos para sacar adelante los Presupuestos. PP, Vox y Junts ya votaron en contra de la propuesta del Ejecutivo, una muestra de las dificultades que tendr\u00e1 S\u00e1nchez para conseguir los votos necesarios.<\/p>\n<p>2027: un a\u00f1o como m\u00e1ximo para las elecciones<\/p>\n<p>El calendario electoral a\u00f1ade presi\u00f3n al Gobierno. En 2027 habr\u00e1 <strong>tres grandes citas con las urnas<\/strong>: las elecciones municipales, las auton\u00f3micas y las generales. <\/p>\n<p>Las dos primeras est\u00e1n previstas para el <strong>23 de mayo<\/strong>, cuando los espa\u00f1oles elegir\u00e1n a sus alcaldes y tambi\u00e9n renovar\u00e1n los parlamentos de diez comunidades Asturias, Baleares, Canarias, Cantabria, Castilla-La Mancha, Comunidad Valenciana, Madrid, Murcia, Navarra y La Rioja, adem\u00e1s de las Asambleas de Ceuta y Melilla.<\/p>\n<p>Las <strong>elecciones generales llegar\u00e1n despu\u00e9s<\/strong>, salvo que S\u00e1nchez <a href=\"https:\/\/es.euronews.com\/my-europe\/2026\/05\/20\/pedro-sanchez-respalda-a-jose-luis-rodriguez-zapatero-tras-su-imputacion-todo-mi-apoyo\" rel=\"nofollow noopener\" target=\"_blank\">decida adelantar la convocatoria.<\/a> El presidente ha insistido en que habr\u00e1 comicios en 2027 y ha descartado hacerlos coincidir con las municipales y auton\u00f3micas.<\/p>\n<p>La gran inc\u00f3gnita ya no es si se votar\u00e1, sino <strong>cu\u00e1ndo se celebrar\u00e1n<\/strong> y qu\u00e9 acontecimiento puede acelerar la convocatoria.<\/p>\n<p>La fecha l\u00edmite para S\u00e1nchez<\/p>\n<p>Si S\u00e1nchez agota la legislatura, las Cortes terminar\u00e1n su mandato el 23 de julio de 2027. En ese caso, la fecha l\u00edmite para celebrar las elecciones ser\u00eda el <strong>22 de agosto de 2027<\/strong>, seg\u00fan los plazos que marca <a href=\"https:\/\/www.boe.es\/buscar\/act.php?id=BOE-A-1985-11672&amp;utm%5Fsource=chatgpt.com\" target=\"_blank\" rel=\"noreferrer nofollow noopener\">la ley electoral.<\/a><\/p>\n<p>Ese es el \u00faltimo l\u00edmite legal, aunque un domingo de agosto parece una opci\u00f3n pol\u00edticamente poco atractiva. Antes habr\u00e1 otras ventanas para un adelanto, especialmente si el Gobierno <strong>no consigue aprobar los Presupuestos<\/strong>. Por eso, las pr\u00f3ximas negociaciones parlamentarias pueden ser decisivas para determinar cu\u00e1nto durar\u00e1 realmente la legislatura.<\/p>\n<p>S\u00e1nchez y Feij\u00f3o vuelven a medir sus fuerzas<\/p>\n<p>Con el regreso del Congreso tambi\u00e9n volver\u00e1 el enfrentamiento entre Pedro S\u00e1nchez y <strong>Alberto N\u00fa\u00f1ez Feij\u00f3o<\/strong>. El primer cara a cara de la nueva etapa est\u00e1 previsto para <strong>septiembre<\/strong>, en un escenario marcado por las derrotas parlamentarias del Gobierno y por la presi\u00f3n de la oposici\u00f3n para que adelante las elecciones.<\/p>\n<p>La \u00faltima confrontaci\u00f3n entre ambos, en junio, estuvo condicionada por las investigaciones judiciales que afectan al PSOE y por la condena de Jos\u00e9 Luis \u00c1balos. <a href=\"https:\/\/es.euronews.com\/my-europe\/2026\/06\/22\/la-condena-a-abalos-desata-una-guerra-de-reacciones-que-el-pp-exprime-para-acorralar-a-san\" rel=\"nofollow noopener\" target=\"_blank\">Feij\u00f3o reclam\u00f3 entonces el final de la legislatura<\/a>, S\u00e1nchez respondi\u00f3 que todav\u00eda quedaba un a\u00f1o de mandato.<\/p>\n<p>Los tribunales, otro frente abierto<\/p>\n<p>La agenda pol\u00edtica tambi\u00e9n estar\u00e1 condicionada por las causas judiciales que afectan al PSOE y al entorno del presidente. El <a href=\"https:\/\/es.euronews.com\/my-europe\/2026\/07\/14\/caso-leire-diez-la-uco-confirma-pagos-del-psoe-por-valor-de-43225-euros-a-traves-de-interm\" rel=\"nofollow noopener\" target=\"_blank\">caso Leire D\u00edez <\/a>seguir\u00e1 avanzando en la Audiencia Nacional, mientras que la investigaci\u00f3n sobre <a href=\"https:\/\/es.euronews.com\/my-europe\/2026\/07\/20\/plus-ultra-el-empresario-julio-martinez-afirma-que-zapatero-marcaba-los-pasos-en-el-rescat\" rel=\"nofollow noopener\" target=\"_blank\">Plus Ultra<\/a> mantiene bajo escrutinio al expresidente <strong>Jos\u00e9 Luis Rodr\u00edguez Zapatero.<\/strong><\/p>\n<p>A ello se suma la reciente <strong>condena de \u00c1balos<\/strong> y las derivadas todav\u00eda abiertas del caso Koldo. Tambi\u00e9n el entorno m\u00e1s pr\u00f3ximo a Pedro S\u00e1nchez seguir\u00e1 bajo la lupa judicial. Es el caso de su esposa, <strong>Bego\u00f1a G\u00f3mez<\/strong>, est\u00e1 a la espera de que se fije <a href=\"https:\/\/es.euronews.com\/my-europe\/2026\/07\/16\/la-audiencia-nacional-sentara-en-el-banquillo-popular-a-begona-gomez-por-2-delitos\" rel=\"nofollow noopener\" target=\"_blank\">la fecha del juicio.<\/a><\/p>\n<p>El Gobierno afrontar\u00e1 as\u00ed un curso en el que la actividad parlamentaria y la batalla electoral <strong>convivir\u00e1n con investigaciones judiciale<\/strong>s que previsiblemente volver\u00e1n a ocupar buena parte del debate pol\u00edtico.<\/p>\n<p>El reloj electoral ya est\u00e1 en marcha. El nuevo curso comienza, por tanto, con varios frentes conectados entre s\u00ed: <strong>Ceuta, los Presupuestos, la debilidad parlamentaria, las causas judiciales y el calendario electoral<\/strong>. S\u00e1nchez mantiene su compromiso de llegar a 2027, pero el margen de maniobra se estrecha.<\/p>\n<p>La fecha l\u00edmite est\u00e1 fijada: 22 de agosto de 2027. Hasta entonces, el presidente conserva la capacidad de decidir cu\u00e1ndo convocar las generales, pero cada votaci\u00f3n parlamentaria y cada movimiento de sus socios puede acelerar <strong>una cuenta atr\u00e1s que ya ha comenzado.<\/strong><\/p>\n","protected":false},"excerpt":{"rendered":"El nuevo curso pol\u00edtico arranca este martes 25 de agosto con el regreso del Gobierno a la actividad&hellip;\n","protected":false},"author":2,"featured_media":729914,"comment_status":"","ping_status":"","sticky":false,"template":"","format":"standard","meta":{"footnotes":""},"categories":[8],"tags":[17,18,4486,767,894,23686,25,24,13,14,11,19,20,9,10,15,16,2959,952,23,12,21,22],"class_list":["post-729913","post","type-post","status-publish","format-standard","has-post-thumbnail","category-espana","tag-breaking-news","tag-breakingnews","tag-ceuta","tag-corrupcion","tag-crisis-migratoria","tag-elecciones-presidenciales","tag-es","tag-espana","tag-featured-news","tag-featurednews","tag-headlines","tag-latest-news","tag-latestnews","tag-news","tag-noticias","tag-noticias-destacadas","tag-noticiasdestacadas","tag-pedro-sanchez","tag-politica","tag-spain","tag-titulares","tag-ultimas-noticias","tag-ultimasnoticias"],"share_on_mastodon":{"url":"","error":""},"_links":{"self":[{"href":"https:\/\/www.europesays.com\/es\/wp-json\/wp\/v2\/posts\/729913","targetHints":{"allow":["GET"]}}],"collection":[{"href":"https:\/\/www.europesays.com\/es\/wp-json\/wp\/v2\/posts"}],"about":[{"href":"https:\/\/www.europesays.com\/es\/wp-json\/wp\/v2\/types\/post"}],"author":[{"embeddable":true,"href":"https:\/\/www.europesays.com\/es\/wp-json\/wp\/v2\/users\/2"}],"replies":[{"embeddable":true,"href":"https:\/\/www.europesays.com\/es\/wp-json\/wp\/v2\/comments?post=729913"}],"version-history":[{"count":0,"href":"https:\/\/www.europesays.com\/es\/wp-json\/wp\/v2\/posts\/729913\/revisions"}],"wp:featuredmedia":[{"embeddable":true,"href":"https:\/\/www.europesays.com\/es\/wp-json\/wp\/v2\/media\/729914"}],"wp:attachment":[{"href":"https:\/\/www.europesays.com\/es\/wp-json\/wp\/v2\/media?parent=729913"}],"wp:term":[{"taxonomy":"category","embeddable":true,"href":"https:\/\/www.europesays.com\/es\/wp-json\/wp\/v2\/categories?post=729913"},{"taxonomy":"post_tag","embeddable":true,"href":"https:\/\/www.europesays.com\/es\/wp-json\/wp\/v2\/tags?post=729913"}],"curies":[{"name":"wp","href":"https:\/\/api.w.org\/{rel}","templated":true}]}}