{"id":729917,"date":"2026-08-25T07:33:38","date_gmt":"2026-08-25T07:33:38","guid":{"rendered":"https:\/\/www.europesays.com\/es\/729917\/"},"modified":"2026-08-25T07:33:38","modified_gmt":"2026-08-25T07:33:38","slug":"contadores-a-cero-en-una-pretemporada-de-retos-e-ilusiones","status":"publish","type":"post","link":"https:\/\/www.europesays.com\/es\/729917\/","title":{"rendered":"Contadores a cero en una pretemporada de retos e ilusiones"},"content":{"rendered":"<p>Con las eliminatorias previas de las competiciones europeas ya en el horizonte y con la Supercopa LF Endesa como primer gran objetivo del curso, los 16 equipos de la competici\u00f3n inician estos d\u00edas su trabajo dispuestos a llegar al nuevo curso en la mejor forma posible. Y lo har\u00e1n con una exigente hoja de ruta en la que se encontrar\u00e1n ya con los primeros objetivos del curso.<\/p>\n<p>PABLO ROMERO \/ \u00c1REA DE COMUNICACI\u00d3N FEB<br \/>&#13;<br \/>\n<br \/>\n A la espera del retorno de las jugadoras que afrontan estos d\u00edas compromisos internacionales y pendientes a su vez de las convocatorias para los eventos oficiales del baloncesto 3&#215;3, los 16 equipos de la LF Endesa ponen estos d\u00edas en marcha sus pretemporadas con el objetivo prioritario de poder conjuntar la totalidad de sus piezas lo antes posible.<\/p>\n<p>Un intenso plan de trabajo que llevar\u00e1 a la gran mayor\u00eda de equipos a realizar entre 5 y 6 semanas de preparaci\u00f3n en las que ni tardar\u00e1n en afrontar los primeros encuentros amistosos con los que calibrar el estado real de sus plantillas.<\/p>\n<p>Intensos planes de trabajo que incluyen desde stages de concentraci\u00f3n a novedosas sesiones y que pasamos a desgranar al detalle en su camino hacia la temporada 2026\/27.<\/p>\n<p>TABLA: <a href=\"https:\/\/www.feb.es\/2026\/8\/10\/baloncesto\/tablas-mercado-oficial-fichajes-202627\/105925.aspx\" target=\"_self\" rel=\"nofollow noopener\">Mercado oficial de fichajes 2026\/27<\/a><\/p>\n<p>CALENDARIO: <a href=\"https:\/\/www.feb.es\/2025\/7\/15\/baloncesto\/endesa-traza-nuevo-camino-tras-sorteo-apasionante-calendario\/102738.aspx\" target=\"_self\" rel=\"nofollow noopener\">La nueva temporada, partido a partido<\/a><\/p>\n<p>INFORMACI\u00d3N: <a href=\"https:\/\/www.feb.es\/2026\/6\/10\/baloncesto\/asi-sera-endesa-202627-novedades-fechas-claves-temporada\/105036.aspx\" target=\"_self\" rel=\"nofollow noopener\">As\u00ed ser\u00e1 la temporada en LF Endesa<\/a><\/p>\n<p>AS\u00cd SER\u00c1 LA VUELTA AL TRABAJO DE LOS 16 EQUIPOS:<\/p>\n<p>Con el Spar Girona como el equipo m\u00e1s madrugador y la semana del lunes 24 como la elegida por la gran mayor\u00eda de equipos para el retorno al trabajo, los 16 equipos de la LF Endesa ir\u00e1n regresando a las pistas de manera escalonada con la vista puesta ya en el nuevo curso.<\/p>\n<p>&#13;<br \/>\nLUNES 17 DE AGOSTO \u2013 SPAR GIRONA:<\/p>\n<p>El inicio del trabajo: Con Ainhoa L\u00f3pez y Axelle Mercer\u00f3n como teloneras de la pretemporada con su incorporaci\u00f3n al equipo a comienzos del mes de agosto y con la llegada, solo unos d\u00edas despu\u00e9s, de Queralt Casas, Laura Quevedo y Madison Conner, el Spar Girona ha sido el equipo m\u00e1s madrugador de la LF Endesa a la hora de poder regresar al trabajo. Un grupo que inici\u00f3 su camino con las habituales revisiones m\u00e9dicas en la Cl\u00ednica Girona y que iba a pisar por primera vez la pista central de Girona-Fontajau en la ma\u00f1ana del lunes 17. La fecha elegida por un Roberto \u00cd\u00f1iguez que iniciaba as\u00ed una temporada en la que su primera prueba de fuego llegar\u00e1 realmente pronto con la eliminatoria previa de la Euroliga. Por ello, el equipo no ha demorado lo m\u00e1s m\u00ednimo el inicio de una puesta a punto en la que las primeras sesiones f\u00edsicas y t\u00e1cticas han llegado acompa\u00f1adas de las presentaciones oficiales de jugadoras como Queralt Casas, Madison Conner, Juana Camilion o la reci\u00e9n fichada Marija Lekovic. Un grupo que ha ido ganando efectivos con el paso de los d\u00edas y que se prepara ya para comenzar una segunda semana de trabajo que desembocar\u00e1 en la disputa de su primer encuentro amistoso de la pretemporada. <\/p>\n<p>Partidos amistosos: No habr\u00e1 que esperar mucho para poder ver sobre la pista a un Spar Girona que ser\u00e1 tambi\u00e9n el conjunto m\u00e1s madrugador en disputar sus primeros minutos del curso. Porque el plantel gerundense se trasladar\u00e1 este mismo viernes 28 hasta Platja d\u00b4Aro para medirse al Manresa CBF de LF2. Un calendario de encuentros de preparaci\u00f3n que continuar\u00e1 unos d\u00edas m\u00e1s tarde con un nuevo compromiso a\u00fan por determinar durante la primera semana de septiembre y que tendr\u00e1 dos nuevos choques confirmados en los d\u00edas posteriores, primero con un duelo amistoso ante el NBF Castell\u00f3 de LF Challenge en Castell\u00f3 de la Plana (12S) y, posteriormente, con la disputa en Reus de la Final de la Lliga Catalana ante el Cad\u00ed La Seu el 23 de septiembre (20:30h).<\/p>\n<p>S\u00c1BADO 22 DE AGOSTO \u2013 INVERSUS GERNIKA BIZKAIA:<\/p>\n<p>El inicio del trabajo: Ejerciendo como uno de los equipos m\u00e1s madrugadores de este nuevo curso, el Inversus Gernika ha estrenado su nueva denominaci\u00f3n a lo largo del presente fin de semana. Un equipo que inici\u00f3 su puesta a punto en el Centro Ekana de Durango con los habituales reconocimientos m\u00e9dicos y una serie de pruebas de esfuerzo y test f\u00edsicos con los que adquirir su \u201cbillete\u201d a Maloste para la ma\u00f1ana del s\u00e1bado. Todo para que Franky Garc\u00eda pudiera dirigir ya su primera sesi\u00f3n como t\u00e9cnico de un equipo que tendr\u00e1 por delante en torno a cinco semanas de trabajo para poder conjuntar sus piezas de cara a una exigente temporada. Un proyecto que tendr\u00e1 sus primeros encuentros amistosos al t\u00e9rmino de su segunda semana de preparaci\u00f3n donde el equipo tendr\u00e1 ya un buen n\u00famero de sesiones a sus espaldas como base.<\/p>\n<p>Partidos amistosos: Cinco ser\u00e1n los compromisos del Inversus Gernika en esta pretemporada siendo los tres primeros de ellos partidos amistosos y gozando los dos \u00faltimos de un car\u00e1cter oficial con la disputa de la Euskal Kopa. De este modo, el conjunto vasco saltar\u00e1 por primera vez a la pista el pr\u00f3ximo d\u00eda 5 de septiembre para medirse al conjunto franc\u00e9s del Basket Landes en la que ser\u00e1 su puesta de largo ante su afici\u00f3n. Cinco d\u00edas despu\u00e9s llegar\u00e1 el primer desplazamiento para medirse al Casademont Zaragoza en Olite (10S) y, una semana m\u00e1s tarde, el primer derbi del curso en Donosti ante el Mirai Euskotren. Ya en la semana previa al inicio liguero, el equipo afrontar\u00e1 la Euskal Kopa con un doble duelo ante Kutxabank Araski (23S) y el Mirai Euskotren (27S), ambos en Beasain. <\/p>\n<p>LUNES 24 DE AGOSTO \u2013 VALENCIA BASKET:<\/p>\n<p>El inicio del trabajo: Con su equipo perfectamente definido y sus dorsales ya repartidos, la nueva plantilla del Valencia Basket tendr\u00e1 que esperar a\u00fan alg\u00fan tiempo para poder estar al completo. Porque el vigente campe\u00f3n de Liga y Copa tendr\u00e1 que preparar de manera escalonada el inicio del nuevo curso ante la ausencia de varias de sus jugadoras debido a sus compromisos internacionales. De este modo, las cuatro semanas de preparaci\u00f3n de las que dispondr\u00e1 el equipo han dado comienzo de manera anticipada para algunas de sus jugadoras con su llegada a la ciudad desde el pasado d\u00eda 17, un desembarco que ha permitido ver ya a algunas de ellas en el Hospital Quir\u00f3nSalud Valencia donde han podido someterse a las habituales pruebas m\u00e9dicas. Anal\u00edticas, pruebas de esfuerzo, exploraciones del aparato locomotor, electrocardiogramas y ecocardiogramas con los que dejar el cuerpo a punto antes de poder pisar por primera vez las instalaciones del Roig Arena. Porque ser\u00e1 all\u00ed donde este lunes 24 el equipo se ponga por primera vez a las \u00f3rdenes de Javi Torralba para poder iniciar un trabajo que discurrir\u00e1, en su totalidad, en las magn\u00edficas instalaciones del club taronja en el propio pabell\u00f3n y en L\u00b4Alquer\u00eda. Un escenario en el que la plantilla ir\u00e1 trabajando durante algo m\u00e1s de dos semanas a la espera de su primer compromiso amistoso y contando con el refuerzo de las jugadoras del equipo de LF Challenge. <br \/>&#13;<br \/>\nTodo para poder afinar al m\u00e1ximo posible su preparaci\u00f3n de cara a la disputa de una Supercopa LF Endesa que marcar\u00e1 el inicio del nuevo curso a finales del mes de septiembre.<\/p>\n<p>Partidos amistosos: Ser\u00e1 precisamente la falta de efectivos del primer equipo la que condicione ligeramente el calendario de partidos de preparaci\u00f3n de un Valencia Basket que disputar\u00e1 \u00fanicamente dos asaltos antes de poder saltar a la pista. El primero de ellos el 12 de septiembre, en Valencia y ante el Movistar Estudiantes y, el segundo, tan solo 5 d\u00edas despu\u00e9s (17S) visitando en Palma de Mallorca al Azulmarino Mallorca. Dos test con los que preparar su primer encuentro oficial ante Casademont Zaragoza en las semifinales de la Supercopa LF Endesa el pr\u00f3ximo 26 de septiembre.<\/p>\n<p>&#13;<br \/>\nLUNES 24 DE AGOSTO \u2013 CASADEMONT ZARAGOZA:<br \/>&#13;<br \/>\n<br \/>&#13;<br \/>\n El inicio del trabajo: Con la estaci\u00f3n de Zaragoza-Delicias como eje de partida a lo largo del presente fin de semana, la nueva plantilla del Casademont Zaragoza se ha ido incorporando a lo largo de estos d\u00edas a la ciudad para poder iniciar una pretemporada compuesta por cuatro semanas de intenso trabajo. Un camino que dar\u00e1 comienzo en la ma\u00f1ana del lunes 24 cuando Carlos Cantero tome de nuevo las riendas del equipo tras su baja por paternidad para poder asentar las bases del nuevo curso. As\u00ed, el t\u00e9cnico madrile\u00f1o iniciar\u00e1 un camino que transcurrir\u00e1 en paralelo a los habituales reconocimientos m\u00e9dicos en la Cl\u00ednica Quir\u00f3nSalud de Zaragoza y en el que el trabajo f\u00edsico se alternar\u00e1 con un bal\u00f3n que ir\u00e1 ganando protagonismo con el paso de las sesiones. Una vez superada su primera semana de trabajo, el equipo aragon\u00e9s se subir\u00e1 al autob\u00fas para realizar su ya tradicional stage de pretemporada en Benasque donde el Hotel Sommos Aneto acoger\u00e1 al equipo durante 4 d\u00edas (31A-3S). Todo para poder trabajar en la construcci\u00f3n del equipo tanto dentro como fuera de la pista con la complicidad del Pirineo Aragon\u00e9s e incluyendo una visita a la Bodega Sommos. As\u00ed, el grupo seguir\u00e1 dando pasos en su cohesi\u00f3n hasta alcanzar sus primeros amistosos de pretemporada en su tercera semana de preparaci\u00f3n, <\/p>\n<p>Partidos amistosos: Sin poder contar con su equipo al completo con motivo de los compromisos internacionales de algunas de sus jugadoras, Carlos Cantero y su cuerpo t\u00e9cnico dispondr\u00e1n de cuatro encuentros de preparaci\u00f3n comprimidos en 13 d\u00edas y con los que tratar de acercar al grupo a su mejor versi\u00f3n posible de cara a la disputa de la Supercopa LF Endesa. El primero de ellos, el d\u00eda 10 en Olite (Navarra) ante el Inversus Gernika, el segundo una semana despu\u00e9s (18S) ante el Athinaikos WBC en Ejea de los Caballeros y, el tercero, ante id\u00e9ntico rival dos d\u00edas despu\u00e9s (20S) en el Trofeo Ibercaja Ciudad de Zaragoza que servir\u00e1 como presentaci\u00f3n del equipo ante su afici\u00f3n. La preparaci\u00f3n ma\u00f1a concluir\u00e1 en Torres de Berrell\u00e9n el d\u00eda 23 con un \u00faltimo compromiso ante el AzulMarino Mallorca antes de la disputa de las semifinales de la Supercopa ante el Valencia Basket (26S).<\/p>\n<p>LUNES 24 DE AGOSTO \u2013 BAXI FERROL:<\/p>\n<p>El inicio del trabajo: En un a\u00f1o importante para el crecimiento social del BAXI Ferrol con su traslado a Punta Arnela, el conjunto departamental ha ido recibiendo en estos d\u00edas previos y de manera escalonada a las que ser\u00e1n las integrantes de su plantilla para el nuevo curso. Una campa\u00f1a en la que sus jugadoras volver\u00e1n a estar a las \u00f3rdenes del hist\u00f3rico Lino L\u00f3pez y que, por el momento, dar\u00e1 comienzo sobre el parqu\u00e9 de La Malata a la espera de la mudanza definitiva del equipo a su nueva instalaci\u00f3n en torno al mes de noviembre. De este modo, el t\u00e9cnico gallego tendr\u00e1 ya en la ma\u00f1ana de este lunes a casi toda la plantilla a su disposici\u00f3n en la que ser\u00e1 la primera sesi\u00f3n de trabajo del equipo en sus instalaciones habituales. Una sesi\u00f3n que llegar\u00e1 tras someterse a los pertinentes reconocimientos m\u00e9dicos y que marcar\u00e1 el inicio de una preparaci\u00f3n compuesta por cerca de cinco semanas de trabajo y en las que la previa de Eurocup llegar\u00e1 unos d\u00edas antes del debut liguero.<\/p>\n<p>Partidos amistosos: Ser\u00e1 a lo largo de los pr\u00f3ximos d\u00edas cuando conozcamos al detalle el que ser\u00e1 el calendario de pretemporada del equipo gallego, pero por el momento, el equipo cuenta ya con dos citas fijas. Por un lado, la disputa de la Copa Galicia en A Malata los d\u00edas 11 y 12 de septiembre y, por otro, la ronda previa de la Eurocup con su doble compromiso que llevar\u00e1 al equipo a Ruman\u00eda el 24 de septiembre antes de buscar el pase en casa el 1 de octubre a tan solo unas horas del debut nacional en la LF Endesa.<\/p>\n<p>LUNES 24 DE AGOSTO \u2013 MIRAI EUSKOTREN:<br \/>&#13;<br \/>\n<br \/>&#13;<br \/>\n El inicio del trabajo: La pretemporada del Mirai Euskotren se encuentra ya en marcha en un a\u00f1o en el que las donostiarras estrenar\u00e1n denominaci\u00f3n de cara a un nuevo curso en la LF Endesa. Un equipo que fij\u00f3 su llegada a la ciudad durante los \u00faltimos d\u00edas de la pasada semana y que cumpli\u00f3 con los habituales reconocimientos m\u00e9dicos y pruebas de esfuerzo en las instalaciones de la Cl\u00ednica Ammma durante el tramo final de la semana. Todo para poder llegar en las mejores conficiones a una ma\u00f1ana de lunes en la que el equipo ha pisado por primera vez el parqu\u00e9 del Josean Gasca para ponerse a las \u00f3rdenes de una Azu Muguruza que dispondr\u00e1 de hasta cinco semanas de preparaci\u00f3n. Un periodo en el que tratar de obtener la mejor versi\u00f3n posible de sus jugadoras de cara al nuevo curso con doble sesi\u00f3n matutina en Ammma y sesiones de trabajo en pista en el Gasca.<\/p>\n<p>Partidos amistosos: Una temporada m\u00e1s, ser\u00e1 el Mirai Euskotren el equipo m\u00e1s activo de una pretemporada en la que Azu Muguruza y su cuerpo t\u00e9cnico dispondr\u00e1n de hasta ocho partidos antes del inicio del campeonato liguero. Una preparaci\u00f3n que dar\u00e1 comienzo esta misma semana recibiendo al Basket Landes franc\u00e9s (29A) antes de visitar al Kutxabank Araski en el primer derbi del curso a mediados de la pr\u00f3xima semana (4S). El Os\u00e9s Ardoi de LF Challenge ejercer\u00e1 como el tercer rival (6S), en el primero de los dos duelos consecutivos en el Gasca a donde tambi\u00e9n llegar\u00e1 el AzulMarino Mallorca (12S). El Domusa Teknik ISB de LF Challenge ser\u00e1 la siguiente prueba de las donostiarras en Bergara (17S) y el Inversus Gernika el \u00faltimo test amistoso en el Gasca (19S) antes de la disputa de la Euskal Kopa. <\/p>\n<p>MARTES 25 DE AGOSTO \u2013 INNOVA-TSN LEGAN\u00c9S:<\/p>\n<p>El inicio del trabajo: Madrugar\u00e1 el Innova-tsn Legan\u00e9s para poner en marcha su pretemporada y lo har\u00e1 para poder contar con casi cinco semanas de trabajo completas antes de la disputa de la Supercopa LF Endesa. Eso s\u00ed, el trabajo del equipo de Javi Fort se ver\u00e1 condicionado en estas primeras semanas por las idas y venidas de varias de sus jugadoras con motivos de los diferentes compromisos internacionales que asumir\u00e1n en los pr\u00f3ximos d\u00edas y que abarcar\u00e1n desde la Copa del Mundo de Berl\u00edn hasta los diferentes campeonatos 3&#215;3. De este modo, la plantilla tendr\u00e1 su primera cita en la ma\u00f1ana del martes 25 de agosto para la realizaci\u00f3n de los diferentes reconocimientos m\u00e9dicos y test f\u00edsicos pasando a citarse, tan solo unas horas despu\u00e9s, en el c\u00edrculo central del Pabell\u00f3n Europa. Un lugar que ser\u00e1 el punto de partida a su pretemporada y en el que Javi Fort y su cuerpo t\u00e9cnico comenzar\u00e1n a trabajar para poder ganarle minutos al reloj de la pretemporada desde el d\u00eda uno. Un plan de trabajo que alternar\u00e1 f\u00edsico y t\u00e1ctico durante sus primeros d\u00edas y en el que el bal\u00f3n ser\u00e1 cada vez m\u00e1s protagonista hasta la llegada de su primer encuentro de preparaci\u00f3n al t\u00e9rmino de la segunda semana de trabajo.<\/p>\n<p>Partidos amistosos: Con la disputa de la Supercopa LF Endesa oteando ya en su calendario para el \u00faltimo fin de semana de agosto, el Innova-tsn Legan\u00e9s preparar\u00e1 el inicio del nuevo curso con tres amistosos previos. El primero de ellos, todo un test de nivel ante el CAB Estepona y que llegar\u00e1 a domicilio (C\u00f3rdoba) el pr\u00f3ximo 6 de septiembre, mientras que el segundo, tendr\u00e1 lugar ya en Legan\u00e9s recibiendo al Melilla CdD de LF Challenge en el Carlos Sastre tan solo unos d\u00edas despu\u00e9s (18S). La preparaci\u00f3n del equipo concluir\u00e1 tan solo dos d\u00edas despu\u00e9s con la disputa del Torneo de la CAM ante el Movistar Estudiantes. Una cita que marcar\u00e1 el deadline a una pretemporada con la que mirar ya a su primer partido oficial del nuevo curso.<\/p>\n<p>MARTES 25 DE AGOSTO \u2013 IMPULSO 360 ESTEPONA:<\/p>\n<p>El inicio del trabajo: Con la campa\u00f1a de abonados a pleno rendimiento para su temporada de debut en Europa y las jugadoras aterrizando en la localidad desde el fin de semana previo, el Impulso 360 Estepona tiene ya todo preparado para el inicio de una ilusionante campa\u00f1a. Una temporada que dar\u00e1 comienzo en las instalaciones de Hospiten, el Servicio M\u00e9dico oficial del club y donde sus jugadoras se ir\u00e1n dando cita a lo largo de la ma\u00f1ana del lunes 24 para poder superar las diferentes pruebas m\u00e9dicas que validen su correcto estado de salud antes del inicio de la pr\u00e1ctica deportiva. Horas m\u00e1s tarde y ya con el Pabell\u00f3n Pineda como escenario, el grupo de jugadoras se pondr\u00e1 por primera vez a las \u00f3rdenes de C\u00e9sar An\u00e9as para comenzar a asentar las bases de una campa\u00f1a para la que dispondr\u00e1n de cuatro semanas completas de preparaci\u00f3n. Un trabajo al que se ir\u00e1n incorporando de manera progresiva las jugadoras internacionales con la llegada de Melisa Gretter y Tinara Moore a lo largo de la semana y a la espera de Ainhoa Gervasini. De este modo, el t\u00e9cnico ir\u00e1 completando su equipo de trabajo para poder poner la vista en los primeros encuentros de preparaci\u00f3n de la temporada a partir de su segunda semana de trabajo.<\/p>\n<p>Partidos amistosos: Tres compromisos amistosos y la disputa de la Copa Andaluc\u00eda marcar\u00e1n el camino de preparaci\u00f3n del Impulso 360 Estepona antes del inicio de una temporada que comenzar\u00e1 con adelanto con la disputa de la Fase Previa de la Eurocup el pr\u00f3ximo 24 de septiembre. Un camino que dar\u00e1 comienzo el s\u00e1bado 5 con un primer duelo a domicilio ante un Xerez CDB que debutar\u00e1 este a\u00f1o en LF2 y que continuar\u00e1 24 horas despu\u00e9s midi\u00e9ndose al Innova-tsn Legan\u00e9s en C\u00f3rdoba (6S). Una semana despu\u00e9s, el conjunto andaluz recibir\u00e1 al Hozono Global Jairis en Estepona, mientras que el d\u00eda 20 el equipo jugar\u00e1 la Final de la Copa Andaluc\u00eda ya en el Pineda y ante el vencedor de la Fase Previa entre los dos conjuntos de LF Challenge.<\/p>\n<p>MARTES 25 DE AGOSTO \u2013 KUTXABANK ARASKI:<\/p>\n<p>El inicio del trabajo: Und\u00e9cima temporada consecutiva del Kutxabank Araski en una LF Endesa que comenzar\u00e1n a preparar con el retorno de Madel\u00e9n Urieta tras la conquista del campeonato de Europa U16. Un camino que sus jugadoras han ido allanando en las horas previas con su desembarco en los Apartamentos Divan e Irenaz para iniciar as\u00ed su proceso de aclimataci\u00f3n a la ciudad. Todo ello antes de citarse de manera conjunta por primera vez en la ma\u00f1ana del martes 25 cuando la plantilla acuda al Hospital MiKS para los reconocimientos m\u00e9dicos de cada una de sus jugadoras. El paso previo a la primera gran cita del curso sobre el parqu\u00e9 de Mendizorrotza donde las pruebas f\u00edsicas a cargo del staff marcar\u00e1n el punto de partida del grupo antes de afrontar las primeras sesiones de entrenamiento con bal\u00f3n. Por delante cinco semanas de intenso trabajo en las que la llegada de los primeros amistosos supondr\u00e1 el primer banco de pruebas importante a la hora de madurar el trabajo del equipo.<\/p>\n<p>Partidos amistosos: Ser\u00e1 al t\u00e9rmino de la segunda semana de preparaci\u00f3n cuando el Kutxabank Araski dispute el que ser\u00e1 el primero de sus seis encuentros de preparaci\u00f3n midi\u00e9ndose al Mirai Euskotren en el Trofeo Olarizu (4S). El Bosonit Unibasket de LF Challenge ser\u00e1 el siguiente test de las vitorianas en Logro\u00f1o (13S), antes de viajar a Ourense para la disputa del Torneo de Ourense con Dur\u00e1n Maquinaria Ensino como primer rival (16S) y a la espera de resultados para el segundo asalto (17S). Una preparaci\u00f3n que concluir\u00e1 con la disputa de la Euskal Kopa en Beasain los d\u00edas 23 y 25 de septiembre y con Inversus Gernika y Mirai Euskotren como rivales a una semana del inicio liguero.<\/p>\n<p>MI\u00c9RCOLES 26 DE AGOSTO \u2013 AZULMARINO NEW TRAVEL:<br \/>&#13;<br \/>\n <br \/>&#13;<br \/>\nEl inicio del trabajo: El proyecto m\u00e1s ambicioso en la historia del baloncesto femenino balear ya est\u00e1 aqu\u00ed. Porque en Palma de Mallorca cuentan ya las horas para que el equipo de Alberto Antu\u00f1a salte por primera vez a la pista de son Moix para comenzar a foguear una m\u00e1s que ilusionante temporada. Un grupo de trabajo que desembarcar\u00e1 en la isla en las horas previas para superar los habituales reconocimientos m\u00e9dicos y pruebas f\u00edsicas en la Cl\u00ednica Quir\u00f3nSalud Palmaplanas y que se pondr\u00e1 por primera vez a las \u00f3rdenes del t\u00e9cnico en la ma\u00f1ana del mi\u00e9rcoles 27. Porque, a partir de ese momento, el t\u00e9cnico murciano y su staff dispondr\u00e1n de cinco semanas de trabajo que comenzar\u00e1n con una concentraci\u00f3n de una semana en Alcudia con la que trabajar ya no solo dentro de las pistas sino tambi\u00e9n fuera de ellas. El momento id\u00f3neo para integrar a los nuevos fichajes dentro del bloque de jugadoras que pertenecen en el equipo de la temporada anterior y que transcurrir\u00e1 en paralelo a unas sesiones de trabajo que ir\u00e1n madurando los esquemas de juego del equipo. D\u00edas importantes a la espera de los primeros encuentros amistosos en la tercera semana de trabajo.<\/p>\n<p>Partidos amistosos: Pendientes a\u00fan de oficializar el que ser\u00e1 su calendario completo de preparaci\u00f3n, el Azulmarino Mallorca dispondr\u00e1 de en torno a cinco encuentros de preparaci\u00f3n de cara a su primera temporada en la LF Endesa. Cuatro de ellos ya anunciados por sus rivales midi\u00e9ndose a equipos de una alta exigencia como con el Ibaeta Basket (12S), el campe\u00f3n de Liga y Copa Valencia Basket (17S), el campe\u00f3n de la Supercopa Casademont Zaragoza (23S) o el hist\u00f3rico Movistar Estudiantes (25S).<\/p>\n<p>JUEVES 27 DE AGOSTO \u2013 CAD\u00cd LA SEU:<\/p>\n<p>El inicio del trabajo: Con la Festa Major de La Seu d\u00b4Urgell dando la bienvenida al equipo, las nuevas integrantes del Cad\u00ed La Seu realizar\u00e1n su desembarco en la localidad en las horas previas a un jueves 27 de agosto en el que los reconocimientos m\u00e9dicos marcar\u00e1n el punto de partida para una nueva temporada. Una preparaci\u00f3n que llevar\u00e1 a Pepe V\u00e1zquez y su staff a dirigir el primer entrenamiento del curso en la pista anexa del Palau d\u00b4Esports donde comenzar\u00e1 a asentar las bases de una temporada que dar\u00e1 comienzo de manera oficial cinco semanas despu\u00e9s con su primer partido de Liga. Antes, el equipo deber\u00e1 superar el habitual proceso de cohesi\u00f3n como grupo y crecer como equipo sobre la pista con la colaboraci\u00f3n de los diferentes encuentros amistosos que llegar\u00e1n a partir de la segunda semana de trabajo.<\/p>\n<p>Partidos amistosos: Con la localidad de Solsona como punto de partida y el Lima-Horta Barcelona de LF Challenge como primer rival, el Cad\u00ed la Seu saltar\u00e1 por primera vez a la pista el pr\u00f3ximo d\u00eda 6 para disponer de sus primeros 40 minutos de juego del curso. Un camino que continuar\u00e1 cinco d\u00edas despu\u00e9s en Encamp (11S) ante las francesas del TMB y que llevar\u00e1 al equipo a medir fuerzas con la Penya de LF Challenge en Mollerusa el d\u00eda 19. Una preparaci\u00f3n que concluir\u00e1, ya con car\u00e1cter oficial, en la tarde del 23 de septiembre con la disputa de la Final de la Lliga Catalana en Reus ante el Spar Girona.<\/p>\n<p>VIERNES 28 DE AGOSTO \u2013 MOVISTAR ESTUDIANTES:<\/p>\n<p>El inicio del trabajo: Ser\u00e1 a lo largo de esta semana cuando el Movistar Estudiantes comience a recibir en la capital de Espa\u00f1a a las que ser\u00e1n sus nuevas jugadoras de cara al nuevo curso. Una plantilla que, como viene siendo habitual, tendr\u00e1 su primer punto de encuentro de la temporada en la Fundaci\u00f3n Jim\u00e9nez D\u00edaz donde el equipo iniciar\u00e1 el nuevo a\u00f1o con una serie de reconocimientos m\u00e9dicos, pruebas de esfuerzo y test f\u00edsicos con los que poder dar el salto a la pista tan solo unas horas despu\u00e9s. Porque ser\u00e1 el mismo viernes cuando el t\u00e9cnico Isaac Fern\u00e1ndez y su staff dirijan su primera sesi\u00f3n del curso en las instalaciones de la Caja M\u00e1gica, el espacio habitual de entrenamientos del conjunto madrile\u00f1o y en el que podr\u00e1n alternar el gimnasio con las sesiones f\u00edsicas y la actividad t\u00e1ctica en pista. De este modo, el t\u00e9cnico catal\u00e1n dispondr\u00e1 de dos semanas completas en las que asentar las bases del proyecto antes de poder gozar del primer encuentro amistoso al t\u00e9rmino de la misma. Un choque en Valencia con el que obtener las primeras probaturas de cara a una campa\u00f1a que dar\u00e1 comienzo con el debut liguero en el primer fin de semana de octubre<\/p>\n<p>Partidos amistosos: Hasta cuatro encuentros amistosos disputar\u00e1 en este tramo final del verano un Movistar Estudiantes que comenzar\u00e1 su preparaci\u00f3n subi\u00e9ndose al autob\u00fas para visitar al vigente campe\u00f3n de Liga, un Valencia Basket al que se medir\u00e1n el pr\u00f3ximo d\u00eda 12. Una semana m\u00e1s tarde, el equipo se medir\u00e1 a sus vecinas del Innova-tsn Legan\u00e9s en el Torneo de la CAM (20S) mientras que, dos d\u00edas despu\u00e9s, ser\u00e1 el Hozono Global Jairis quien ejerza como rival visitando Madrid (22S). Una preparaci\u00f3n que concluir\u00e1 tres d\u00edas despu\u00e9s con un \u00faltimo asalto en casa ante el potente proyecto del Azulmarino Mallorca (25S).<\/p>\n<p>LUNES 31 DE AGOSTO \u2013 MEINS AVENIDA:<\/p>\n<p>El inicio del trabajo: A\u00f1o nuevo, vida nueva para un Meins Avenida que estrenar\u00e1 denominaci\u00f3n durante el presente curso y que saltar\u00e1 por primera vez a la pista en la tarde del pr\u00f3ximo lunes 31. Una jornada que no ser\u00e1 ni mucho menos el primer d\u00eda en la \u201coficina\u201d para algunas de sus jugadoras quienes se ir\u00e1n incorporando de manera progresiva a la ciudad a lo largo de la semana previa para poder avanzar tanto en su proceso de adaptaci\u00f3n como en la realizaci\u00f3n de los reconocimientos m\u00e9dicos y test f\u00edsicos que marcar\u00e1n el inicio del curso. A continuaci\u00f3n, ser\u00e1 en la ma\u00f1ana del d\u00eda 31 cuando el equipo supere los reconocimientos m\u00e9dicos en HM Hospital Sant\u00edsima Trinidad antes de afrontar su primera sesi\u00f3n de trabajo en el Pabell\u00f3n W\u00fcrzburg Silvia Dom\u00ednguez. Eso s\u00ed a\u00fan si la presencia de sus jugadoras internacionales y con la ausencia de su entrenadora, una Raquel Romo que delegar\u00e1 en estos primeros d\u00edas de trabajo en su staff ante sus compromisos profesionales con la Selecci\u00f3n Femenina en el Mundial de Berl\u00edn. Un grupo que se reforzar\u00e1 con cinco jugadoras del CD Usal quienes contribuir\u00e1n activamente al crecimiento de un equipo que dispondr\u00e1 de dos semanas de trabajo completo en la ciudad antes de la disputa de sus primeros encuentros de preparaci\u00f3n.<\/p>\n<p>Partidos amistosos: Cuatro ser\u00e1n los compromisos amistosos de pretemporada de un Meins Avenida que iniciar\u00e1 su camino con el ya tradicional stage en torno al Torneo As Burgas de Ourense los d\u00edas 16 y 17 de septiembre y en el que las salmantinas se medir\u00e1n a dos equipos de la categor\u00eda. Tan solo 5 d\u00edas despu\u00e9s, el equipo vivir\u00e1 su puesta de largo ante su afici\u00f3n con el Dur\u00e1n Maquinaria Ensino como rival en el Trofeo de Ferias (22S) mientras que el \u00faltimo compromiso llegar\u00e1, ya con car\u00e1cter oficial, con la disputa de la Copa Castilla y Le\u00f3n en B\u00e9jar el 26 de septiembre. El punto final antes de su exigente debut liguero en el primer fin de semana de octubre.<\/p>\n<p>LUNES 31 DE AGOSTO \u2013 DUR\u00c1N MAQUINARIA ENSINO:<\/p>\n<p>El inicio del trabajo: El nuevo proyecto del Dur\u00e1n Maquinaria Ensino en la categor\u00eda tiene ya fecha de regreso. Porque ser\u00e1 en la ma\u00f1ana del pr\u00f3ximo lunes 31 de agosto cuando Suso Garrido cite por primera vez a sus jugadoras para que puedan vestirse de corto sobre el parqu\u00e9 del Pazo. Eso s\u00ed, no sin antes someterse a los necesarios reconocimientos m\u00e9dicos y los diferentes test f\u00edsicos que validar\u00e1n, unas horas antes, el estado de forma de su plantilla. Un grupo de jugadoras que habr\u00e1 ido llegando a la ciudad en los d\u00edas previos y que no perder\u00e1 ni un solo instante a la hora de poder saltar a la pista para poder exprimir as\u00ed sus cuatro semanas de pretemporada. Una hoja de ruta en la que los primeros amistosos llegar\u00e1n en la segunda semana de preparaci\u00f3n teniendo su \u00faltimo compromiso a una semana del inicio liguero<\/p>\n<p>Partidos amistosos: Como viene siendo habitual a lo largo de estas \u00faltimas temporadas, el Dur\u00e1n Maquinaria Ensino ser\u00e1 uno de los equipos que dispute un mayor n\u00famero de partidos a lo largo de esta pretemporada. Todo para poder llegar en la mejor forma posible a un estreno liguero que comenzar\u00e1n a preparar el fin de semana del 11-12 de septiembre con su participaci\u00f3n en la Copa Galicia donde iniciar\u00e1n su andadura midi\u00e9ndose en semifinales al Maristas Coru\u00f1a. D\u00edas despu\u00e9s llegar\u00e1 una nueva doble cita en el Torneo As Burgas de Ourense (16-17S) con Kutxabank Araski como primer rival y, posteriormente, dos nuevos amistosos como cierre, primero ante Meins Avenida en Salamanca (22S) y despu\u00e9s ante Celta Femxa Zorka ya en el Pazo (26S).<\/p>\n<p>&#13;<br \/>\nLUNES 31 DE AGOSTO \u2013 CELTA FEMXA ZORKA:<br \/>&#13;<br \/>\n<br \/>&#13;<br \/>\n El inicio del trabajo: Aunque no ser\u00e1 hasta el pr\u00f3ximo lunes 31 cuando el Celta Femxa Zorka realice su primer entrenamiento sobre el parqu\u00e9 de Navia, la pretemporada habr\u00e1 comenzado unos d\u00edas antes para algunas de las integrantes de su nueva plantilla. Concretamente para unas jugadoras locales que se someter\u00e1n a los reconocimientos m\u00e9dicos y las pruebas de esfuerzo desde el mi\u00e9rcoles 26 antes de la llegada del bloque total de la plantilla previsto para el fin de semana del 29-30. A partir de ese momento, el t\u00e9cnico ayudante Dani Nieto ser\u00e1 el encargado de liderar el trabajo en pista hasta la llegada de Cristina Cantero quien afrontar\u00e1 la Copa del Mundo de Berl\u00edn como ayudante de Miguel M\u00e9ndez en la Selecci\u00f3n Espa\u00f1ola. Un trabajo que alcanzar\u00e1 las cuatro semanas y que alternar\u00e1 el trabajo f\u00edsico con el t\u00e1ctico a la b\u00fasqueda del mayor crecimiento posible para un equipo que retornar\u00e1 con la mayor ilusi\u00f3n a una LF Endesa que comenzar\u00e1 el pr\u00f3ximo mes de octubre.<\/p>\n<p>Partidos amistosos: Cinco encuentros fijos y un sexto en funci\u00f3n de resultados. Esa ser\u00e1 la hoja de ruta que recorrer\u00e1 durante la pretemporada el equipo de una Cristina Cantero que tratar\u00e1 de llevar a su equipo en la mejor forma posible a su debut liguero. Un camino que comenzar\u00e1 con un test de adaptaci\u00f3n ante el AD Cortegada en Vilagarc\u00eda de Arousa el pr\u00f3ximo d\u00eda 9 y que seguir\u00e1 con la disputa de la Copa Galicia ante el BAXI Ferrol el viernes 11 donde el equipo buscar\u00e1 el pase a la Final (12S). Una semana m\u00e1s tarde llegar\u00e1 el Torneo Encestarias ante el SL Benfica de Portugal (18S) mientras que el d\u00eda 23, el equipo se subir\u00e1 al autob\u00fas para visitar Portugal con el Esgueira Basket como rival. La preparaci\u00f3n celeste concluir\u00e1 unos d\u00edas despu\u00e9s en Lugo con el Dur\u00e1n Maquinaria Ensino como \u00faltimo rival antes del estreno liguero (26S).<\/p>\n<p>MARTES 1 DE SEPTIEMBRE \u2013 HOZONO GLOBAL JAIRIS:<\/p>\n<p>El inicio del trabajo: Afrontar\u00e1 el Hozono Global Jairis la que ser\u00e1 su quinta temporada consecutiva en la \u00e9lite y esta dar\u00e1 comienzo en la ma\u00f1ana del pr\u00f3ximo 1 de marzo cuando su nueva plantilla se cite por primera vez en las instalaciones de Quir\u00f3nSalud Murcia. All\u00ed, el equipo deber\u00e1 superar los habituales reconocimientos m\u00e9dicos antes de poder pisar por primera vez el parqu\u00e9 del Fausto Vicent unas horas m\u00e1s tarde. Una instalaci\u00f3n en la que comenzar\u00e1n a preparar el nuevo curso y en la que Bernat Canut y su cuerpo t\u00e9cnico dispondr\u00e1n de hasta cuatro semanas de trabajo antes de llegar a la semana del estreno liguero.\u00a0 Entre medias, los cuatro compromisos amistosos planificados ejercer\u00e1n como el banco de pruebas sobre el que poder ir ajustando el plan de trabajo hacia el debut oficial.<\/p>\n<p>Partidos amistosos: De hasta cuatro encuentros dispondr\u00e1 Bernat Canut a lo largo del mes de septiembre para poder poner en forma a su equipo de cara al nuevo curso. El primero de ellos, tan solo una semana despu\u00e9s del inicio de los entrenamientos y ante un Lucentum Alicante que se estrenar\u00e1 esta temporada en la LF2. Cinco d\u00edas despu\u00e9s el equipo se desplazar\u00e1 a Fuengirola para medir fuerzas con otro conjunto con vitola europea como es el CAB Estepona antes de viajar a Matar\u00f3 el d\u00eda 17 para testar el crecimiento del Spar Girona. Una pretemporada que concluir\u00e1 para las alcantarilleras el d\u00eda 22 visitando en Madrid al Movistar Estudiantes.<\/p>\n","protected":false},"excerpt":{"rendered":"Con las eliminatorias previas de las competiciones europeas ya en el horizonte y con la Supercopa LF Endesa&hellip;\n","protected":false},"author":2,"featured_media":729918,"comment_status":"","ping_status":"","sticky":false,"template":"","format":"standard","meta":{"footnotes":""},"categories":[269],"tags":[4605,299,1918,298,4597,4613,4616,4609,4608,4610,168,4603,4606,25,24,4120,4598,4614,2713,4601,830,4599,4600,4602,4615,4617,4607,4604,23,167,4611,4612],"class_list":["post-729917","post","type-post","status-publish","format-standard","has-post-thumbnail","category-baloncesto","tag-arbitros-baloncesto","tag-baloncesto","tag-basket","tag-basketball","tag-basquet","tag-canalfeb","tag-clasificacion","tag-copa-princesa","tag-copa-principe","tag-copa-reina","tag-deportes","tag-eba","tag-entrenadores-baloncesto","tag-es","tag-espana","tag-estadisticas","tag-federacion-baloncesto","tag-jornada-virtual","tag-jugadores","tag-laeb-plata","tag-leb-oro","tag-liga-espana","tag-liga-espanola-baloncesto","tag-liga-femenina","tag-marcadores-baloncesto","tag-rankings","tag-reglas-baloncesto","tag-seleccion-baloncesto","tag-spain","tag-sports","tag-supercopa","tag-television-baloncesto"],"share_on_mastodon":{"url":"","error":"Validation failed: Text character limit of 500 exceeded"},"_links":{"self":[{"href":"https:\/\/www.europesays.com\/es\/wp-json\/wp\/v2\/posts\/729917","targetHints":{"allow":["GET"]}}],"collection":[{"href":"https:\/\/www.europesays.com\/es\/wp-json\/wp\/v2\/posts"}],"about":[{"href":"https:\/\/www.europesays.com\/es\/wp-json\/wp\/v2\/types\/post"}],"author":[{"embeddable":true,"href":"https:\/\/www.europesays.com\/es\/wp-json\/wp\/v2\/users\/2"}],"replies":[{"embeddable":true,"href":"https:\/\/www.europesays.com\/es\/wp-json\/wp\/v2\/comments?post=729917"}],"version-history":[{"count":0,"href":"https:\/\/www.europesays.com\/es\/wp-json\/wp\/v2\/posts\/729917\/revisions"}],"wp:featuredmedia":[{"embeddable":true,"href":"https:\/\/www.europesays.com\/es\/wp-json\/wp\/v2\/media\/729918"}],"wp:attachment":[{"href":"https:\/\/www.europesays.com\/es\/wp-json\/wp\/v2\/media?parent=729917"}],"wp:term":[{"taxonomy":"category","embeddable":true,"href":"https:\/\/www.europesays.com\/es\/wp-json\/wp\/v2\/categories?post=729917"},{"taxonomy":"post_tag","embeddable":true,"href":"https:\/\/www.europesays.com\/es\/wp-json\/wp\/v2\/tags?post=729917"}],"curies":[{"name":"wp","href":"https:\/\/api.w.org\/{rel}","templated":true}]}}