{"id":729933,"date":"2026-08-25T07:44:30","date_gmt":"2026-08-25T07:44:30","guid":{"rendered":"https:\/\/www.europesays.com\/es\/729933\/"},"modified":"2026-08-25T07:44:30","modified_gmt":"2026-08-25T07:44:30","slug":"nuria-roca-despide-a-su-hija-olivia-que-comienza-una-nueva-etapa-en-el-extranjero-y-ahora-que-hago-yo","status":"publish","type":"post","link":"https:\/\/www.europesays.com\/es\/729933\/","title":{"rendered":"Nuria Roca despide a su hija Olivia, que comienza una nueva etapa en el extranjero: \u00ab\u00bfY ahora qu\u00e9 hago yo?\u00bb"},"content":{"rendered":"<p id=\"ecPcPTxyX7\" data-wc=\"99\">Olivia, hija de <a class=\"hm-link ho-link\" href=\"https:\/\/www.hola.com\/actualidad\/20260708911652\/nuria-roca-juan-del-val-reaccion-fotos-vacaciones-escarpines\/\" data-mrf-recirculation=\"article-body-link\" rel=\"nofollow noopener\" target=\"_blank\">Nuria Roca y Juan del Val<\/a>, comienza una nueva etapa en su formaci\u00f3n acad\u00e9mica. A punto de cumplir 16 a\u00f1os, se marcha a estudiar al extranjero y el matrimonio no puede estar m\u00e1s feliz por ella, aunque sabe que va a echarla much\u00edsimo de menos. \u00abUffff\u2026 \u00bf<strong>y ahora qu\u00e9 hago yo<\/strong>? \u00a1Vaya dos d\u00edas intensos! Qu\u00e9 bonitos\u2026 \u00a1Cu\u00e1ntos besos, cu\u00e1ntos abrazos, cu\u00e1nta comida, jajajaja, y cu\u00e1nto amor! \u00a1Lo que te vamos a echar de menos, Olivia!\u00bb, ha escrito la presentadora junto a varias fotos de la familia al completo despidiendo a la benjamina de la casa.\u00a0<\/p>\n<p>Te recomendamosSeguir leyendo<br \/>\n <img src=\"https:\/\/www.europesays.com\/es\/wp-content\/uploads\/2026\/08\/d3c342c96699-nuria-roca2.jpg\"   width=\"1024\" height=\"768\" loading=\"lazy\" decoding=\"async\" alt=\"Nuria Roca con su hija Olivia, de 15 a\u00f1os\" fetchpriority=\"auto\" class=\"image ho-image\"\/>\u00a9 nuriarocagranellNuria Roca con su hija Olivia, de 15 a\u00f1os<\/p>\n<p id=\"eOxZqizWfHb\" data-wc=\"34\">El escritor, por su parte, ha compartido una imagen que ha emocionado a todos sus seguidores, un abrazo entre padre e hija junto al siguiente mensaje, que es el mejor de los consejos: \u00ab<strong>Disfruta<\/strong>\u00ab.<\/p>\n<p> <img src=\"https:\/\/www.europesays.com\/es\/wp-content\/uploads\/2026\/08\/40a702255a52-juan-del-val.jpg\"   width=\"922\" height=\"1024\" loading=\"lazy\" decoding=\"async\" alt=\"El abrazo de despedida de Juan del Val y su hija Olivia\" fetchpriority=\"auto\" class=\"image ho-image\"\/>\u00a9 juandelvalEl abrazo de despedida de Juan del Val y su hija Olivia<\/p>\n<p id=\"eY5tjdK21qY\" data-wc=\"121\">Olivia sigue as\u00ed los pasos de sus hermanos mayores, Juan y Pau, que tambi\u00e9n estudiaron una temporada en el extranjero. Y los de su madre, quien, antes de <a class=\"hm-link ho-link\" href=\"https:\/\/www.hola.com\/actualidad\/20260812917662\/nuria-roca-padres-casa-valencia-vacaciones-verano\/\" data-mrf-recirculation=\"article-body-link\" rel=\"nofollow noopener\" target=\"_blank\">matricularse en Arquitectura T\u00e9cnica<\/a> en la Universidad Polit\u00e9cnica de Valencia, <a class=\"hm-link ho-link\" href=\"https:\/\/www.hola.com\/actualidad\/20230404229453\/nuria-roca-felicitacion-hermana-americana\/\" data-mrf-recirculation=\"article-body-link\" rel=\"nofollow noopener\" target=\"_blank\">estuvo en Estados Unidos<\/a> y disfrut\u00f3 much\u00edsimo de la estancia. Incluso fue a un baile de graduaci\u00f3n, tal y como cont\u00f3 en El Hormiguero. \u00abYo no estaba en el \u00faltimo a\u00f1o pero conoc\u00ed a un chico que me invit\u00f3 y me puso la pulsera y todo\u00bb, record\u00f3 con cierta nostalgia. Entre risas coment\u00f3 que lo m\u00e1s dif\u00edcil del viaje fue cuidar su alimentaci\u00f3n. \u00ab<strong>All\u00ed engord\u00e9 12 kilos. Solo beb\u00eda leche con chocolate y no prob\u00e9 ni una pieza de fruta ni de verdura<\/strong>\u00ab.\u00a0<\/p>\n<p> <img src=\"https:\/\/www.europesays.com\/es\/wp-content\/uploads\/2026\/08\/3f2148384c2d-saveclipapp784181196186222836470352318096485229275020905n.jpg\"   width=\"1080\" height=\"1080\" loading=\"lazy\" decoding=\"async\" alt=\"Juan del Val despidi\u00e9ndose de su hermana Olivia en el aeropuerto\" fetchpriority=\"auto\" class=\"image ho-image\"\/>\u00a9 nuriarocagranellJuan del Val despidi\u00e9ndose de su hermana Olivia en el aeropuerto<\/p>\n<p id=\"etXC54xZKGJ\" data-wc=\"72\">Todav\u00eda es pronto para saber a qu\u00e9 se dedicar\u00e1 Olivia en un futuro. Sus hermanos, en cambio, parece que ya lo tienen decidido. Juan, de 24 a\u00f1os, estudi\u00f3 un doble grado de Publicidad y Marketing y <a class=\"hm-link ho-link\" href=\"https:\/\/www.hola.com\/actualidad\/20250926858069\/nuria-roca-hijo-juan-supervivientes-videollamada\/\" data-mrf-recirculation=\"article-body-link\" rel=\"nofollow noopener\" target=\"_blank\">trabaja desde hace varias ediciones en el departamento de producci\u00f3n de Supervivientes<\/a>. En cuanto a <a class=\"hm-link ho-link\" href=\"https:\/\/www.hola.com\/us\/\" data-mrf-recirculation=\"article-body-link\" rel=\"nofollow noopener\" target=\"_blank\">Pau, que cumplir\u00e1 21 a\u00f1os este viernes, 28 de agosto<\/a>, est\u00e1 cursando Comunicaci\u00f3n Audiovisual en Madrid y le apasiona la producci\u00f3n.\u00a0<\/p>\n<p id=\"edFyC5evRNec\" data-wc=\"46\">\u00ab<strong>No s\u00e9 lo que har\u00e1 Olivia, porque todav\u00eda no lo sabe<\/strong>, pero Juan y Pau, los dos, est\u00e1n enfocados a la comunicaci\u00f3n y los medios, aunque hay muchas parcelas dentro de este mundo\u00bb, dijo la presentadora de laSexta en una entrevista concedida a la revista\u00a0\u00a1HOLA!.\u00a0<\/p>\n<p id=\"esM5Rh0as5R\" data-wc=\"33\">Ahora, con la marcha de Olivia al extranjero, <a class=\"hm-link ho-link\" href=\"https:\/\/www.hola.com\/decoracion\/20260520902297\/nuria-roca-abre-puertas-nueva-casa-naturaleza-candeleda-avila-premio-planeta-invertido\/\" data-mrf-recirculation=\"article-body-link\" rel=\"nofollow noopener\" target=\"_blank\">la casa de Nuria y Juan<\/a> se queda m\u00e1s vac\u00eda y el matrimonio, aunque sabe que es ley de vida, siente \u00ab<strong>un poco de v\u00e9rtigo<\/strong>\u00ab.\u00a0<\/p>\n<p> <img src=\"https:\/\/www.europesays.com\/es\/wp-content\/uploads\/2026\/08\/bd1a4991619d-saveclipapp784590234186222836770352315686528667741286683n.jpg\"   width=\"1080\" height=\"1800\" loading=\"lazy\" decoding=\"async\" alt=\"Pau despidi\u00e9ndose de su hermana Olivia en el aeropuerto\" fetchpriority=\"auto\" class=\"image ho-image\"\/>\u00a9 nuriarocagranellPau despidi\u00e9ndose de su hermana Olivia en el aeropuerto<\/p>\n<p id=\"e3vgDOZpSa\" data-wc=\"69\">Seg\u00fan cont\u00f3 Nuria, Olivia estaba \u00abmuy adolescente\u00bb. \u00abYa me roba la ropa; los zapatos no puede porque calza un n\u00famero m\u00e1s que yo. S\u00ed, ya le empieza a gustar todo, claro. Me hace mucha ilusi\u00f3n, la verdad\u00bb, expres\u00f3 con orgullo. Adem\u00e1s, admiti\u00f3 que m\u00e1s que \u00abla princesa de la casa\u00bb era \u00abla presidenta\u00bb. \u00abLa que manda, \u00a1lo es todo! \u00a1Y lo malo es que lo sabe!\u00bb, a\u00f1adi\u00f3 entre risas.\u00a0<\/p>\n<p> <img src=\"https:\/\/www.europesays.com\/es\/wp-content\/uploads\/2026\/08\/ffe4781e9cd9-nuria-roca3.jpg\"   width=\"1024\" height=\"768\" loading=\"lazy\" decoding=\"async\" alt=\"Nuria Roca y Juan del Val con sus tres hijos, Juan, Pau y Olivia, que se va a estudiar al extranjero\" fetchpriority=\"auto\" class=\"image ho-image\"\/>\u00a9 nuriarocagranellNuria Roca y Juan del Val con sus tres hijos, Juan, Pau y Olivia, que se va a estudiar al extranjero<\/p>\n<p id=\"eOxCMds8Gkb\" data-wc=\"86\">Olivia vino al mundo el 8 de octubre de 2010 en Madrid para cumplir el sue\u00f1o de la presentadora, ya que <a class=\"hm-link ho-link\" href=\"https:\/\/www.hola.com\/actualidad\/20230421230504\/nuria-roca-hija-olivia-adolescencia\/\" data-mrf-recirculation=\"article-body-link\" rel=\"nofollow noopener\" target=\"_blank\">siempre quiso tener una ni\u00f1a y llamarla as\u00ed<\/a>, seg\u00fan cont\u00f3 su marido en un post de Instagram. Cuando naci\u00f3 y pos\u00f3 con ella en brazos ante los medios, Nuria dijo: \u00abNo le saco parecido todav\u00eda, aunque me han dicho que se parece bastante a m\u00ed\u00bb. Con el paso de los a\u00f1os, en cambio, son muchos los que piensan que <a class=\"hm-link ho-link\" href=\"https:\/\/www.hola.com\/actualidad\/20210630192311\/nuria-roca-presume-hija\/\" data-mrf-recirculation=\"article-body-link\" rel=\"nofollow noopener\" target=\"_blank\">es un calco de su padre<\/a>.\u00a0<\/p>\n","protected":false},"excerpt":{"rendered":"Olivia, hija de Nuria Roca y Juan del Val, comienza una nueva etapa en su formaci\u00f3n acad\u00e9mica. A&hellip;\n","protected":false},"author":2,"featured_media":729934,"comment_status":"","ping_status":"","sticky":false,"template":"","format":"standard","meta":{"footnotes":""},"categories":[91],"tags":[517,146,147,25,24,4260,4259,23],"class_list":["post-729933","post","type-post","status-publish","format-standard","has-post-thumbnail","category-entretenimiento","tag-actualidad","tag-entertainment","tag-entretenimiento","tag-es","tag-espana","tag-juan-del-val","tag-nuria-roca","tag-spain"],"share_on_mastodon":{"url":"https:\/\/pubeurope.com\/@es\/117155036487072110","error":""},"_links":{"self":[{"href":"https:\/\/www.europesays.com\/es\/wp-json\/wp\/v2\/posts\/729933","targetHints":{"allow":["GET"]}}],"collection":[{"href":"https:\/\/www.europesays.com\/es\/wp-json\/wp\/v2\/posts"}],"about":[{"href":"https:\/\/www.europesays.com\/es\/wp-json\/wp\/v2\/types\/post"}],"author":[{"embeddable":true,"href":"https:\/\/www.europesays.com\/es\/wp-json\/wp\/v2\/users\/2"}],"replies":[{"embeddable":true,"href":"https:\/\/www.europesays.com\/es\/wp-json\/wp\/v2\/comments?post=729933"}],"version-history":[{"count":0,"href":"https:\/\/www.europesays.com\/es\/wp-json\/wp\/v2\/posts\/729933\/revisions"}],"wp:featuredmedia":[{"embeddable":true,"href":"https:\/\/www.europesays.com\/es\/wp-json\/wp\/v2\/media\/729934"}],"wp:attachment":[{"href":"https:\/\/www.europesays.com\/es\/wp-json\/wp\/v2\/media?parent=729933"}],"wp:term":[{"taxonomy":"category","embeddable":true,"href":"https:\/\/www.europesays.com\/es\/wp-json\/wp\/v2\/categories?post=729933"},{"taxonomy":"post_tag","embeddable":true,"href":"https:\/\/www.europesays.com\/es\/wp-json\/wp\/v2\/tags?post=729933"}],"curies":[{"name":"wp","href":"https:\/\/api.w.org\/{rel}","templated":true}]}}