{"id":729939,"date":"2026-08-25T07:47:16","date_gmt":"2026-08-25T07:47:16","guid":{"rendered":"https:\/\/www.europesays.com\/es\/729939\/"},"modified":"2026-08-25T07:47:16","modified_gmt":"2026-08-25T07:47:16","slug":"que-significa-farmear-aura-la-tendencia-viral-de-tiktok-que-en-realidad-tiene-siglos-de-historia","status":"publish","type":"post","link":"https:\/\/www.europesays.com\/es\/729939\/","title":{"rendered":"Qu\u00e9 significa \u00abfarmear aura\u00bb, la tendencia viral de TikTok que en realidad tiene siglos de historia"},"content":{"rendered":"<p> ARTE<\/p>\n<p>Acumular \u00abpuntos de aura\u00bb se ha convertido en un juego viral para medir el carisma, el estilo o la capacidad de impresionar sin parecer que se intenta. Aunque TikTok le ha puesto nombre y marcador, la obsesi\u00f3n por proyectar una imagen especial viene de mucho antes.<\/p>\n<p class=\"articleSignature-name\"> The Conversation <\/p>\n<p class=\"articleSignature-datecontent\"> Madrid  |    <strong>25.08.2026 09:08 <\/strong>  <\/p>\n<p><img loading=\"lazy\" decoding=\"async\" title=\" La recepci\u00f3n del Gran Cond\u00e9 por Luis XIV (Versalles, 1674), de Jean-L\u00e9on G\u00e9r\u00f4me\" alt=\" La recepci\u00f3n del Gran Cond\u00e9 por Luis XIV (Versalles, 1674), de Jean-L\u00e9on G\u00e9r\u00f4me\" width=\"480\" height=\"270\" src=\"https:\/\/www.europesays.com\/es\/wp-content\/uploads\/2026\/08\/recepcion-gran-conde-luis-xiv-versalles-1674-jean-leon-gerome_70.jpg\"\/> La recepci\u00f3n del Gran Cond\u00e9 por Luis XIV (Versalles, 1674), de Jean-L\u00e9on G\u00e9r\u00f4me | Mus\u00e9e d&#8217;Orsay<\/p>\n","protected":false},"excerpt":{"rendered":"ARTE Acumular \u00abpuntos de aura\u00bb se ha convertido en un juego viral para medir el carisma, el estilo&hellip;\n","protected":false},"author":2,"featured_media":729940,"comment_status":"","ping_status":"","sticky":false,"template":"","format":"standard","meta":{"footnotes":""},"categories":[42],"tags":[17,18,13,14,11,61,62,63,64,19,20,9,10,15,16,2922,5889,12,21,22,4619,65,66,67],"class_list":["post-729939","post","type-post","status-publish","format-standard","has-post-thumbnail","category-internacional","tag-breaking-news","tag-breakingnews","tag-featured-news","tag-featurednews","tag-headlines","tag-internacional","tag-international","tag-international-news","tag-internationalnews","tag-latest-news","tag-latestnews","tag-news","tag-noticias","tag-noticias-destacadas","tag-noticiasdestacadas","tag-tendencias","tag-tiktok","tag-titulares","tag-ultimas-noticias","tag-ultimasnoticias","tag-viral","tag-world","tag-world-news","tag-worldnews"],"share_on_mastodon":{"url":"https:\/\/pubeurope.com\/@es\/117155047636929820","error":""},"_links":{"self":[{"href":"https:\/\/www.europesays.com\/es\/wp-json\/wp\/v2\/posts\/729939","targetHints":{"allow":["GET"]}}],"collection":[{"href":"https:\/\/www.europesays.com\/es\/wp-json\/wp\/v2\/posts"}],"about":[{"href":"https:\/\/www.europesays.com\/es\/wp-json\/wp\/v2\/types\/post"}],"author":[{"embeddable":true,"href":"https:\/\/www.europesays.com\/es\/wp-json\/wp\/v2\/users\/2"}],"replies":[{"embeddable":true,"href":"https:\/\/www.europesays.com\/es\/wp-json\/wp\/v2\/comments?post=729939"}],"version-history":[{"count":0,"href":"https:\/\/www.europesays.com\/es\/wp-json\/wp\/v2\/posts\/729939\/revisions"}],"wp:featuredmedia":[{"embeddable":true,"href":"https:\/\/www.europesays.com\/es\/wp-json\/wp\/v2\/media\/729940"}],"wp:attachment":[{"href":"https:\/\/www.europesays.com\/es\/wp-json\/wp\/v2\/media?parent=729939"}],"wp:term":[{"taxonomy":"category","embeddable":true,"href":"https:\/\/www.europesays.com\/es\/wp-json\/wp\/v2\/categories?post=729939"},{"taxonomy":"post_tag","embeddable":true,"href":"https:\/\/www.europesays.com\/es\/wp-json\/wp\/v2\/tags?post=729939"}],"curies":[{"name":"wp","href":"https:\/\/api.w.org\/{rel}","templated":true}]}}