{"id":729953,"date":"2026-08-25T07:59:19","date_gmt":"2026-08-25T07:59:19","guid":{"rendered":"https:\/\/www.europesays.com\/es\/729953\/"},"modified":"2026-08-25T07:59:19","modified_gmt":"2026-08-25T07:59:19","slug":"asi-dejo-nicole-kidman-de-ver-su-pelo-rojo-y-sus-pecas-como-un-problema-solia-ir-a-clubes-trans-alli-es-donde-aprendi-a-peinarme-y-maquillarme","status":"publish","type":"post","link":"https:\/\/www.europesays.com\/es\/729953\/","title":{"rendered":"As\u00ed dej\u00f3 Nicole Kidman de ver su pelo rojo y sus pecas como un problema: \u00abSol\u00eda ir a clubes trans. All\u00ed es donde aprend\u00ed a peinarme y maquillarme\u00bb"},"content":{"rendered":"<p id=\"etAT4Ec5lS\" data-wc=\"84\">Las pecas y el pelo rojo forman parte de la imagen de <a class=\"hm-link ho-link\" href=\"https:\/\/www.hola.com\/biografias\/nicole-kidman\" data-mrf-recirculation=\"article-body-link\" rel=\"nofollow noopener\" target=\"_blank\">Nicole Kidman<\/a> tanto como su piel clara o aquella melena rizada con la que comenz\u00f3 su carrera. Mucho antes de convertirse en una de las actrices m\u00e1s reconocibles de Hollywood, esos mismos rasgos ocupaban otro lugar en su relaci\u00f3n con el espejo. Kidman ha recordado ahora que <strong>fue en los clubes trans donde aprendi\u00f3 a peinarse, maquillarse y descubrir las posibilidades de una apariencia que durante su juventud la hac\u00eda sentirse diferente<\/strong>.<\/p>\n<p id=\"e5g5sq2Pr8\" data-wc=\"71\">\u00abSol\u00eda ir a clubes trans. All\u00ed es donde aprend\u00ed a peinarme y maquillarme\u00bb, cuenta la actriz en una entrevista con British Vogue. Kidman recuerda que se sentaba all\u00ed como \u00abuna ni\u00f1a pelirroja, con la cara llena de pecas\u00bb y dejaba que trabajaran con su imagen. Le pon\u00edan pesta\u00f1as, alisaban su cabello, a\u00f1ad\u00edan postizos y jugaban con el maquillaje. <strong>\u00abSal\u00eda de all\u00ed y me sent\u00eda guapa. Sent\u00eda que me hab\u00eda transformado\u00bb<\/strong>, explica.<\/p>\n<p id=\"e-u920Mkn1x\" data-wc=\"23\">Su recuerdo abre una cuesti\u00f3n muy interesante: <strong>\u00bfen qu\u00e9 momento una caracter\u00edstica f\u00edsica pasa a convertirse en algo que sentimos que debemos corregir?<\/strong><\/p>\n<p> <img src=\"https:\/\/www.europesays.com\/es\/wp-content\/uploads\/2026\/08\/74cd5c6ca2bd-gettyimages-51084092.jpg\"   width=\"1080\" height=\"1800\" loading=\"lazy\" decoding=\"async\" alt=\"Iptc Caption: SYDNEY - DECEMBER 01: AUSTRALIAN ACTRESS NICOLE KIDMAN AT A PRIVATE PHOTO SESSION FOLLOWING THE RELEASE OF HER MOVIE 'BMX BANDIT' IN SYDNEY\" fetchpriority=\"auto\" class=\"image ho-image\"\/>\u00a9 Getty ImagesNicole Kidman en su juventud, con su caracter\u00edstico cabello pelirrojo y rizado. La actriz recuerda que entonces sus pecas y su pelo rojo eran rasgos que la hac\u00edan sentirse diferente.<br \/>\nNicole Kidman y c\u00f3mo aprendemos a convertir un rasgo f\u00edsico en un defecto<\/p>\n<p id=\"eXKXSACcw9\" data-wc=\"55\">Una ni\u00f1a puede mirar sus <a class=\"hm-link ho-link\" href=\"https:\/\/www.hola.com\/belleza\/20260504890426\/pecas-restan-anios-naturales\" data-mrf-recirculation=\"article-body-link\" rel=\"nofollow noopener\" target=\"_blank\">pecas<\/a> como una caracter\u00edstica m\u00e1s de su cara hasta que los comentarios, los referentes o los c\u00e1nones que la rodean les conceden otro significado. Lo mismo sucede con el <a class=\"hm-link ho-link\" href=\"https:\/\/www.hola.com\/tags\/pelo-rizado\" data-mrf-recirculation=\"article-body-link\" rel=\"nofollow noopener\" target=\"_blank\">pelo rizado<\/a>, una nariz grande, unas cejas pobladas o cualquier caracter\u00edstica que se aleje del ideal de belleza de cada \u00e9poca.<\/p>\n<p id=\"eklqZsRvcw\" data-wc=\"98\">\u00abMuchas veces no empezamos rechazando un rasgo f\u00edsico porque haya algo objetivamente malo en \u00e9l, sino porque aprendemos a mirarlo a trav\u00e9s de los ojos de los dem\u00e1s\u00bb, explica Ana Gal\u00e1n. Durante la infancia y la adolescencia, se\u00f1ala, construimos nuestra autoimagen a partir de comparaciones, comentarios, modelos de belleza y de las reacciones que recibimos del entorno. Si aquello que nos diferencia recibe bromas, correcciones o queda fuera de lo que entendemos como bonito, podemos acabar interpret\u00e1ndolo como un defecto. <strong>\u00abMuchas veces no queremos cambiar nuestro aspecto; queremos dejar de sentir que hay algo malo en \u00e9l\u00bb, apunta.<\/strong><\/p>\n<p id=\"e45m0fjYDB\" data-wc=\"64\">Gal\u00e1n introduce adem\u00e1s la necesidad de pertenencia que aparece cuando somos j\u00f3venes. \u00abParecernos al grupo proporciona cierta sensaci\u00f3n de seguridad, mientras que destacar puede hacernos sentir m\u00e1s expuestos\u00bb. Por eso, explica, unas pecas, un determinado tipo de pelo o una nariz concreta pueden adquirir una gran carga emocional. \u00abEl problema no est\u00e1 en el rasgo, sino en el significado que hemos aprendido a darle\u00bb.<\/p>\n<p id=\"eIxWFnTwhr\" data-wc=\"49\">Las pecas son un ejemplo de hasta qu\u00e9 punto el canon condiciona lo que interpretamos como bello. Durante a\u00f1os se cubrieron con bases de alta cobertura y correctores. Es curioso como ahora han llegado las pieles transparentes y se venden hasta l\u00e1pices para dibujarlas o tratamientos destinados a recrearlas.<\/p>\n<p> <img src=\"https:\/\/www.europesays.com\/es\/wp-content\/uploads\/2026\/08\/b1ec64f29e01-gettyimages-108928476.jpg\"   width=\"1080\" height=\"1800\" loading=\"lazy\" decoding=\"async\" alt=\"NEW YORK, NY - FEBRUARY 08:  Nicole Kidman attends the premiere of &quot;Just Go With It&quot; at the Ziegfeld Theatre on February 8, 2011 in New York City\" fetchpriority=\"auto\" class=\"image ho-image\"\/>\u00a9 Getty ImagesNicole Kidman con una melena larga en un intenso tono cobrizo<br \/>\n\u00a0Nicole Kidman y lo que ocurre cuando alguien celebra aquello que quer\u00edamos esconder<\/p>\n<p id=\"e5ElBqWg1Q\" data-wc=\"73\"><strong>Los clubes trans le ofrecieron a Nicole un espacio donde el cabello, las pesta\u00f1as, el maquillaje y la ropa pod\u00edan funcionar como herramientas de transformaci\u00f3n y expresi\u00f3n<\/strong>. Desde la <a class=\"hm-link ho-link\" href=\"https:\/\/www.hola.com\/tags\/psicologia\" data-mrf-recirculation=\"article-body-link\" rel=\"nofollow noopener\" target=\"_blank\">psicolog\u00eda<\/a>, entrar en un entorno donde un rasgo que hemos aprendido a esconder recibe una valoraci\u00f3n distinta puede abrir una nueva forma de relacionarnos con \u00e9l. La experiencia incorpora otras referencias y permite cuestionar ideas sobre nuestra apariencia que llev\u00e1bamos tiempo asumiendo como ciertas.<\/p>\n<p id=\"e6ieloqeuy\" data-wc=\"80\"><strong>La mirada de quienes nos rodean participa en la construcci\u00f3n de la nuestra<\/strong>. Por eso, cambiar de contexto puede modificar tambi\u00e9n la forma en la que interpretamos nuestro reflejo. Ana Gal\u00e1n se\u00f1ala un mecanismo psicol\u00f3gico que ayuda a entender por qu\u00e9 una idea sobre nuestro f\u00edsico puede acompa\u00f1arnos durante a\u00f1os: \u00abNuestro cerebro tiende a confirmar aquello que ya cree. Si durante a\u00f1os pensamos que una caracter\u00edstica nuestra es poco atractiva, prestaremos mucha m\u00e1s atenci\u00f3n a cualquier experiencia que parezca demostrarlo\u00bb.<\/p>\n<p id=\"eMUboAuXe4\" data-wc=\"36\">\u00abCuando empezamos a relacionarnos con personas o ambientes que nos ofrecen referencias distintas, aparecen nuevas evidencias que pueden cuestionar esa creencia\u00bb, explica la psic\u00f3loga. \u00abNo cambia nuestro f\u00edsico; cambia el significado psicol\u00f3gico que le hab\u00edamos atribuido\u00bb.<\/p>\n<p> <img src=\"https:\/\/www.europesays.com\/es\/wp-content\/uploads\/2026\/08\/791d0d115712-gettyimages-1133149363.jpg\"   width=\"1080\" height=\"1800\" loading=\"lazy\" decoding=\"async\" alt=\"NEW YORK, NY - MARCH 27:  Actress Nicole Kidman is seen on set  filming The Undoing in Central Park on March 27, 2019 in New York City\" fetchpriority=\"auto\" class=\"image ho-image\"\/>\u00a9 Getty ImagesNicole Kidman con una voluminosa melena rizada y pelirroja<br \/>\nNicole Kidman y la diferencia entre maquillarse para esconderse o para expresarse<\/p>\n<p id=\"eNTjaa-xmi\" data-wc=\"32\">\u00abLa diferencia fundamental no est\u00e1 tanto en maquillarse o no hacerlo, sino en desde qu\u00e9 lugar lo hacemos\u00bb, explica Ana Gal\u00e1n. \u00abPodemos realizar exactamente la misma conducta con motivaciones psicol\u00f3gicas completamente distintas\u00bb.<\/p>\n<p id=\"eFbq-02dv1\" data-wc=\"119\">Una base, un corrector o una m\u00e1scara de pesta\u00f1as pueden formar parte del placer de experimentar con nuestra imagen. Tambi\u00e9n pueden convertirse en productos que sentimos imprescindibles para permitirnos mostrar una parte concreta del rostro. Gal\u00e1n pone el foco en la motivaci\u00f3n: <strong>\u00abNo es lo mismo maquillarnos porque nos apetece, porque disfrutamos experimentando con nuestra imagen o porque queremos potenciar determinados rasgos, que sentir que necesitamos hacerlo para que una parte de nosotros no se vea\u00bb<\/strong>. Cuando el maquillaje nace del rechazo, explica la psic\u00f3loga, puede aparecer una sensaci\u00f3n de necesidad. Determinadas partes de nuestra apariencia pasan a ocupar un espacio asociado a la verg\u00fcenza o la inseguridad y mostrarlas puede llegar a condicionar algunas situaciones de nuestra vida.<\/p>\n<p id=\"eFfhFAEbEH\" data-wc=\"34\">\u00abCuando lo utilizamos como una herramienta de expresi\u00f3n existe mucha m\u00e1s libertad: podemos maquillarnos, jugar con nuestra imagen y tambi\u00e9n decidir un d\u00eda no hacerlo sin sentir que nuestro valor cambia por ello\u00bb, se\u00f1ala.<\/p>\n<p id=\"eu02zCsEMr\" data-wc=\"101\">Para Martha Obeo, maquilladora experta en televisi\u00f3n y novias, la diferencia est\u00e1 en el prop\u00f3sito con el que escogemos los productos. \u00abCreo que cambia la intenci\u00f3n del maquillaje: dejamos de usarlo para corregir y empezamos a usarlo para realzar lo que nos hace diferentes\u00bb. Pecas, textura de la piel o color de pelo pasan as\u00ed de ser elementos que cubrir a convertirse en parte del resultado. \u00ab<strong>Cuando respetamos estos elementos, el resultado es m\u00e1s fresco, natural y personal<\/strong>\u00ab, explica Obeo. \u00abEl maquillaje no deber\u00eda hacer que no nos reconozcamos, sino ayudarnos a ver nuestra belleza desde otro lugar m\u00e1s natural\u00bb, resume.<\/p>\n<p> <img src=\"https:\/\/www.europesays.com\/es\/wp-content\/uploads\/2026\/08\/9d0b647588f2-gettyimages-104069610.jpg\"   width=\"1080\" height=\"1800\" loading=\"lazy\" decoding=\"async\" alt=\"TORONTO, ON - SEPTEMBER 13:  Actress Nicole Kidman attends the &quot;Black Swan&quot; Premiere held at Roy Thomson Hall during the 35th Toronto International Film Festival on September 13, 2010 in Toronto, Canada\" fetchpriority=\"auto\" class=\"image ho-image\"\/>\u00a9 Getty ImagesLa actriz ha contado que fue en los clubes trans donde aprendi\u00f3 algunos de sus primeros trucos de maquillaje y peluquer\u00eda<br \/>\nC\u00f3mo maquillar las pecas de Nicole Kidman para que sigan siendo protagonistas<\/p>\n<p id=\"egIzw6AEtg\" data-wc=\"54\">Si las pecas forman parte de nuestro rostro y queremos conservarlas, <strong>la experta recomienda \u00abunificar sin cubrir\u00bb<\/strong>. Obeo apuesta por \u00abuna hidratante con color, skin tint o base ligera y modulable\u00bb, con una aplicaci\u00f3n centrada en aquellas zonas donde aparecen rojeces o diferencias de tono. Adem\u00e1s, aconseja usar el corrector \u00absiempre de forma localizada\u00bb.\u00a0<\/p>\n<p id=\"eLXSlHDH3ai\" data-wc=\"58\">Para la maquilladora, la textura del producto es clave. Obeo <strong>recomienda f\u00f3rmulas \u00abfluidas, ligeras y luminosas\u00bb para trabajar el tono de la piel mientras las pecas conservan su protagonismo<\/strong>. \u00bfY si alguna desaparece bajo el producto? Tambi\u00e9n tiene soluci\u00f3n. \u00abPodemos recuperarla sutilmente con un l\u00e1piz fino, como el de You Are The Princess o Sephora\u00bb, apunta la maquilladora.<\/p>\n","protected":false},"excerpt":{"rendered":"Las pecas y el pelo rojo forman parte de la imagen de Nicole Kidman tanto como su piel&hellip;\n","protected":false},"author":2,"featured_media":729954,"comment_status":"","ping_status":"","sticky":false,"template":"","format":"standard","meta":{"footnotes":""},"categories":[174],"tags":[3451,255,146,147,25,24,256,5517,8306,1600,23],"class_list":["post-729953","post","type-post","status-publish","format-standard","has-post-thumbnail","category-famosos","tag-belleza","tag-celebrities","tag-entertainment","tag-entretenimiento","tag-es","tag-espana","tag-famosos","tag-maquillaje","tag-nicole-kidman","tag-psicologia","tag-spain"],"share_on_mastodon":{"url":"https:\/\/pubeurope.com\/@es\/117155095074685220","error":""},"_links":{"self":[{"href":"https:\/\/www.europesays.com\/es\/wp-json\/wp\/v2\/posts\/729953","targetHints":{"allow":["GET"]}}],"collection":[{"href":"https:\/\/www.europesays.com\/es\/wp-json\/wp\/v2\/posts"}],"about":[{"href":"https:\/\/www.europesays.com\/es\/wp-json\/wp\/v2\/types\/post"}],"author":[{"embeddable":true,"href":"https:\/\/www.europesays.com\/es\/wp-json\/wp\/v2\/users\/2"}],"replies":[{"embeddable":true,"href":"https:\/\/www.europesays.com\/es\/wp-json\/wp\/v2\/comments?post=729953"}],"version-history":[{"count":0,"href":"https:\/\/www.europesays.com\/es\/wp-json\/wp\/v2\/posts\/729953\/revisions"}],"wp:featuredmedia":[{"embeddable":true,"href":"https:\/\/www.europesays.com\/es\/wp-json\/wp\/v2\/media\/729954"}],"wp:attachment":[{"href":"https:\/\/www.europesays.com\/es\/wp-json\/wp\/v2\/media?parent=729953"}],"wp:term":[{"taxonomy":"category","embeddable":true,"href":"https:\/\/www.europesays.com\/es\/wp-json\/wp\/v2\/categories?post=729953"},{"taxonomy":"post_tag","embeddable":true,"href":"https:\/\/www.europesays.com\/es\/wp-json\/wp\/v2\/tags?post=729953"}],"curies":[{"name":"wp","href":"https:\/\/api.w.org\/{rel}","templated":true}]}}