{"id":729955,"date":"2026-08-25T08:00:52","date_gmt":"2026-08-25T08:00:52","guid":{"rendered":"https:\/\/www.europesays.com\/es\/729955\/"},"modified":"2026-08-25T08:00:52","modified_gmt":"2026-08-25T08:00:52","slug":"una-vivienda-de-chiclana-reconocida-con-un-accesit-en-los-premios-de-arquitectura-y-urbanismo-de-castilla-y-leon","status":"publish","type":"post","link":"https:\/\/www.europesays.com\/es\/729955\/","title":{"rendered":"Una vivienda de Chiclana, reconocida con un acc\u00e9sit en los Premios de Arquitectura y Urbanismo de Castilla y Le\u00f3n"},"content":{"rendered":"<p class=\"paragraph-atom&#10;        &#10;        B-510-400-550-N B-525-400-700-N--md&#10;        &#10;        \">\n    Una vivienda, que se encuentra situada en la urbanizaci\u00f3n Los Gallos-Cerromolino, ha sido reconocida en los <strong>XIV Premios de Arquitectura y Urbanismo de Castilla y Le\u00f3n<\/strong>, que organiza el Colegio Oficial de Arquitectos de Le\u00f3n (COAL), al recibir un acc\u00e9sit en la categor\u00eda de trabajos realizados fuera de esta comunidad aut\u00f3noma.\n    <\/p>\n<p class=\"paragraph-atom&#10;        &#10;        B-510-400-550-N B-525-400-700-N--md&#10;        &#10;        \">\n    Se trata de la Casa-Cortijo Urbano, un proyecto del arquitecto <strong>Jos\u00e9 Manuel Mart\u00ednez Rodr\u00edguez<\/strong>, doctor y profesor de la Escuela T\u00e9cnica Superior de Arquitectura de Valladolid (ETSAV), que plantea un edificio unifamiliar de una sola planta en una parcela de 500 metros, concebido en torno a un patio y que toma como referencia la arquitectura tradicional de los <strong>cortijos de los pueblos blancos de C\u00e1diz.<\/strong>\n    <\/p>\n<p class=\"paragraph-atom&#10;        &#10;        B-510-400-550-N B-525-400-700-N--md&#10;        &#10;        \">\n    En la descripci\u00f3n del proyecto, Mart\u00ednez Rodr\u00edguez detalla que \u201ctoda la vida de la casa se vuelca hacia el interior del patio. Todo pasa por el patio. El clima permite pasar de unas zonas a otras por el exterior.<strong> Una escalera comunica este con un peque\u00f1o estudio y una azotea<\/strong> desde la que se divisa el mar de pinos de la bah\u00eda de Sancti Petri\u201d.\n    <\/p>\n<p class=\"paragraph-atom&#10;        &#10;        B-510-400-550-N B-525-400-700-N--md&#10;        &#10;        \">\n    Y a\u00f1ade: \u201c<strong>La construcci\u00f3n de la vivienda se ejecuta mediante una estructura prefabricada de madera de pino, <\/strong>con muros de carga formados por entramados de madera y forjados de viguetas transversales. Este sistema constructivo, de car\u00e1cter ligero y eficiente, se adapta perfectamente al entorno, minimizando el impacto ambiental y aprovechando las cualidades de la madera como material sostenible. La construcci\u00f3n prefabricada tambi\u00e9n permite una mayor rapidez en la ejecuci\u00f3n y un control preciso de la calidad\u201d.\n    <\/p>\n<p>                                                            <img decoding=\"async\" loading=\"lazy\" src=\"https:\/\/www.europesays.com\/es\/wp-content\/uploads\/2026\/08\/7cc850e1-b87b-4b34-af5d-814ba28f5d9b_16-9-aspect-ratio_1600w_0.jpg\" alt=\"Exterior de la vivienda.\" title=\"Exterior de la vivienda.\" height=\"900\" width=\"1600\"\/><\/p>\n<p>            Exterior de la vivienda.<\/p>\n<p class=\"paragraph-atom&#10;        &#10;        B-510-400-550-N B-525-400-700-N--md&#10;        &#10;        \">\n    Por otro lado, en esta categor\u00eda<strong> result\u00f3 ganador el proyecto de la Capilla para el Seminario Mayor de Plasencia<\/strong>, mientras que el m\u00e1ximo galard\u00f3n, el Premio de Arquitectura de Castilla y Le\u00f3n 2024-2025, fue para el Centro de Recepci\u00f3n de Visitantes de Clunia Sulpicia, en Burgos, obra de los arquitectos Antonio Tejedor Cabrera y Mercedes Linares G\u00f3mez del Pulgar.\n    <\/p>\n<p class=\"paragraph-atom&#10;        &#10;        B-510-400-550-N B-525-400-700-N--md&#10;        &#10;        \">\n    El acc\u00e9sit obtenido por la Casa-Cortijo Urbano se suma a<strong> una extensa trayectoria profesional de Jos\u00e9 Manuel Mart\u00ednez Rodr\u00edguez<\/strong>, cuya obra ha recibido numerosos reconocimientos arquitect\u00f3nicos.\n    <\/p>\n<p class=\"paragraph-atom&#10;        &#10;        B-510-400-550-N B-525-400-700-N--md&#10;        &#10;        \">\n    Entre ellos figuran varios de estos premios en diferentes ediciones, as\u00ed como en los<strong> Premios Enor de Arquitectura<\/strong> y otras convocatorias nacionales. Su trabajo tambi\u00e9n ha sido publicado en revistas especializadas y libros dedicados a la arquitectura contempor\u00e1nea.\n    <\/p>\n<p class=\"paragraph-atom&#10;        &#10;        B-510-400-550-N B-525-400-700-N--md&#10;        &#10;        \">\n    En cuanto a los proyectos desarrollados por su estudio, se encuentran <strong>el Pabell\u00f3n de Castilla y Le\u00f3n en la Expo 92 de Sevilla,<\/strong> el Edificio de Viviendas para la Diputaci\u00f3n de Burgos, el Vivero de Empresas para la C\u00e1mara de Comercio de Valladolid y el Centro C\u00edvico Municipal de Boecillo, entre otros muchos.\n    <\/p>\n","protected":false},"excerpt":{"rendered":"Una vivienda, que se encuentra situada en la urbanizaci\u00f3n Los Gallos-Cerromolino, ha sido reconocida en los XIV Premios&hellip;\n","protected":false},"author":2,"featured_media":729956,"comment_status":"","ping_status":"","sticky":false,"template":"","format":"standard","meta":{"footnotes":""},"categories":[173],"tags":[129884,229,233,231,230,62175,232,234,146,147,25,24,532,9089,23,3633],"class_list":["post-729955","post","type-post","status-publish","format-standard","has-post-thumbnail","category-arte-y-diseno","tag-accesit","tag-arte","tag-arte-y-diseno","tag-arts","tag-arts-and-design","tag-chiclana","tag-design","tag-diseno","tag-entertainment","tag-entretenimiento","tag-es","tag-espana","tag-premios","tag-reconocida","tag-spain","tag-vivienda"],"share_on_mastodon":{"url":"https:\/\/pubeurope.com\/@es\/117155102826133369","error":""},"_links":{"self":[{"href":"https:\/\/www.europesays.com\/es\/wp-json\/wp\/v2\/posts\/729955","targetHints":{"allow":["GET"]}}],"collection":[{"href":"https:\/\/www.europesays.com\/es\/wp-json\/wp\/v2\/posts"}],"about":[{"href":"https:\/\/www.europesays.com\/es\/wp-json\/wp\/v2\/types\/post"}],"author":[{"embeddable":true,"href":"https:\/\/www.europesays.com\/es\/wp-json\/wp\/v2\/users\/2"}],"replies":[{"embeddable":true,"href":"https:\/\/www.europesays.com\/es\/wp-json\/wp\/v2\/comments?post=729955"}],"version-history":[{"count":0,"href":"https:\/\/www.europesays.com\/es\/wp-json\/wp\/v2\/posts\/729955\/revisions"}],"wp:featuredmedia":[{"embeddable":true,"href":"https:\/\/www.europesays.com\/es\/wp-json\/wp\/v2\/media\/729956"}],"wp:attachment":[{"href":"https:\/\/www.europesays.com\/es\/wp-json\/wp\/v2\/media?parent=729955"}],"wp:term":[{"taxonomy":"category","embeddable":true,"href":"https:\/\/www.europesays.com\/es\/wp-json\/wp\/v2\/categories?post=729955"},{"taxonomy":"post_tag","embeddable":true,"href":"https:\/\/www.europesays.com\/es\/wp-json\/wp\/v2\/tags?post=729955"}],"curies":[{"name":"wp","href":"https:\/\/api.w.org\/{rel}","templated":true}]}}