{"id":730029,"date":"2026-08-25T09:02:14","date_gmt":"2026-08-25T09:02:14","guid":{"rendered":"https:\/\/www.europesays.com\/es\/730029\/"},"modified":"2026-08-25T09:02:14","modified_gmt":"2026-08-25T09:02:14","slug":"de-los-37-grados-de-murcia-a-los-22-de-leon-la-aemet-confirma-que-espera-para-este-martes-un-desplome-termico-en-el-norte-mientras-el-calor-aprieta-en-el-litoral-mediterraneo-y-baleares","status":"publish","type":"post","link":"https:\/\/www.europesays.com\/es\/730029\/","title":{"rendered":"De los 37 grados de Murcia a los 22 de Le\u00f3n: la AEMET confirma que espera para este martes un desplome t\u00e9rmico en el norte mientras el calor aprieta en el litoral mediterr\u00e1neo y Baleares"},"content":{"rendered":"<p>La previsi\u00f3n de la <b>AEMET para el martes<\/b> 25 de agosto deja dos escenarios. Las altas presiones ganar\u00e1n terreno en gran parte de la Pen\u00ednsula y Baleares, pero Asturias y el nordeste de Galicia seguir\u00e1n bajo la influencia de los chubascos. La AEMET no descarta que las precipitaciones sean localmente fuertes y vengan acompa\u00f1adas de tormenta.<\/p>\n<p>El resto del pa\u00eds tendr\u00e1 una jornada con <b>cielos poco nubosos y claros<\/b>. En la mitad oeste se formar\u00e1n nubes bajas y brumas a primera hora, mientras que por la tarde aumentar\u00e1n las nubes hacia el noroeste. En Canarias predominar\u00e1n los cielos poco nubosos o despejados, seg\u00fan los datos de la AEMET.<\/p>\n<p>La diferencia entre el norte y el Mediterr\u00e1neo tambi\u00e9n se notar\u00e1 en los term\u00f3metros. <b>Las m\u00e1ximas bajar\u00e1n en el Cant\u00e1brico<\/b> y Galicia, con un descenso que puede ser notable en el Cant\u00e1brico oriental, mientras subir\u00e1n en Baleares, Andaluc\u00eda y los litorales mediterr\u00e1neos. Las m\u00ednimas caer\u00e1n, en especial en la mitad este peninsular, seg\u00fan la AEMET.<\/p>\n<p>Las lluvias se concentran en el noroeste<\/p>\n<p><b>El episodio m\u00e1s activo quedar\u00e1 ce\u00f1ido<\/b> a Asturias y al nordeste gallego. La AEMET prev\u00e9 all\u00ed cielos nubosos o muy nubosos, con lluvia d\u00e9bil o moderada e intermitente que puede ganar intensidad. Una <a title=\"borrasca de agosto\" href=\"https:\/\/www.larazon.es\/el-tiempo\/borrasca-inusual-agosto-avanza-espana-centro-nacional-huracanes-estados-unidos-vigila-evolucion-atlantico-b50m_202608216a88794371b42a0b5dfcf649.html\" target=\"_blank\" rel=\"nofollow noopener\">borrasca de agosto<\/a> ha marcado los \u00faltimos d\u00edas; el resto de Espa\u00f1a tender\u00e1 a estabilizarse.<\/p>\n<p>Tambi\u00e9n podr\u00e1n aparecer brumas matinales en Galicia, el sudoeste, el Estrecho y los litorales del nordeste. <b>La visibilidad puede reducirse a primera hora<\/b> en zonas de monta\u00f1a de la mitad occidental, donde tampoco se descarta ese fen\u00f3meno. En el mar de Albor\u00e1n habr\u00e1 calima d\u00e9bil, mientras que en el resto de la Pen\u00ednsula el protagonismo ser\u00e1 para las nubes altas y los claros.<\/p>\n<p>El viento soplar\u00e1 del suroeste en la Pen\u00ednsula y Baleares, flojo o moderado, con posibilidad de intervalos fuertes en la mitad norte. <b>Las rachas perder\u00e1n fuerza al final de la tarde<\/b>. En el litoral mediterr\u00e1neo y Baleares entrar\u00e1 viento de componente sur desde las horas centrales; en el Cant\u00e1brico ser\u00e1 del oeste y en Albor\u00e1n se espera poniente moderado. El alisio seguir\u00e1 moderado en Canarias.<\/p>\n<p>El term\u00f3metro se dispara en el Mediterr\u00e1neo<\/p>\n<p>La AEMET sit\u00faa los valores m\u00e1s altos en los prelitorales de Valencia, la vega del Segura y Baleares, donde se podr\u00e1n superar los 35 grados. <b>Murcia alcanzar\u00e1 los 37 grados<\/b>, la m\u00e1xima m\u00e1s elevada entre las capitales, seguida de Girona y Granada, con 36. El contraste con el descenso t\u00e9rmico de d\u00edas previos se suma a lo recogido en <a title=\"otro aviso\" href=\"https:\/\/www.larazon.es\/el-tiempo\/tiempo-cambia-este-viernes-espana-aemet-alerta-tormentas-fuertes-mucho-menos-calor-b50m_202608216a87ddb5a5690f0473864f94.html\" target=\"_blank\" rel=\"nofollow noopener\">otro aviso<\/a>.<\/p>\n<p>Val\u00e8ncia llegar\u00e1 a 35 grados; Alicante, Albacete y Zaragoza marcar\u00e1n 34, y Barcelona, Palma, C\u00f3rdoba, Lleida y Tarragona se quedar\u00e1n en 33. <b>El calor se concentrar\u00e1 junto al Mediterr\u00e1neo<\/b> y en puntos del sur, una distribuci\u00f3n distinta a la de los episodios de <a title=\"ola de calor\" href=\"https:\/\/www.larazon.es\/el-tiempo\/ola-calor-directo-sigue-ultima-hora-avisos-aemet-subida-temperaturas-b50m_202606216a36767a9b079e64f690fe76.html?outputType=amp\" target=\"_blank\" rel=\"nofollow noopener\">ola de calor<\/a> registrados este verano.<\/p>\n<p>En cambio, las capitales del noroeste tendr\u00e1n m\u00e1ximas mucho m\u00e1s contenidas: Le\u00f3n llegar\u00e1 a 22 grados, A Coru\u00f1a, Lugo y Pontevedra a 23, Santander a 24 y Oviedo a 25. Bilbao se quedar\u00e1 en 27. <b>El descenso ser\u00e1 visible en la franja cant\u00e1brica<\/b>, mientras las m\u00ednimas bajar\u00e1n en buena parte del pa\u00eds, lejos de los registros de <a title=\"calor nocturno\" href=\"https:\/\/www.larazon.es\/el-tiempo\/plena-ola-calor-aemet-insta-ciudadanos-estas-7-localidades-prepararse-dormir-30-mas-grados-esta-noche-b50m_202606216a37fee39b079e64f6922c6e.html?outputType=amp\" target=\"_blank\" rel=\"nofollow noopener\">calor nocturno<\/a> de junio.<\/p>\n<p>Canarias apenas notar\u00e1 cambios: Las Palmas de Gran Canaria tendr\u00e1 entre 23 y 27 grados y Santa Cruz de Tenerife, entre 24 y 30. La predicci\u00f3n de la <b>AEMET mantiene un alisio moderado<\/b> en el archipi\u00e9lago y un cielo poco nuboso o despejado, una situaci\u00f3n alejada de las tormentas previstas para el noroeste peninsular.<\/p>\n","protected":false},"excerpt":{"rendered":"La previsi\u00f3n de la AEMET para el martes 25 de agosto deja dos escenarios. Las altas presiones ganar\u00e1n&hellip;\n","protected":false},"author":2,"featured_media":730030,"comment_status":"","ping_status":"","sticky":false,"template":"","format":"standard","meta":{"footnotes":""},"categories":[8],"tags":[2980,121618,17,18,13193,25,24,13,14,11,19,20,9,10,15,16,23,6195,12,21,22,1793],"class_list":["post-730029","post","type-post","status-publish","format-standard","has-post-thumbnail","category-espana","tag-aemet","tag-b51m","tag-breaking-news","tag-breakingnews","tag-el-tiempo","tag-es","tag-espana","tag-featured-news","tag-featurednews","tag-headlines","tag-latest-news","tag-latestnews","tag-news","tag-noticias","tag-noticias-destacadas","tag-noticiasdestacadas","tag-spain","tag-temperaturas","tag-titulares","tag-ultimas-noticias","tag-ultimasnoticias","tag-verano"],"share_on_mastodon":{"url":"https:\/\/pubeurope.com\/@es\/117155341496364946","error":""},"_links":{"self":[{"href":"https:\/\/www.europesays.com\/es\/wp-json\/wp\/v2\/posts\/730029","targetHints":{"allow":["GET"]}}],"collection":[{"href":"https:\/\/www.europesays.com\/es\/wp-json\/wp\/v2\/posts"}],"about":[{"href":"https:\/\/www.europesays.com\/es\/wp-json\/wp\/v2\/types\/post"}],"author":[{"embeddable":true,"href":"https:\/\/www.europesays.com\/es\/wp-json\/wp\/v2\/users\/2"}],"replies":[{"embeddable":true,"href":"https:\/\/www.europesays.com\/es\/wp-json\/wp\/v2\/comments?post=730029"}],"version-history":[{"count":0,"href":"https:\/\/www.europesays.com\/es\/wp-json\/wp\/v2\/posts\/730029\/revisions"}],"wp:featuredmedia":[{"embeddable":true,"href":"https:\/\/www.europesays.com\/es\/wp-json\/wp\/v2\/media\/730030"}],"wp:attachment":[{"href":"https:\/\/www.europesays.com\/es\/wp-json\/wp\/v2\/media?parent=730029"}],"wp:term":[{"taxonomy":"category","embeddable":true,"href":"https:\/\/www.europesays.com\/es\/wp-json\/wp\/v2\/categories?post=730029"},{"taxonomy":"post_tag","embeddable":true,"href":"https:\/\/www.europesays.com\/es\/wp-json\/wp\/v2\/tags?post=730029"}],"curies":[{"name":"wp","href":"https:\/\/api.w.org\/{rel}","templated":true}]}}