{"id":730037,"date":"2026-08-25T09:13:24","date_gmt":"2026-08-25T09:13:24","guid":{"rendered":"https:\/\/www.europesays.com\/es\/730037\/"},"modified":"2026-08-25T09:13:24","modified_gmt":"2026-08-25T09:13:24","slug":"georgina-rodriguez-adopta-a-los-tres-hijos-mayores-de-cristiano-ronaldo-y-se-convierte-legalmente-en-su-mama","status":"publish","type":"post","link":"https:\/\/www.europesays.com\/es\/730037\/","title":{"rendered":"Georgina Rodr\u00edguez adopta a los tres hijos mayores de Cristiano Ronaldo y se convierte legalmente en su mam\u00e1"},"content":{"rendered":"<p>\n          Georgina ya es mam\u00e1 de dos hijas con Cristiano Ronaldo<\/p>\n<p>Adem\u00e1s de Cristiano Jr., Eva y Mateo, Georgina es madre de Alana Martina y Bella Esmeralda, sus dos hijas biol\u00f3gicas con Ronaldo.<\/p>\n<p>La pareja tambi\u00e9n atraves\u00f3 una de las experiencias m\u00e1s dolorosas de su vida en 2022, cuando muri\u00f3 \u00c1ngel, el hermano gemelo de Bella, durante el parto. Desde entonces, Georgina y Cristiano han hablado en distintas ocasiones sobre c\u00f3mo esa p\u00e9rdida marc\u00f3 profundamente a toda la familia.<\/p>\n<p>Actualmente, los cinco hijos forman parte habitual de la vida p\u00fablica de la pareja y aparecen juntos en fotograf\u00edas familiares, viajes y celebraciones.<\/p>\n<p>             <img loading=\"lazy\" decoding=\"async\" src=\"https:\/\/www.europesays.com\/es\/wp-content\/uploads\/2026\/08\/1787649204_381_.webp\" class=\"lazyload\" alt=\"georgina-rodriguez-alana-cumplean\u0303os-8.jpg\"  data- width=\"600\" height=\"315\"\/> <\/p>\n<p>              Georgina Rodr\u00edguez celebr\u00f3 el cumplea\u00f1os 8 de su hija Alana Martina.<br \/>\n              (Instagram)<\/p>\n<p>La propia Georgina ha convertido la maternidad en uno de los ejes de su vida. En Soy Georgina, el reality de Netflix que sigue su vida personal, familiar y profesional, los ni\u00f1os ocupan tambi\u00e9n un lugar importante.<\/p>\n<p>De confirmarse oficialmente la adopci\u00f3n, Georgina pasar\u00eda a tener un v\u00ednculo legal como madre con los cinco hijos vivos de Cristiano Ronaldo, adem\u00e1s del v\u00ednculo biol\u00f3gico que tiene con Alana y Bella.<\/p>\n<p>Por ahora, la informaci\u00f3n permanece en manos de los medios que han reportado el supuesto proceso y no existe una declaraci\u00f3n p\u00fablica de la pareja que confirme oficialmente la adopci\u00f3n.<\/p>\n","protected":false},"excerpt":{"rendered":"Georgina ya es mam\u00e1 de dos hijas con Cristiano Ronaldo Adem\u00e1s de Cristiano Jr., Eva y Mateo, Georgina&hellip;\n","protected":false},"author":2,"featured_media":730038,"comment_status":"","ping_status":"","sticky":false,"template":"","format":"standard","meta":{"footnotes":""},"categories":[174],"tags":[255,146,147,25,24,2793,256,23],"class_list":["post-730037","post","type-post","status-publish","format-standard","has-post-thumbnail","category-famosos","tag-celebrities","tag-entertainment","tag-entretenimiento","tag-es","tag-espana","tag-espectaculos","tag-famosos","tag-spain"],"share_on_mastodon":{"url":"https:\/\/pubeurope.com\/@es\/117155386075282930","error":""},"_links":{"self":[{"href":"https:\/\/www.europesays.com\/es\/wp-json\/wp\/v2\/posts\/730037","targetHints":{"allow":["GET"]}}],"collection":[{"href":"https:\/\/www.europesays.com\/es\/wp-json\/wp\/v2\/posts"}],"about":[{"href":"https:\/\/www.europesays.com\/es\/wp-json\/wp\/v2\/types\/post"}],"author":[{"embeddable":true,"href":"https:\/\/www.europesays.com\/es\/wp-json\/wp\/v2\/users\/2"}],"replies":[{"embeddable":true,"href":"https:\/\/www.europesays.com\/es\/wp-json\/wp\/v2\/comments?post=730037"}],"version-history":[{"count":0,"href":"https:\/\/www.europesays.com\/es\/wp-json\/wp\/v2\/posts\/730037\/revisions"}],"wp:featuredmedia":[{"embeddable":true,"href":"https:\/\/www.europesays.com\/es\/wp-json\/wp\/v2\/media\/730038"}],"wp:attachment":[{"href":"https:\/\/www.europesays.com\/es\/wp-json\/wp\/v2\/media?parent=730037"}],"wp:term":[{"taxonomy":"category","embeddable":true,"href":"https:\/\/www.europesays.com\/es\/wp-json\/wp\/v2\/categories?post=730037"},{"taxonomy":"post_tag","embeddable":true,"href":"https:\/\/www.europesays.com\/es\/wp-json\/wp\/v2\/tags?post=730037"}],"curies":[{"name":"wp","href":"https:\/\/api.w.org\/{rel}","templated":true}]}}