{"id":730105,"date":"2026-08-25T10:05:21","date_gmt":"2026-08-25T10:05:21","guid":{"rendered":"https:\/\/www.europesays.com\/es\/730105\/"},"modified":"2026-08-25T10:05:21","modified_gmt":"2026-08-25T10:05:21","slug":"ramis-pitos-eso-tenemos-que-cambiarlo-nosotros","status":"publish","type":"post","link":"https:\/\/www.europesays.com\/es\/730105\/","title":{"rendered":"Ramis: \u201c\u00bfPitos? Eso tenemos que cambiarlo nosotros\u201d"},"content":{"rendered":"<p>\n        El entrenador de Osasuna, <a href=\"https:\/\/www.noticiasdenavarra.com\/tags\/luis-miguel-ramis\/\" title=\"Luis Miguel Ramis\" class=\"link copy\" rel=\"nofollow noopener\" target=\"_blank\">Luis Miguel Ramis<\/a>, reconoci\u00f3 ayer en la sala de prensa de <strong>El Sadar<\/strong> que a su equipo le falt\u00f3 \u201cfluidez y circulaci\u00f3n\u201d ante el <strong>Levante<\/strong> en el debut liguero esta temporada que se sald\u00f3 con un <strong>empate sin goles<\/strong>, aunque destac\u00f3 que \u201cmantener la porter\u00eda a cero me gusta, porque eso quiere decir que ha habido un trabajo defensivo en cuanto a organizaci\u00f3n bueno\u201d y admiti\u00f3 que \u201c<strong>ofensivamente nos falta fluidez, soltura y atrevimiento<\/strong>\u201d.\n<\/p>\n<p class=\"article-body__text \">\n        El t\u00e9cnico tarraconense se march\u00f3 <strong>medianamente satisfecho con el punto<\/strong>, pero tuvo que responder a una cuesti\u00f3n peliaguda relacionada con los <a href=\"https:\/\/www.noticiasdenavarra.com\/osasuna\/2026\/08\/25\/analisis-osasuna-levante-inquietud-inicio-11466219.html\" title=\"pitos que la afici\u00f3n dedic\u00f3 al equipo\" class=\"link copy\" rel=\"nofollow noopener\" target=\"_blank\">pitos que la afici\u00f3n dedic\u00f3 al equipo<\/a>, sobre todo a la finalizaci\u00f3n del encuentro. \u201cYo tambi\u00e9n he visto mucho empuje, mucho aplauso y muchas situaciones en las que nos han llevado en volandas hacia adelante\u201d, respondi\u00f3 de salida Ramis, aunque confesando a continuaci\u00f3n, sobre los abucheos de la grada de El Sadar, que \u201ceso tenemos que cambiarlo nosotros\u201d. A\u00f1adi\u00f3 el preparador rojillo que \u201cest\u00e1n en su derecho de manifestar lo que sienten\u201d y explic\u00f3 que a veces los pitos los usa en el vestuario para <strong>espabilar a los futbolistas<\/strong> en busca de una mejora.\n<\/p>\n<p class=\"article-body__text \">\n        Ramis coment\u00f3 que su equipo estuvo \u201cbien en estructura\u201d. \u201cEl partido nos ped\u00eda control al principio, pero el campo ha ayudado poco. La idea era buscar un partido m\u00e1s de control que de ir al espacio. Hemos visto bastantes cosas de las que trabajamos\u201d, dijo, a\u00f1adiendo que \u201cnos hemos ido con buenas sensaciones, pero sabiendo que tenemos que <strong>seguir dando pasos adelante<\/strong>\u201d.\n<\/p>\n<p class=\"article-body__text \">\n        Sobre el estado del <strong>c\u00e9sped de El Sadar<\/strong>, en bastantes malas condiciones y con mucha arena, Ramis se explay\u00f3 y mand\u00f3 un mensaje para quien se encarga de su cuidado. Al ser cuestionado por esta situaci\u00f3n, el entrenador de Osasuna respondi\u00f3 que \u201clos campos necesitan sol, agua y cari\u00f1o: sol y agua tenemos, por lo tanto entiendo que a lo mejor hay que darle un poco m\u00e1s de cari\u00f1o para que mejore\u201d. Y para acabar tambi\u00e9n se quej\u00f3 del <strong>calendario<\/strong>, pues Osasuna vuelve a jugar el jueves en <strong>Vigo<\/strong>.\n<\/p>\n<p class=\"article-body__text \">\n        Iker Mu\u00f1oz afirm\u00f3 estar \u201ccontento con el <strong>esfuerzo del equipo<\/strong>\u201d tras el empate a cero de ayer lunes ante el Levante en El Sadar. \u201cEs de valorar el partido y el punto porque el equipo ha hecho un partido serio. Con bal\u00f3n hemos estado bastante bien y a veces nos ha faltado claridad. Me voy contento con el esfuerzo del equipo\u201d, analiz\u00f3 el centrocampista de Osasuna, que a\u00f1adi\u00f3 que \u201cme encuentro bien y me centro m\u00e1s en lo colectivo. Intentaremos sacar los <strong>tres puntos en Bala\u00eddos<\/strong>\u201d.\n<\/p>\n<p class=\"article-body__text \">\n        Jonathan Dubasin dispuso ayer lunes de sus <strong>primeros minutos oficiales como futbolista de Osasuna<\/strong>, mostr\u00e1ndose \u201cmuy agradecido a toda la gente y a mis compa\u00f1eros que me han ayudado en el debut\u201d.\n<\/p>\n<p class=\"article-body__text \">\n        El lateral formado en <strong>Tajonar<\/strong> dijo que \u201chemos tenido ocasiones para meter y es una pena que no hayan entrado\u201d.<\/p>\n","protected":false},"excerpt":{"rendered":"El entrenador de Osasuna, Luis Miguel Ramis, reconoci\u00f3 ayer en la sala de prensa de El Sadar que&hellip;\n","protected":false},"author":2,"featured_media":730106,"comment_status":"","ping_status":"","sticky":false,"template":"","format":"standard","meta":{"footnotes":""},"categories":[93],"tags":[50859,168,25,24,82459,107539,23,167],"class_list":["post-730105","post","type-post","status-publish","format-standard","has-post-thumbnail","category-deportes","tag-cambiarlo","tag-deportes","tag-es","tag-espana","tag-pitos","tag-ramis","tag-spain","tag-sports"],"share_on_mastodon":{"url":"https:\/\/pubeurope.com\/@es\/117155589749355940","error":""},"_links":{"self":[{"href":"https:\/\/www.europesays.com\/es\/wp-json\/wp\/v2\/posts\/730105","targetHints":{"allow":["GET"]}}],"collection":[{"href":"https:\/\/www.europesays.com\/es\/wp-json\/wp\/v2\/posts"}],"about":[{"href":"https:\/\/www.europesays.com\/es\/wp-json\/wp\/v2\/types\/post"}],"author":[{"embeddable":true,"href":"https:\/\/www.europesays.com\/es\/wp-json\/wp\/v2\/users\/2"}],"replies":[{"embeddable":true,"href":"https:\/\/www.europesays.com\/es\/wp-json\/wp\/v2\/comments?post=730105"}],"version-history":[{"count":0,"href":"https:\/\/www.europesays.com\/es\/wp-json\/wp\/v2\/posts\/730105\/revisions"}],"wp:featuredmedia":[{"embeddable":true,"href":"https:\/\/www.europesays.com\/es\/wp-json\/wp\/v2\/media\/730106"}],"wp:attachment":[{"href":"https:\/\/www.europesays.com\/es\/wp-json\/wp\/v2\/media?parent=730105"}],"wp:term":[{"taxonomy":"category","embeddable":true,"href":"https:\/\/www.europesays.com\/es\/wp-json\/wp\/v2\/categories?post=730105"},{"taxonomy":"post_tag","embeddable":true,"href":"https:\/\/www.europesays.com\/es\/wp-json\/wp\/v2\/tags?post=730105"}],"curies":[{"name":"wp","href":"https:\/\/api.w.org\/{rel}","templated":true}]}}